{"id":7975,"date":"2020-11-04T18:28:26","date_gmt":"2020-11-04T15:28:26","guid":{"rendered":"http:\/\/mersinekonomipolitikagazetesi.com\/?p=7975"},"modified":"2020-11-04T18:28:26","modified_gmt":"2020-11-04T15:28:26","slug":"mersin-sehir-tiyatrosu-yeni-sezon-hazirliklarina-basladi","status":"publish","type":"post","link":"https:\/\/akdenizolaygazetesi.com\/?p=7975","title":{"rendered":"Mersin \u015eehir Tiyatrosu yeni sezon haz\u0131rl\u0131klar\u0131na ba\u015flad\u0131"},"content":{"rendered":"<p>Mersin B\u00fcy\u00fck\u015fehir Belediyesi \u015eehir Tiyatrosu ekibi, b\u00fcy\u00fck bir istek ve heyecanla yeni sezona haz\u0131rlan\u0131yor.<br \/>\n\u00a0<br \/>\nK\u00fclt\u00fcr ve Sosyal \u0130\u015fler Dairesi Ba\u015fkanl\u0131\u011f\u0131 Koordinat\u00f6r\u00fc Bengi \u0130spir \u00d6zd\u00fclger, \u015eehir Tiyatrolar\u0131 Genel Sanat Y\u00f6netmeni Murat Atak, K\u00fclt\u00fcr ve Sosyal \u0130\u015fler Dairesi Ba\u015fkanl\u0131\u011f\u0131 \u015eehir Tiyatrolar\u0131 ve Sinema \u015eube Koordinat\u00f6r\u00fc Alev Tol\u2019un kat\u0131l\u0131m\u0131yla ger\u00e7ekle\u015ftirilen toplant\u0131n\u0131n ard\u0131ndan Mersin B\u00fcy\u00fck\u015fehir Belediyesi \u015eehir Tiyatrosu sanat ve teknik ekibi, ilk provalar\u0131n\u0131 ger\u00e7ekle\u015ftirdi.\u00a0<br \/>\nB\u00fcy\u00fck\u015fehir Belediyesi, 28 A\u011fustos ve 30 A\u011fustos g\u00fcn\u00fc ger\u00e7ekle\u015ftirilecek iki etkinlik ile Zafer Bayram\u0131 co\u015fkusunu Mersinli sanatseverlerle birlikte ya\u015fayacak. Sosyal mesafe ve hijyen kurallar\u0131na dikkat edilecek etkinlikler, a\u00e7\u0131k havada ger\u00e7ekle\u015ftirilecek. 28 A\u011fustos g\u00fcn\u00fc \u00d6zgecan Aslan Bar\u0131\u015f Meydan\u0131\u2019nda ba\u015flayan sanat etkinlikleri, 30 A\u011fustos Zafer Bayram\u0131nda K\u00fclt\u00fcr Park i\u00e7erisindeki amfi tiyatroda devam edecek.<br \/>\n\u00a0<br \/>\n\u201cYeni sezonumuzu a\u00e7t\u0131k, provalar\u0131m\u0131za ba\u015flad\u0131k\u201d\u00a0<\/p>\n<p>K\u00fclt\u00fcr ve Sosyal \u0130\u015fler Dairesi Koordinat\u00f6r\u00fc Bengi \u0130spir \u00d6zd\u00fclger, 20 y\u0131l \u00f6nce kurulan B\u00fcy\u00fck\u015fehir Belediyesi \u015eehir Tiyatrolar\u0131n\u0131n k\u0131sa s\u00fcre \u00f6nce ger\u00e7ekle\u015ftirdi\u011fi s\u0131navla yeniden yap\u0131lanma s\u00fcrecine girdi\u011fini, var olan ekip ve yeni ekip ile bir b\u00fct\u00fcn olarak yeni sezon haz\u0131rl\u0131klar\u0131na ba\u015flad\u0131klar\u0131n\u0131 ifade ederek, \u201cBu do\u011frultuda da yeni sezonumuzu a\u00e7t\u0131k, provalar\u0131m\u0131za ba\u015fl\u0131yoruz. Yeni arkada\u015flar\u0131m\u0131z ve birimimizde var olan arkada\u015flar\u0131m\u0131zla birlikte bir tan\u0131\u015fma toplant\u0131s\u0131 ger\u00e7ekle\u015ftirdik. 30 A\u011fustos Zafer Bayram\u0131n\u0131 kutlamak ad\u0131na ilk temsilimizi yapmay\u0131 hedefliyoruz. \u00c7ok mutlu ve gururluyum. Bu hayalimizi ger\u00e7ekle\u015ftirmemize olanak sa\u011flad\u0131\u011f\u0131 i\u00e7in Ba\u015fkan\u0131m\u0131z Vahap Se\u00e7er\u2019e \u00e7ok te\u015fekk\u00fcr ediyorum. Sanat ve sanat kurumlar\u0131 dimdik ayakta kald\u0131\u011f\u0131 s\u00fcrece \u015fehirlerin, \u00fclkelerin geli\u015fmesi ka\u00e7\u0131n\u0131lmaz\u201d dedi. \u00a0<\/p>\n","protected":false},"excerpt":{"rendered":"<p>Mersin B\u00fcy\u00fck\u015fehir Belediyesi \u015eehir Tiyatrosu ekibi, b\u00fcy\u00fck bir istek ve heyecanla yeni sezona haz\u0131rlan\u0131yor. \u00a0 K\u00fclt\u00fcr ve Sosyal \u0130\u015fler Dairesi Ba\u015fkanl\u0131\u011f\u0131 Koordinat\u00f6r\u00fc Bengi \u0130spir \u00d6zd\u00fclger, \u015eehir Tiyatrolar\u0131 Genel Sanat Y\u00f6netmeni &hellip; <a href=\"https:\/\/akdenizolaygazetesi.com\/?p=7975\" class=\"more-link\">Devam\u0131n\u0131 Oku&#8230;<\/a><\/p>\n","protected":false},"author":1,"featured_media":0,"comment_status":"open","ping_status":"open","sticky":false,"template":"","format":"standard","meta":[],"categories":[],"tags":[],"_links":{"self":[{"href":"https:\/\/akdenizolaygazetesi.com\/index.php?rest_route=\/wp\/v2\/posts\/7975"}],"collection":[{"href":"https:\/\/akdenizolaygazetesi.com\/index.php?rest_route=\/wp\/v2\/posts"}],"about":[{"href":"https:\/\/akdenizolaygazetesi.com\/index.php?rest_route=\/wp\/v2\/types\/post"}],"author":[{"embeddable":true,"href":"https:\/\/akdenizolaygazetesi.com\/index.php?rest_route=\/wp\/v2\/users\/1"}],"replies":[{"embeddable":true,"href":"https:\/\/akdenizolaygazetesi.com\/index.php?rest_route=%2Fwp%2Fv2%2Fcomments&post=7975"}],"version-history":[{"count":0,"href":"https:\/\/akdenizolaygazetesi.com\/index.php?rest_route=\/wp\/v2\/posts\/7975\/revisions"}],"wp:attachment":[{"href":"https:\/\/akdenizolaygazetesi.com\/index.php?rest_route=%2Fwp%2Fv2%2Fmedia&parent=7975"}],"wp:term":[{"taxonomy":"category","embeddable":true,"href":"https:\/\/akdenizolaygazetesi.com\/index.php?rest_route=%2Fwp%2Fv2%2Fcategories&post=7975"},{"taxonomy":"post_tag","embeddable":true,"href":"https:\/\/akdenizolaygazetesi.com\/index.php?rest_route=%2Fwp%2Fv2%2Ftags&post=7975"}],"curies":[{"name":"wp","href":"https:\/\/api.w.org\/{rel}","templated":true}]}}