{"id":7976,"date":"2020-11-04T18:28:26","date_gmt":"2020-11-04T15:28:26","guid":{"rendered":"http:\/\/mersinekonomipolitikagazetesi.com\/?p=7976"},"modified":"2020-11-04T18:28:26","modified_gmt":"2020-11-04T15:28:26","slug":"oztunc-yanginlar-sonrasi-kac-hektar-orman-arazisi-imara-acildi","status":"publish","type":"post","link":"https:\/\/akdenizolaygazetesi.com\/?p=7976","title":{"rendered":"\u00d6ztun\u00e7: \u201cYang\u0131nlar Sonras\u0131 Ka\u00e7 Hektar Orman Arazisi \u0130mara A\u00e7\u0131ld\u0131?\u201d"},"content":{"rendered":"<p>CHP Do\u011fa Haklar\u0131ndan Sorumlu Genel Ba\u015fkan Yard\u0131mc\u0131s\u0131 ve Kahramanmara\u015f Milletvekili Ali \u00d6ztun\u00e7, son on y\u0131lda T\u00fcrkiye\u2019de \u00e7\u0131kan orman yang\u0131n\u0131 say\u0131s\u0131, yang\u0131nlar sonras\u0131 kaybedilen ormanl\u0131k alan miktar\u0131, ne kadar\u0131n\u0131n tekrar orman vasf\u0131na kavu\u015fturuldu\u011fu ve ka\u00e7 hektar orman arazisinin imara a\u00e7\u0131ld\u0131\u011f\u0131 gibi cevap bekleyen sorular\u0131 Meclis g\u00fcndemine ta\u015f\u0131d\u0131.<\/p>\n<p>CHP\u2019li Ali \u00d6ztun\u00e7, Tar\u0131m ve Orman Bakan\u0131 Bekir Pakdemirli\u2019nin yaz\u0131l\u0131 olarak cevapland\u0131rmas\u0131 istemiyle TBMM Ba\u015fkanl\u0131\u011f\u0131\u2019na sundu\u011fu soru \u00f6nergesinde T\u00fcrkiye\u2019de son on y\u0131lda \u00e7\u0131kan orman yang\u0131nlar\u0131n\u0131 konu ald\u0131.<\/p>\n<p>Kahramanmara\u015f d\u00e2hil il il ormanl\u0131k alanlarda \u00e7\u0131kan yang\u0131nlar ve sonras\u0131nda bu alanlar\u0131n \u015fimdiki durumuna dair bilgi talep eden \u00d6ztun\u00e7\u2019un kamuoyu ad\u0131na cevap bekledi\u011fi sorular aynen \u015fu \u015fekilde;<\/p>\n<p>Son on y\u0131lda, y\u0131llar itibariyle Kahramanmara\u015f ilimizde meydana gelen orman yang\u0131n\u0131 say\u0131s\u0131 ve bu yang\u0131nlar nedeniyle kaybetti\u011fimiz orman alan\u0131 ka\u00e7 hektard\u0131r? Yanan orman alanlar\u0131n\u0131 yeniden orman vasf\u0131na kavu\u015fturulmas\u0131 amac\u0131yla a\u011fa\u00e7 dikilmi\u015f midir? Dikilmi\u015f ise ka\u00e7 hektar alana ne kadar a\u011fa\u00e7 dikilmi\u015ftir?<br \/>\nSon on y\u0131lda, T\u00fcrkiye\u2019de \u00e7\u0131kan orman yang\u0131n\u0131 say\u0131s\u0131 ne kadard\u0131r? Bu yang\u0131nlar\u0131n illere g\u00f6re da\u011f\u0131l\u0131m\u0131 nas\u0131ld\u0131r?<br \/>\n\u00a0Son on y\u0131lda, T\u00fcrkiye genelinde \u00e7\u0131kan orman yang\u0131nlar\u0131nda kaybedilen orman alan\u0131 ka\u00e7 hektard\u0131r? Yanan ormanlar\u0131n ka\u00e7 hektar\u0131 tekrar a\u011fa\u00e7land\u0131r\u0131lm\u0131\u015ft\u0131r?<br \/>\nSon on y\u0131lda, \u00fclkemizde \u00e7\u0131kan orman yang\u0131nlar\u0131nda orman vasf\u0131n\u0131 yitiren ve yeniden a\u011fa\u00e7land\u0131r\u0131lmay\u0131p imara a\u00e7\u0131lan orman arazisi ka\u00e7 hektard\u0131r? Orman yang\u0131nlar\u0131 sonras\u0131 imara a\u00e7\u0131lan orman arazilerinin illere g\u00f6re da\u011f\u0131l\u0131m\u0131 nedir?\u00a0<\/p>\n","protected":false},"excerpt":{"rendered":"<p>CHP Do\u011fa Haklar\u0131ndan Sorumlu Genel Ba\u015fkan Yard\u0131mc\u0131s\u0131 ve Kahramanmara\u015f Milletvekili Ali \u00d6ztun\u00e7, son on y\u0131lda T\u00fcrkiye\u2019de \u00e7\u0131kan orman yang\u0131n\u0131 say\u0131s\u0131, yang\u0131nlar sonras\u0131 kaybedilen ormanl\u0131k alan miktar\u0131, ne kadar\u0131n\u0131n tekrar orman &hellip; <a href=\"https:\/\/akdenizolaygazetesi.com\/?p=7976\" class=\"more-link\">Devam\u0131n\u0131 Oku&#8230;<\/a><\/p>\n","protected":false},"author":1,"featured_media":0,"comment_status":"open","ping_status":"open","sticky":false,"template":"","format":"standard","meta":[],"categories":[],"tags":[],"_links":{"self":[{"href":"https:\/\/akdenizolaygazetesi.com\/index.php?rest_route=\/wp\/v2\/posts\/7976"}],"collection":[{"href":"https:\/\/akdenizolaygazetesi.com\/index.php?rest_route=\/wp\/v2\/posts"}],"about":[{"href":"https:\/\/akdenizolaygazetesi.com\/index.php?rest_route=\/wp\/v2\/types\/post"}],"author":[{"embeddable":true,"href":"https:\/\/akdenizolaygazetesi.com\/index.php?rest_route=\/wp\/v2\/users\/1"}],"replies":[{"embeddable":true,"href":"https:\/\/akdenizolaygazetesi.com\/index.php?rest_route=%2Fwp%2Fv2%2Fcomments&post=7976"}],"version-history":[{"count":0,"href":"https:\/\/akdenizolaygazetesi.com\/index.php?rest_route=\/wp\/v2\/posts\/7976\/revisions"}],"wp:attachment":[{"href":"https:\/\/akdenizolaygazetesi.com\/index.php?rest_route=%2Fwp%2Fv2%2Fmedia&parent=7976"}],"wp:term":[{"taxonomy":"category","embeddable":true,"href":"https:\/\/akdenizolaygazetesi.com\/index.php?rest_route=%2Fwp%2Fv2%2Fcategories&post=7976"},{"taxonomy":"post_tag","embeddable":true,"href":"https:\/\/akdenizolaygazetesi.com\/index.php?rest_route=%2Fwp%2Fv2%2Ftags&post=7976"}],"curies":[{"name":"wp","href":"https:\/\/api.w.org\/{rel}","templated":true}]}}