{"id":7978,"date":"2020-11-04T18:28:26","date_gmt":"2020-11-04T15:28:26","guid":{"rendered":"http:\/\/mersinekonomipolitikagazetesi.com\/?p=7978"},"modified":"2020-11-04T18:28:26","modified_gmt":"2020-11-04T15:28:26","slug":"fena-degil-bizim-evladimiz-iyi-yonetiyor-dersiniz","status":"publish","type":"post","link":"https:\/\/akdenizolaygazetesi.com\/?p=7978","title":{"rendered":"\u201cFena de\u011fil, bizim evlad\u0131m\u0131z iyi y\u00f6netiyor\u2019 dersiniz\u201d"},"content":{"rendered":"<p>Mersin B\u00fcy\u00fck\u015fehir Belediye Ba\u015fkan\u0131 Vahap Se\u00e7er, Tarsus\u2019un Ye\u015filtepe Mahallesi\u2019nde vatanda\u015flarla bir araya geldi.\u00a0<br \/>\nBa\u015fkan Se\u00e7er, Tarsus ziyaretine Belediye Ba\u015fkan\u0131 Haluk Bozdo\u011fan\u2019\u0131 ziyaret ederek ba\u015flad\u0131. Ge\u00e7ti\u011fimiz g\u00fcnlerde korona vir\u00fcse yakalanan ve atlatan Bozdo\u011fan\u2019a ge\u00e7mi\u015f olsun dile\u011finde bulunan Se\u00e7er, her iki belediyenin de pandemi s\u00fcrecinde \u00f6nemli roller \u00fcstlendi\u011fini vurgulad\u0131. \u0130kili g\u00f6r\u00fc\u015fmenin ard\u0131ndan bir de\u011ferlendirme yapan Se\u00e7er, Mersin B\u00fcy\u00fck\u015fehir Belediyesi ve Tarsus Belediyesi b\u00fcrokratlar\u0131n\u0131n uzun zamand\u0131r ortak \u00e7al\u0131\u015fmalar yapt\u0131klar\u0131n\u0131, o \u00e7al\u0131\u015fmalardan \u00e7\u0131kan sonu\u00e7lar\u0131 iki belediye ba\u015fkan\u0131 olarak de\u011ferlendirdiklerini s\u00f6yledi. Se\u00e7er, \u201cHem Mersin B\u00fcy\u00fck\u015fehir Belediyesi\u2019nin hem de Tarsus Belediyesi\u2019nin yetki ve sorumlulu\u011funda olan g\u00f6rev alanlar\u0131 ile ilgili, \u015fu anda toplumun beklentileri, Tarsus\u2019un ihtiyac\u0131, ortakla\u015faca\u011f\u0131m\u0131z konular, beraber proje \u00e7al\u0131\u015fabilece\u011fimiz konular, birbirimize yard\u0131mc\u0131 olaca\u011f\u0131m\u0131z konular t\u00fcm bunlar\u0131 de\u011ferlendirdik. H\u0131zl\u0131 yol alma a\u00e7\u0131s\u0131ndan bu diyaloglar \u00f6nemli. B\u00fct\u00fcn belediyelerimizle Mersin B\u00fcy\u00fck\u015fehir olarak diyaloglar\u0131m\u0131z\u0131 \u00f6nemsiyorum. Tarsus olunca bir kat daha \u00f6nemli\u201d dedi.\u00a0<br \/>\nKadim bir kent olan Tarsus\u2019un son zamanlarda \u00f6zellikle ekonomik anlamda durgunluk ya\u015fad\u0131\u011f\u0131n\u0131 ifade eden Se\u00e7er, \u201cBuralar\u0131n ihya olmas\u0131 laz\u0131m. Bunun da temeli hizmetten ge\u00e7iyor. Burada organize sanayi b\u00f6lgesi in\u015faatlar\u0131 var. Buraya istihdam olu\u015fturmak a\u00e7\u0131s\u0131ndan \u00f6nemli. Tarsus\u2019un di\u011fer de\u011ferleri var. Tar\u0131msal de\u011feri, \u00f6nemli verimli topraklar\u0131 var. Bunun yan\u0131nda do\u011fru yat\u0131r\u0131mlar yap\u0131l\u0131rsa inan\u0131lmaz bir turizm mekan\u0131 olabilecek, turizm alan\u0131 olabilecek bir lokasyon. Bizim de Mersin B\u00fcy\u00fck\u015fehir Belediyesi olarak Tarsus\u2019ta zorland\u0131\u011f\u0131m\u0131z en b\u00fcy\u00fck konu yer konusu, arazi konusu, alan konusu. Bu konuda da Tarsus Belediyemiz olduk\u00e7a \u015fansl\u0131. Elinde bir hayli yat\u0131r\u0131m yap\u0131labilecek arsa var, alan var. Bu konuda kendilerinin yard\u0131m\u0131n\u0131 istedik. Yard\u0131mla\u015fma durumunda i\u015fte bu yat\u0131r\u0131mlar da s\u00fcratle ger\u00e7ekle\u015febilir\u201d ifadelerini kulland\u0131.\u00a0<br \/>\nTarsus\u2019a modern bir k\u00fclt\u00fcr merkezi kazand\u0131racaklar\u0131n\u0131, \u00e7ok ama\u00e7l\u0131 spor alan\u0131 ve spor park yap\u0131lmas\u0131 konusunda da de\u011ferlendirmelerde bulunduklar\u0131n\u0131 kaydeden Se\u00e7er, \u201cB\u00fct\u00fcn bu yat\u0131r\u0131mlar burada hayat\u0131n hareketlenmesi, yeni \u00fcretim alanlar\u0131n\u0131n olmas\u0131 kendili\u011finden bu istihdam problemlerini de \u00e7\u00f6zecek. Yat\u0131r\u0131mlar olacak, hamleler, hizmetler olacak. Umut ediyorum, Tarsus Belediyesi ve Mersin B\u00fcy\u00fck\u015fehir Belediyesi el ele vererek g\u00fczel kentimize \u00f6nemli hizmetler kazand\u0131raca\u011f\u0131z\u201d diye konu\u015ftu.\u00a0<\/p>\n<p>&#8220;Mersin B\u00fcy\u00fck\u015fehir Belediyesi T\u00fcrkiye&#8217;deki en g\u00fc\u00e7l\u00fc belediyelerden biri&#8221;\u00a0<\/p>\n<p>Se\u00e7er, Tarsus program\u0131 kapsam\u0131nda \u00c7ataltepe Mahallesi\u2019nde yap\u0131lan asfalt \u00e7al\u0131\u015fmas\u0131n\u0131 da inceledi. Se\u00e7er, daha sonra Ye\u015filtepe Mahallesi\u2019nde vatanda\u015flarla bir araya geldi. \u201cBeklenti b\u00fcy\u00fck. \u0130nsanlar bizden hizmet bekliyor ama farkl\u0131 bir hizmet bekliyor. Bir fark olu\u015fturmam\u0131z\u0131 bekliyor\u201d diyen Se\u00e7er, Mersin B\u00fcy\u00fck\u015fehir Belediyesi\u2019nin T\u00fcrkiye\u2019deki en g\u00fc\u00e7l\u00fc belediyelerden biri oldu\u011funa i\u015faret etti. Se\u00e7er, \u201cBu kent 16 bin kilometrekare bir kent. Anamur\u2019dan Adana s\u0131n\u0131r\u0131na kadar ku\u015f gibi u\u00e7san\u0131z 320 kilometre bir mesafe. \u0130stanbul\u2019un \u00fc\u00e7 bu\u00e7uk kat\u0131 b\u00fcy\u00fckl\u00fc\u011f\u00fcnde bir co\u011frafyay\u0131 y\u00f6netmek zorundas\u0131n\u0131z ve bu co\u011frafyay\u0131 y\u00f6netirken Anamur\u2019daki dengelerin ba\u015fka, Tarsus\u2019ta ba\u015fka, Akdeniz, Toroslar il\u00e7elerinde ba\u015fka oldu\u011funu bilmeniz laz\u0131m. Hatta Tarsus\u2019un i\u00e7inde \u00c7ataltepe\u2019de ba\u015fka bir k\u00fclt\u00fcr, Cink\u00f6y\u00fc\u2019n\u00fcn farkl\u0131 bir yap\u0131, Fahrettinpa\u015fa\u2019n\u0131n farkl\u0131 sorunlar\u0131, beklentileri oldu\u011funu bilmeniz laz\u0131m. Bizle ilgili de\u011ferlendirmenizi yaparken e\u011fer \u00c7ataltepe \u00f6rne\u011finde yaparsan\u0131z bizden memnun olmazsan\u0131z. Ama bu d\u00fc\u015f\u00fcnd\u00fc\u011f\u00fcm \u00f6l\u00e7\u00fctlerle de\u011ferlendirirseniz \u2018Fena de\u011fil, bizim evlad\u0131m\u0131z iyi y\u00f6netiyor\u2019 dersiniz\u201d \u015feklinde konu\u015ftu.\u00a0<br \/>\nBelediyelerden bilin\u00e7sizce talepte bulunanlar\u0131n akl\u0131na belediye denince beton geldi\u011fini kaydeden Se\u00e7er, \u201cAma b\u00f6ylesi bir co\u011frafyada, rengarenk co\u011frafyada ya\u015fayan, huzurun, bar\u0131\u015f\u0131n, karde\u015fli\u011fin de\u011ferini bilenlerin belediye ba\u015fkan\u0131 dedi\u011fi zaman beklentisi \u015fudur: Bu adam herkesi kucakl\u0131yor mu? Herkesi sar\u0131p sarmal\u0131yor mu? Ayr\u0131m gayr\u0131m yap\u0131yor mu? \u00d6nce bunu sorar. Ben \u00f6nce bunu sorman\u0131z\u0131 istiyorum. Anamurlu\u2019ya da, Tarsuslu\u2019ya da, \u00c7aml\u0131yaylal\u0131\u2019ya da, G\u00fclnarl\u0131\u2019ya da. Her renkten, her me\u015frepten, her b\u00f6lgeden, her etnik yap\u0131dan insana bu adam ayn\u0131 mesafede oluyor mu? Yani adaletli bir adam m\u0131? \u00c7\u00fcnk\u00fc T\u00fcrkiye\u2019nin \u015fu anda en b\u00fcy\u00fck sorunu bu. \u00c7ok \u015f\u00fck\u00fcr bizim genlerimizde ayr\u0131mc\u0131l\u0131k yok. Biz herkesi seviyoruz&#8221; dedi.\u00a0<br \/>\nMersin\u2019de \u00e7ok b\u00fcy\u00fck beklentiler oldu\u011funu, b\u00fct\u00fcn zorluklara ra\u011fmen, bu beklentilere cevap verecek bir belediye olduklar\u0131n\u0131 ifade eden Se\u00e7er, \u201cMeclis toplant\u0131lar\u0131n\u0131 l\u00fctfen izleyin. Bir vatanda\u015f olarak oy verdi\u011finiz siyasilerin ne yapt\u0131\u011f\u0131n\u0131, ne konu\u015ftu\u011funu, \u00e7al\u0131yor mu, \u00e7\u0131rp\u0131yor mu, kendi i\u00e7in mi \u00e7al\u0131\u015f\u0131yor, memleket i\u00e7in mi \u00e7al\u0131\u015f\u0131yor bunlar\u0131 takip etmek zorundas\u0131n\u0131z. Demokrasi se\u00e7imden se\u00e7ime git oyunu ver anlay\u0131\u015f\u0131 de\u011fildir. \u0130leti\u015fim \u00e7a\u011f\u0131, herkesin cebinde telefon var. Tarlada \u00e7al\u0131\u015f\u0131rken belediye ba\u015fkan\u0131n\u0131n Meclis\u2019te ne konu\u015ftu\u011funu dinleyebilirsiniz. Neyi anlatt\u0131\u011f\u0131n\u0131, neyi planlad\u0131\u011f\u0131n\u0131, hangi sorunlarla bo\u011fu\u015ftu\u011funu, muhalefetle neyi tart\u0131\u015ft\u0131\u011f\u0131n\u0131, hangi konularda engellendi\u011fini, hangi konularda haks\u0131zl\u0131\u011fa maruz kald\u0131\u011f\u0131n\u0131 g\u00f6r\u00fcrs\u00fcn\u00fcz. \u015eunu yap\u0131yorlar, bunu yap\u0131yorlar demiyorum. Hayat\u0131mda a\u011flamad\u0131m, a\u011flam\u0131yorum, a\u011flamayaca\u011f\u0131m da. Biz b\u00fct\u00fcn bu zorluklar\u0131 a\u015far\u0131z. Bor\u00e7lanma alamam\u0131\u015f\u0131z, evraklar\u0131m\u0131z imzada gecikiyor, Ankara s\u0131k\u0131nt\u0131 olu\u015fturuyor, h\u00fck\u00fcmet s\u0131k\u0131nt\u0131 olu\u015fturuyor, o onu yap\u0131yor, bu bunu yapm\u0131yor, bu kavgalar i\u00e7inde de\u011filiz. Biz mevcut imkanlar\u0131m\u0131z\u0131 en iyi \u015fekilde de\u011ferlendirece\u011fiz, hizmetlerimizi yapaca\u011f\u0131z&#8221; diye konu\u015ftu.\u00a0<\/p>\n<p>Se\u00e7er, Muharrem ay\u0131n\u0131n ilk oru\u00e7 g\u00fcn\u00fcnde Alevi vatanda\u015flar\u0131n sofras\u0131na da konuk oldu. Tarsus Cemevi\u2019nde d\u00fczenlenen Muharrem lokmas\u0131na kat\u0131lan Se\u00e7er, \u0130slam aleminin en \u00fcz\u00fcc\u00fc olaylar\u0131ndan biri olan Kerbela olay\u0131n\u0131n g\u00fcn\u00fcm\u00fcze ders niteli\u011finde oldu\u011funu ifade etti.\u00a0<\/p>\n","protected":false},"excerpt":{"rendered":"<p>Mersin B\u00fcy\u00fck\u015fehir Belediye Ba\u015fkan\u0131 Vahap Se\u00e7er, Tarsus\u2019un Ye\u015filtepe Mahallesi\u2019nde vatanda\u015flarla bir araya geldi.\u00a0 Ba\u015fkan Se\u00e7er, Tarsus ziyaretine Belediye Ba\u015fkan\u0131 Haluk Bozdo\u011fan\u2019\u0131 ziyaret ederek ba\u015flad\u0131. Ge\u00e7ti\u011fimiz g\u00fcnlerde korona vir\u00fcse yakalanan ve &hellip; <a href=\"https:\/\/akdenizolaygazetesi.com\/?p=7978\" class=\"more-link\">Devam\u0131n\u0131 Oku&#8230;<\/a><\/p>\n","protected":false},"author":1,"featured_media":0,"comment_status":"open","ping_status":"open","sticky":false,"template":"","format":"standard","meta":[],"categories":[],"tags":[],"_links":{"self":[{"href":"https:\/\/akdenizolaygazetesi.com\/index.php?rest_route=\/wp\/v2\/posts\/7978"}],"collection":[{"href":"https:\/\/akdenizolaygazetesi.com\/index.php?rest_route=\/wp\/v2\/posts"}],"about":[{"href":"https:\/\/akdenizolaygazetesi.com\/index.php?rest_route=\/wp\/v2\/types\/post"}],"author":[{"embeddable":true,"href":"https:\/\/akdenizolaygazetesi.com\/index.php?rest_route=\/wp\/v2\/users\/1"}],"replies":[{"embeddable":true,"href":"https:\/\/akdenizolaygazetesi.com\/index.php?rest_route=%2Fwp%2Fv2%2Fcomments&post=7978"}],"version-history":[{"count":0,"href":"https:\/\/akdenizolaygazetesi.com\/index.php?rest_route=\/wp\/v2\/posts\/7978\/revisions"}],"wp:attachment":[{"href":"https:\/\/akdenizolaygazetesi.com\/index.php?rest_route=%2Fwp%2Fv2%2Fmedia&parent=7978"}],"wp:term":[{"taxonomy":"category","embeddable":true,"href":"https:\/\/akdenizolaygazetesi.com\/index.php?rest_route=%2Fwp%2Fv2%2Fcategories&post=7978"},{"taxonomy":"post_tag","embeddable":true,"href":"https:\/\/akdenizolaygazetesi.com\/index.php?rest_route=%2Fwp%2Fv2%2Ftags&post=7978"}],"curies":[{"name":"wp","href":"https:\/\/api.w.org\/{rel}","templated":true}]}}