{"id":7979,"date":"2020-11-04T18:28:26","date_gmt":"2020-11-04T15:28:26","guid":{"rendered":"http:\/\/mersinekonomipolitikagazetesi.com\/?p=7979"},"modified":"2020-11-04T18:28:26","modified_gmt":"2020-11-04T15:28:26","slug":"bu-hafta-sonuna-kadar-ihaleye-cikmis-olacagiz","status":"publish","type":"post","link":"https:\/\/akdenizolaygazetesi.com\/?p=7979","title":{"rendered":"\u201cBU HAFTA SONUNA KADAR  \u0130HALEYE \u00c7IKMI\u015e OLACA\u011eIZ\u201d"},"content":{"rendered":"<p>Mersin B\u00fcy\u00fck\u015fehir Belediye Ba\u015fkan\u0131 Vahap Se\u00e7er, Tele 1 ekranlar\u0131nda Zeynel L\u00fcle ile G\u00fcn Ortas\u0131 Program\u0131\u2019n\u0131n canl\u0131 yay\u0131n konu\u011fu oldu. Bir\u00e7ok kesime y\u00f6nelik projelerini ve pandemi s\u00fcrecindeki hizmetlerini anlatan Ba\u015fkan Se\u00e7er, metro projesi ile ilgili olarak, \u201cBu hafta sonuna, yani en ge\u00e7 yar\u0131na kadar ihalemize \u00e7\u0131km\u0131\u015f olaca\u011f\u0131z\u201d dedi.<br \/>\nKooperatiflere her alanda destek olduklar\u0131n\u0131 belirten Se\u00e7er, \u201cKad\u0131nlar\u0131n ekonomik hayata kat\u0131lmas\u0131 son derece \u00f6nemli. \u00c7ok say\u0131da insan\u0131n tar\u0131msal gelirden hayat\u0131n\u0131 idame ettirdi\u011fini g\u00f6z \u00f6n\u00fcne al\u0131rsak, tar\u0131m kooperatiflerine, \u00f6zellikle kad\u0131nlar\u0131n i\u00e7erisinde oldu\u011fu olu\u015fumlara destek veriyoruz\u201d diye konu\u015ftu.<br \/>\nMersin B\u00fcy\u00fck\u015fehir Belediye Ba\u015fkan\u0131 Vahap Se\u00e7er, Tele 1 ekranlar\u0131nda Zeynel L\u00fcle ile G\u00fcn Ortas\u0131 Program\u0131\u2019n\u0131n canl\u0131 yay\u0131n konu\u011fu oldu. G\u00fcndemi de\u011ferlendiren Ba\u015fkan Se\u00e7er, B\u00fcy\u00fck\u015fehir Belediyesi olarak kad\u0131nlara y\u00f6nelik ger\u00e7ekle\u015ftirdikleri hizmetleri, esnaf ve sanatkarlar ile ilgili yap\u0131lan projeleri, e\u011fitim, k\u00fclt\u00fcr ve sanat alan\u0131nda hayata ge\u00e7irdikleri \u00e7al\u0131\u015fmalar\u0131 anlatt\u0131.<\/p>\n<p>Programda metro projesiyle ilgili geli\u015fmeleri de de\u011ferlendiren Ba\u015fkan Se\u00e7er, \u201cMetro, di\u011fer ad\u0131yla rayl\u0131 sistem, uzun y\u0131llard\u0131r, bizden \u00f6nceki belediye y\u00f6netimlerinin de Mersin halk\u0131na verdi\u011fi s\u00f6zlerin ba\u015f\u0131nda geliyordu. Daha \u00f6nce ihale a\u015famas\u0131na getirmi\u015f, hatta ihaleye de \u00e7\u0131km\u0131\u015ft\u0131k ancak ihalede, Kamu \u0130hale Kurumu\u2019na gelen itirazlar sonucu Kamu \u0130hale Kurumu ihaleyi iptal etmi\u015fti. Yapt\u0131\u011f\u0131m\u0131z belirli d\u00fczeltmeler sonucunda bu hafta sonuna yani en ge\u00e7 yar\u0131na kadar ihalemize \u00e7\u0131km\u0131\u015f olaca\u011f\u0131z\u201d dedi.<\/p>\n<p>\u201cKad\u0131nlar\u0131n ekonomik hayata kat\u0131lmas\u0131 \u00f6nemli\u201d<\/p>\n<p>Ba\u015fkan Se\u00e7er, 30 B\u00fcy\u00fck\u015fehir Belediyesi i\u00e7erisinde daire ba\u015fkanl\u0131\u011f\u0131 d\u00fczeyinde hizmet veren yegane yap\u0131 olan Mersin B\u00fcy\u00fck\u015fehir Belediyesi Kad\u0131n ve Aile Hizmetleri Dairesi Ba\u015fkanl\u0131\u011f\u0131 b\u00fcnyesinde kad\u0131n, aile, \u00e7ocuk, kad\u0131na y\u00f6nelik \u015fiddet, \u00e7ocuk istismar\u0131 ya da kad\u0131n\u0131n ekonomik hayata kat\u0131l\u0131m\u0131 gibi bir\u00e7ok alanda \u00f6nemli \u00e7al\u0131\u015fmalar yap\u0131ld\u0131\u011f\u0131n\u0131 s\u00f6yledi. Kooperatif\u00e7ili\u011fe her alanda destek olduklar\u0131n\u0131 da belirten Se\u00e7er, \u015f\u00f6yle devam etti:<\/p>\n<p>\u201cKad\u0131nlar ayr\u0131 bir \u00f6nem ta\u015f\u0131yor. Mersin, \u00f6zellikle Suriyeli s\u0131\u011f\u0131nmac\u0131lar\u0131n, misafirlerin yo\u011fun oldu\u011fu bir b\u00f6lge. Burada kad\u0131nlar\u0131n ekonomik hayata kat\u0131lmas\u0131 son derece \u00f6nemli. Sosyo-ekonomik olarak da zengin ve fakir aras\u0131nda \u00e7ok b\u00fcy\u00fck u\u00e7urumlar\u0131n oldu\u011fu bir kent. Tar\u0131msal \u00fcretimin \u00f6nemli oldu\u011fu bir kent. \u00c7ok say\u0131da insan\u0131n tar\u0131msal gelirden hayat\u0131n\u0131 idame ettirdi\u011fini g\u00f6z \u00f6n\u00fcne al\u0131rsak, tar\u0131m kooperatiflerine, \u00f6zellikle kad\u0131nlar\u0131n i\u00e7erisinde oldu\u011fu olu\u015fumlara destek veriyoruz. Kad\u0131n kooperatifimiz bizim deste\u011fimizle kurulan bir kooperatif. Kad\u0131nlar\u0131m\u0131z\u0131n el eme\u011finin, al\u0131n terinin, \u00fcretimlerinin ekonomik de\u011fere d\u00f6n\u00fc\u015ft\u00fcr\u00fclmesinde \u00f6nemli i\u015flerin yap\u0131ld\u0131\u011f\u0131 bir kooperatif. Bunun yan\u0131nda Tar\u0131msal Kalk\u0131nma Kooperatifi ve bir\u00e7ok kooperatifimiz belediyemiz taraf\u0131ndan destekleniyor.\u201d<\/p>\n<p>\u201cEsnafa y\u00f6nelik b\u00fct\u00fcn \u00e7al\u0131\u015fmalar\u0131 y\u00fcr\u00fctece\u011fiz\u201d<\/p>\n<p>Se\u00e7er, T\u00fcrkiye\u2019de ilk kez hayata ge\u00e7irilen, esnaf ve sanatkarlara e\u011fitim ve dan\u0131\u015fmanl\u0131k veren bir yap\u0131 olan MESDEM ile ilgili de a\u00e7\u0131klamalarda bulunarak, \u201cBu yap\u0131 i\u00e7erisinde Esnaf Masam\u0131z ve \u00dcst Kurulumuz var. \u00dcst Kurul vas\u0131tas\u0131yla esnafa y\u00f6nelik b\u00fct\u00fcn \u00e7al\u0131\u015fmalar\u0131 y\u00fcr\u00fctece\u011fiz. Esnaf Masas\u0131 da Mersin\u2019de faaliyet g\u00f6steren 50 binin \u00fczerindeki esnaf ve sanatkar\u0131m\u0131z\u0131n \u00f6zellikle belediyelerimizle ilgili ya\u015fad\u0131\u011f\u0131 sorunlar ile ilgili birinci elden kendilerine yard\u0131mc\u0131 olacak bir olu\u015fum\u201d dedi.<br \/>\nMersin B\u00fcy\u00fck\u015fehir Belediyesi\u2019nin pandemi s\u00fcrecinde g\u00f6revini yerine getirdi\u011fini vurgulayan Ba\u015fkan Se\u00e7er, \u015funlar\u0131 s\u00f6yledi:<br \/>\n\u201cBu tip ola\u011fan\u00fcst\u00fc ko\u015fullarda vatanda\u015fa ilk dokunan belediyeler olur. Mersin B\u00fcy\u00fck\u015fehir Belediyesi olarak vatanda\u015flar\u0131m\u0131z\u0131n g\u0131da talebinden maske talebine, s\u0131cak yemek ihtiyac\u0131ndan hijyen, dezenfeksiyon i\u015flemlerine kadar g\u00f6revimizi yapt\u0131\u011f\u0131m\u0131z\u0131 d\u00fc\u015f\u00fcn\u00fcyoruz. T\u00fcm d\u00fcnyada \u00f6nemli tahribatlar\u0131n oldu\u011fu bir d\u00f6nem. \u0130nsanlar tabiri caizse yiyecek ekmek bulamad\u0131. \u0130\u015fte bizler burada devreye girdik. Bu katk\u0131lar\u0131 kendi olanaklar\u0131m\u0131zla yapt\u0131k, b\u00fct\u00fcn bu \u00e7al\u0131\u015fmalar\u0131 kendi imkanlar\u0131m\u0131zla yapt\u0131k. O s\u00fcre\u00e7ler geride kald\u0131 ama ba\u011f\u0131\u015f toplama ya da vatanda\u015flardan katk\u0131 alma imkan\u0131m\u0131z olmad\u0131. Esnaf\u0131n bor\u00e7lar\u0131n\u0131 yasalar \u00e7er\u00e7evesinden erteleme imkan\u0131m\u0131z oldu. Su konusunu \u00e7ok \u00f6nemsedik. Borcundan dolay\u0131, \u00f6zellikle meskenlerde yurtta\u015flar\u0131m\u0131z susuz kalmas\u0131n diye sular\u0131 kesmedik. 3 ayl\u0131k \u00f6deme kolayl\u0131\u011f\u0131 getirdik. Vatanda\u015flar\u0131m\u0131z\u0131n bizden talep ettiklerini imkanlar \u00f6l\u00e7\u00fcs\u00fcnde kendilerine sunduk diye d\u00fc\u015f\u00fcn\u00fcyorum.\u201d\u00a0<br \/>\n\u00a0<\/p>\n","protected":false},"excerpt":{"rendered":"<p>Mersin B\u00fcy\u00fck\u015fehir Belediye Ba\u015fkan\u0131 Vahap Se\u00e7er, Tele 1 ekranlar\u0131nda Zeynel L\u00fcle ile G\u00fcn Ortas\u0131 Program\u0131\u2019n\u0131n canl\u0131 yay\u0131n konu\u011fu oldu. Bir\u00e7ok kesime y\u00f6nelik projelerini ve pandemi s\u00fcrecindeki hizmetlerini anlatan Ba\u015fkan Se\u00e7er, &hellip; <a href=\"https:\/\/akdenizolaygazetesi.com\/?p=7979\" class=\"more-link\">Devam\u0131n\u0131 Oku&#8230;<\/a><\/p>\n","protected":false},"author":1,"featured_media":0,"comment_status":"open","ping_status":"open","sticky":false,"template":"","format":"standard","meta":[],"categories":[],"tags":[],"_links":{"self":[{"href":"https:\/\/akdenizolaygazetesi.com\/index.php?rest_route=\/wp\/v2\/posts\/7979"}],"collection":[{"href":"https:\/\/akdenizolaygazetesi.com\/index.php?rest_route=\/wp\/v2\/posts"}],"about":[{"href":"https:\/\/akdenizolaygazetesi.com\/index.php?rest_route=\/wp\/v2\/types\/post"}],"author":[{"embeddable":true,"href":"https:\/\/akdenizolaygazetesi.com\/index.php?rest_route=\/wp\/v2\/users\/1"}],"replies":[{"embeddable":true,"href":"https:\/\/akdenizolaygazetesi.com\/index.php?rest_route=%2Fwp%2Fv2%2Fcomments&post=7979"}],"version-history":[{"count":0,"href":"https:\/\/akdenizolaygazetesi.com\/index.php?rest_route=\/wp\/v2\/posts\/7979\/revisions"}],"wp:attachment":[{"href":"https:\/\/akdenizolaygazetesi.com\/index.php?rest_route=%2Fwp%2Fv2%2Fmedia&parent=7979"}],"wp:term":[{"taxonomy":"category","embeddable":true,"href":"https:\/\/akdenizolaygazetesi.com\/index.php?rest_route=%2Fwp%2Fv2%2Fcategories&post=7979"},{"taxonomy":"post_tag","embeddable":true,"href":"https:\/\/akdenizolaygazetesi.com\/index.php?rest_route=%2Fwp%2Fv2%2Ftags&post=7979"}],"curies":[{"name":"wp","href":"https:\/\/api.w.org\/{rel}","templated":true}]}}