{"id":7980,"date":"2020-11-04T18:28:26","date_gmt":"2020-11-04T15:28:26","guid":{"rendered":"http:\/\/mersinekonomipolitikagazetesi.com\/?p=7980"},"modified":"2020-11-04T18:28:26","modified_gmt":"2020-11-04T15:28:26","slug":"mersin-limaninin-konvansiyonel-kargo-hacmi-yuzde-5-5-artti","status":"publish","type":"post","link":"https:\/\/akdenizolaygazetesi.com\/?p=7980","title":{"rendered":"Mersin Liman\u0131&#8217;n\u0131n konvansiyonel kargo hacmi y\u00fczde 5.5 artt\u0131"},"content":{"rendered":"<p>Mersin Liman\u0131&#8217;nda konvansiyonel y\u00fck hacminde bu y\u0131l\u0131n ilk yar\u0131s\u0131nda, ge\u00e7en y\u0131la oranla y\u00fczde 5.5 art\u0131\u015f kaydedildi.\u00a0<br \/>\nMersin Uluslararas\u0131 Liman\u0131 (MIP), y\u0131l\u0131n ilk yar\u0131s\u0131nda da istikrarl\u0131 ilerleyi\u015fini s\u00fcrd\u00fcrd\u00fc. Mersin Liman\u0131&#8217;nda, korona vir\u00fcs pandemisi ile d\u00fcnya ekonomilerinin zor g\u00fcnler ge\u00e7irdi\u011fi 2020 \u00a0y\u0131l\u0131n\u0131n ilk yar\u0131s\u0131nda, 2019 y\u0131l\u0131na oranla konvansiyonel y\u00fck hacminde y\u00fczde 5.5 art\u0131\u015f kaydetti. S\u00f6z konusu d\u00f6nemde konvansiyonel y\u00fck hacmi 4 milyon 303 \u00a0bin 709 tona ula\u015ft\u0131. \u00a0Di\u011fer taraftan 2020 y\u0131l\u0131 Ocak-Haziran d\u00f6neminde konteyner y\u00fck hacmi ise k\u00fcresel ekonomideki daralmadan etkilenerek y\u00fczde 2 oran\u0131nda geriledi ve 944 bin 963 TEU olarak ger\u00e7ekle\u015fti. T\u00fcrkiye\u2019nin Do\u011fu Akdeniz\u2019deki stratejik \u00f6neme sahip en \u00f6nemli deniz ve hudut \u00a0kap\u0131s\u0131 olan limanda, bu y\u0131l\u0131n haziran ay\u0131nda 146 bin TEU konteyner elle\u00e7lenirken, konvansiyonel y\u00fck hacmi ise 500 bin ton d\u00fczeyinde oldu.\u00a0<br \/>\n2020 y\u0131l\u0131n\u0131n ilk yar\u0131s\u0131nda bir \u00f6nceki y\u0131la g\u00f6re ithal y\u00fcklerde y\u00fczde 10, ihra\u00e7 y\u00fcklerde ise y\u00fczde 7 art\u0131\u015f kaydedildi. \u0130thalatta, hammadde kalemleri ile y\u00fczde 10 olan art\u0131\u015f, 2. \u00e7eyrekte uygulanan korumac\u0131 vergi uygulamalar\u0131 ile mevcut durumda d\u00fc\u015f\u00fc\u015f e\u011filimi g\u00f6sterirken, ihracattaki y\u00fczde 7\u2019lik b\u00fcy\u00fcme normalle\u015fme ve g\u0131da y\u00fcklerinin art\u0131\u015f\u0131ndan kaynakland\u0131. \u00a0T\u00fcrkiye\u2019nin en b\u00fcy\u00fck konteyner liman olan Mersin Uluslararas\u0131 Liman\u0131, 2019 y\u0131l\u0131nda ger\u00e7ekle\u015ftirdi\u011fi i\u015f hacmiyle T\u00fcrk limanlar\u0131 aras\u0131nda bir ilke imza atarak, 1.9 milyon TEU baraj\u0131n\u0131 ge\u00e7en ilk liman olmu\u015ftu. \u00a0<\/p>\n","protected":false},"excerpt":{"rendered":"<p>Mersin Liman\u0131&#8217;nda konvansiyonel y\u00fck hacminde bu y\u0131l\u0131n ilk yar\u0131s\u0131nda, ge\u00e7en y\u0131la oranla y\u00fczde 5.5 art\u0131\u015f kaydedildi.\u00a0 Mersin Uluslararas\u0131 Liman\u0131 (MIP), y\u0131l\u0131n ilk yar\u0131s\u0131nda da istikrarl\u0131 ilerleyi\u015fini s\u00fcrd\u00fcrd\u00fc. Mersin Liman\u0131&#8217;nda, korona &hellip; <a href=\"https:\/\/akdenizolaygazetesi.com\/?p=7980\" class=\"more-link\">Devam\u0131n\u0131 Oku&#8230;<\/a><\/p>\n","protected":false},"author":1,"featured_media":0,"comment_status":"open","ping_status":"open","sticky":false,"template":"","format":"standard","meta":[],"categories":[],"tags":[],"_links":{"self":[{"href":"https:\/\/akdenizolaygazetesi.com\/index.php?rest_route=\/wp\/v2\/posts\/7980"}],"collection":[{"href":"https:\/\/akdenizolaygazetesi.com\/index.php?rest_route=\/wp\/v2\/posts"}],"about":[{"href":"https:\/\/akdenizolaygazetesi.com\/index.php?rest_route=\/wp\/v2\/types\/post"}],"author":[{"embeddable":true,"href":"https:\/\/akdenizolaygazetesi.com\/index.php?rest_route=\/wp\/v2\/users\/1"}],"replies":[{"embeddable":true,"href":"https:\/\/akdenizolaygazetesi.com\/index.php?rest_route=%2Fwp%2Fv2%2Fcomments&post=7980"}],"version-history":[{"count":0,"href":"https:\/\/akdenizolaygazetesi.com\/index.php?rest_route=\/wp\/v2\/posts\/7980\/revisions"}],"wp:attachment":[{"href":"https:\/\/akdenizolaygazetesi.com\/index.php?rest_route=%2Fwp%2Fv2%2Fmedia&parent=7980"}],"wp:term":[{"taxonomy":"category","embeddable":true,"href":"https:\/\/akdenizolaygazetesi.com\/index.php?rest_route=%2Fwp%2Fv2%2Fcategories&post=7980"},{"taxonomy":"post_tag","embeddable":true,"href":"https:\/\/akdenizolaygazetesi.com\/index.php?rest_route=%2Fwp%2Fv2%2Ftags&post=7980"}],"curies":[{"name":"wp","href":"https:\/\/api.w.org\/{rel}","templated":true}]}}