{"id":7984,"date":"2020-11-04T18:28:26","date_gmt":"2020-11-04T15:28:26","guid":{"rendered":"http:\/\/mersinekonomipolitikagazetesi.com\/?p=7984"},"modified":"2020-11-04T18:28:26","modified_gmt":"2020-11-04T15:28:26","slug":"hedef-yoksa-bir-yere-varilmaz","status":"publish","type":"post","link":"https:\/\/akdenizolaygazetesi.com\/?p=7984","title":{"rendered":"&#8220;Hedef   yoksa  bir yere  var\u0131lmaz&#8221;"},"content":{"rendered":"<p>Baba Engin \u00d6zka\u00e7ar: &#8220;\u0130ngiltere Premier Lig&#8217;de top oynad\u0131\u011f\u0131n\u0131 g\u00f6r\u00fcrsem mutlu olurum&#8221;<\/p>\n<p>Altay&#8217;dan Frans\u0131z ekibi Olympique Lyon&#8217;a transfer olan gen\u00e7 stoper Cenk \u00d6zka\u00e7ar&#8217;\u0131n babas\u0131 Engin \u00d6zka\u00e7ar, o\u011flunun ba\u015far\u0131s\u0131n\u0131 sab\u0131r ve \u00e7al\u0131\u015fmaya bor\u00e7lu oldu\u011funu s\u00f6yledi.\u00a0<br \/>\nFransa Birinci Futbol Ligi (Ligue 1) tak\u0131mlar\u0131ndan Olympique Lyon&#8217;a transfer olan 19 ya\u015f\u0131ndaki Cenk \u00d6zkacar&#8217;\u0131n babas\u0131 Engin \u00d6zka\u00e7ar, tatil i\u00e7in geldi\u011fi Mersin&#8217;de, konu\u015ftu. Baba \u00d6zka\u00e7ar, &#8220;Bir insan\u0131n futbol olsun, i\u015f hayat\u0131 olsun hedefi yoksa bir yere ula\u015famaz. O\u011flumun A Milli Tak\u0131m oyuncusu olmas\u0131n\u0131, \u0130ngiltere Premier Lig&#8217;de top oynamas\u0131n\u0131 g\u00f6r\u00fcrsem \u00e7ok mutlu olurum&#8221; dedi.\u00a0<br \/>\nCenk&#8217;in futbolla yat\u0131p kalkan bir \u00e7ocukluk ge\u00e7irdi\u011fini ve Bucaspor, Alt\u0131nordu&#8217;nun yan\u0131 s\u0131ra 14 ya\u015f\u0131nda altyap\u0131da Altay formas\u0131n\u0131 da giydi\u011fini ifade eden Engin \u00d6zka\u00e7ar, &#8220;Cenk, antrenman\u0131 \u00e7ok seven, kendini geli\u015ftiren biri. Hocalar\u0131n verdiklerini en iyi \u015fekilde yapmaya \u00e7al\u0131\u015fan azimli biri. Yeri geldi \u00e7ok fedakarl\u0131klarda bulundu. 3 sene denize dahi gitmedi. 3 sene sabah ak\u015fam beraber \u00e7al\u0131\u015ft\u0131k. \u00c7al\u0131\u015fkanl\u0131\u011f\u0131yla \u00f6n plana \u00e7\u0131kt\u0131&#8221; \u015feklinde konu\u015ftu.\u00a0<br \/>\nO\u011flunun Altay&#8217;da A tak\u0131m idmanlara \u00e7\u0131kt\u0131\u011f\u0131n\u0131, TSYD Kupas\u0131&#8217;nda da ma\u00e7 izlemeye gelen milli tak\u0131m hocalar\u0131nca \u00dcmit Milli Tak\u0131m&#8217;a \u00e7a\u011fr\u0131ld\u0131\u011f\u0131n\u0131 anlatan \u00d6zka\u00e7ar, &#8220;\u00dcmit Milli Tak\u0131m&#8217;da da oynad\u0131. Zaten sezon sonunda da Altay kul\u00fcb\u00fcn\u00fcn, menajerin \u00e7abalar\u0131yla, kendi ba\u015far\u0131lar\u0131yla Olympique Lyon&#8217;a transfer oldu&#8221; diye konu\u015ftu.\u00a0<\/p>\n<p>&#8220;\u015eu anda T\u00fcrkiye&#8217;yi temsil ediyor&#8221;<br \/>\n\u00a0<br \/>\nEngin \u00d6zka\u00e7ar, Cenk&#8217;in ba\u015far\u0131s\u0131n\u0131n s\u0131rr\u0131n\u0131 &#8216;sab\u0131r ve \u00e7al\u0131\u015fma&#8217; olarak a\u00e7\u0131kladyarak, \u015fu c\u00fcmlelere yer verdi:\u00a0<br \/>\n&#8220;Sabrediyor ve \u00e7al\u0131\u015f\u0131yor. Ya\u015fam \u015fekli profesyonelce. Biz ailecek arkas\u0131nday\u0131z. Yeri geldi \u00fcz\u00fcld\u00fck, yeri geldi sevindik. \u00c7ocu\u011fumla gurur duyuyorum. Daha \u00e7ok \u00e7al\u0131\u015fmas\u0131 laz\u0131m. \u00dczerine \u00e7ok b\u00fcy\u00fck y\u00fck bindi. \u015eu anda T\u00fcrkiye&#8217;yi temsil ediyor. \u00c7ok \u00e7al\u0131\u015fmas\u0131 laz\u0131m, daha yolun ba\u015f\u0131nday\u0131z.&#8221;\u00a0<\/p>\n<p>&#8220;\u00c7ocuklar hangi bran\u015f\u0131 seviyorsa o bran\u015fa y\u00f6nelsinler&#8221;<br \/>\n\u00a0<br \/>\n\u00c7ocuklar\u0131 spor yapan ailelere de seslenen \u00d6zka\u00e7ar, &#8220;Aileler \u00e7ocuklar\u0131n\u0131n arkas\u0131nda olsunlar. Hocalar\u0131na, kul\u00fcplerine g\u00fcvensinler. \u00c7ocuklar hangi bran\u015f\u0131 seviyorsa o bran\u015fa y\u00f6nelsinler. Futbol olabilir, basketbol olabilir, voleybol olabilir, hentbol olabilir. M\u00fchim olan \u00e7ocuk nerede mutlu ise o bran\u015fa devam etsin. Cenk; &#8216;futbolda mutluyum baba&#8217; deyince, biz de arkas\u0131nda durduk. \u00c7al\u0131\u015facaklar, \u00e7al\u0131\u015fmakla da olmuyor, sab\u0131r da edecekler. Ben y\u0131llard\u0131r sporun i\u00e7indeyim. Futboldan \u00f6nce \u00e7ocuk efendi olacak, kibar olacak, karakterli olacak. Ondan sonra futbolu iyi olacak. Zaten bunlar birle\u015fti\u011finde futbolcu meydana \u00e7\u0131k\u0131yor&#8221; dedi.\u00a0<\/p>\n<p>Belirledikleri hedeflere dair de g\u00f6r\u00fc\u015flerini bildiren Engin \u00d6zka\u00e7ar, &#8220;Biz hedef koyarak gidiyoruz. Bir insan\u0131n futbol olsun, i\u015f hayat\u0131 olsun hedefi yoksa bir yere ula\u015famaz. A Milli Tak\u0131m oyuncusu olmas\u0131, 2 sene veya 3 sene sonra \u0130ngiltere&#8217;ye transfer olmas\u0131n\u0131 bekliyorum ben \u00e7ocu\u011fumdan. \u0130ngiltere Premier Lig&#8217;de top oynamas\u0131n\u0131 g\u00f6r\u00fcrsem mutlu olurum, ailecek mutlu oluruz diye d\u00fc\u015f\u00fcn\u00fcyorum&#8221; ifadelerini kulland\u0131. \u00a0<\/p>\n","protected":false},"excerpt":{"rendered":"<p>Baba Engin \u00d6zka\u00e7ar: &#8220;\u0130ngiltere Premier Lig&#8217;de top oynad\u0131\u011f\u0131n\u0131 g\u00f6r\u00fcrsem mutlu olurum&#8221; Altay&#8217;dan Frans\u0131z ekibi Olympique Lyon&#8217;a transfer olan gen\u00e7 stoper Cenk \u00d6zka\u00e7ar&#8217;\u0131n babas\u0131 Engin \u00d6zka\u00e7ar, o\u011flunun ba\u015far\u0131s\u0131n\u0131 sab\u0131r ve \u00e7al\u0131\u015fmaya &hellip; <a href=\"https:\/\/akdenizolaygazetesi.com\/?p=7984\" class=\"more-link\">Devam\u0131n\u0131 Oku&#8230;<\/a><\/p>\n","protected":false},"author":1,"featured_media":0,"comment_status":"open","ping_status":"open","sticky":false,"template":"","format":"standard","meta":[],"categories":[],"tags":[],"_links":{"self":[{"href":"https:\/\/akdenizolaygazetesi.com\/index.php?rest_route=\/wp\/v2\/posts\/7984"}],"collection":[{"href":"https:\/\/akdenizolaygazetesi.com\/index.php?rest_route=\/wp\/v2\/posts"}],"about":[{"href":"https:\/\/akdenizolaygazetesi.com\/index.php?rest_route=\/wp\/v2\/types\/post"}],"author":[{"embeddable":true,"href":"https:\/\/akdenizolaygazetesi.com\/index.php?rest_route=\/wp\/v2\/users\/1"}],"replies":[{"embeddable":true,"href":"https:\/\/akdenizolaygazetesi.com\/index.php?rest_route=%2Fwp%2Fv2%2Fcomments&post=7984"}],"version-history":[{"count":0,"href":"https:\/\/akdenizolaygazetesi.com\/index.php?rest_route=\/wp\/v2\/posts\/7984\/revisions"}],"wp:attachment":[{"href":"https:\/\/akdenizolaygazetesi.com\/index.php?rest_route=%2Fwp%2Fv2%2Fmedia&parent=7984"}],"wp:term":[{"taxonomy":"category","embeddable":true,"href":"https:\/\/akdenizolaygazetesi.com\/index.php?rest_route=%2Fwp%2Fv2%2Fcategories&post=7984"},{"taxonomy":"post_tag","embeddable":true,"href":"https:\/\/akdenizolaygazetesi.com\/index.php?rest_route=%2Fwp%2Fv2%2Ftags&post=7984"}],"curies":[{"name":"wp","href":"https:\/\/api.w.org\/{rel}","templated":true}]}}