{"id":7985,"date":"2020-11-04T18:28:27","date_gmt":"2020-11-04T15:28:27","guid":{"rendered":"http:\/\/mersinekonomipolitikagazetesi.com\/?p=7985"},"modified":"2020-11-04T18:28:27","modified_gmt":"2020-11-04T15:28:27","slug":"aciklama-var-yalanlama-yok","status":"publish","type":"post","link":"https:\/\/akdenizolaygazetesi.com\/?p=7985","title":{"rendered":"A\u00c7IKLAMA VAR YALANLAMA YOK!"},"content":{"rendered":"<p><span style=\"line-height: 1.6em;\">\u00a0Mersin \u00dcniversitesi (ME\u00dc) Rekt\u00f6rl\u00fc\u011f\u00fc, CHP Mersin Milletvekili Ali Mahir Ba\u015far\u0131r&#8217;\u0131n g\u00fcndeme getirdi\u011fi ve baz\u0131 bas\u0131n yay\u0131n organlar\u0131nda yer alan &#8216;atama&#8217; iddialar\u0131na ili\u015fkin a\u00e7\u0131klama yapt\u0131.\u00a0<\/span><\/p>\n<p>ME\u00dc&#8217;n\u00fcn, kurumsal kimli\u011fine ve y\u00f6neticilerine y\u00f6nelik son d\u00f6nemde bas\u0131nda do\u011fru bilgiler i\u00e7ermeyen ve maksatl\u0131 oldu\u011fu d\u00fc\u015f\u00fcn\u00fclen haberler yer ald\u0131\u011f\u0131 ifade edilen a\u00e7\u0131klamada, &#8220;Bu haberlerin do\u011fru olmayan i\u00e7erik bar\u0131nd\u0131rmas\u0131n\u0131n yan\u0131 s\u0131ra, \u00fcniversitemizde yap\u0131lan b\u00fct\u00fcn atamalar 2547 Say\u0131l\u0131 Y\u00fcksek\u00f6\u011fretim Kanunu ve 657 Say\u0131l\u0131 Devlet Memurlar\u0131 Kanununun b\u00fct\u00fcn gerekliliklerine uyularak yap\u0131lm\u0131\u015ft\u0131r. Habere konu olan atamalar\u0131n tamam\u0131nda y\u00fczlerce m\u00fcracaat oldu\u011fu gibi, yap\u0131lan atamalar sonras\u0131 \u00fcniversitemize kar\u015f\u0131 herhangi bir hukuki itiraz da y\u00f6neltilmemi\u015ftir&#8221; denildi.\u00a0<br \/>\nT\u00fcm bunlarla birlikte bas\u0131na konu olan \u00f6nergenin sahibi olan Mersin Milletvekili Ali Mahir Ba\u015far\u0131r&#8217;\u0131n da konuyla ilgili bilgilendirildi\u011fi kaydedilen a\u00e7\u0131klamada, \u015fu ifadelere yer verildi:\u00a0<br \/>\n&#8220;Yap\u0131lan bu bilgilendirme sonras\u0131nda verilen \u00f6nergeyle ilgili yeniden de\u011ferlendirme yap\u0131laca\u011f\u0131 bilgisi verilmi\u015ftir. Bu hususu da kamuoyuyla sayg\u0131yla payla\u015fmak isteriz. \u00dcniversitemiz, \u00fcniversiteleraras\u0131 yap\u0131lan bilimsel s\u0131ralamalarda son alt\u0131 y\u0131lda akademik \u00e7al\u0131\u015fma ve projelerle her ge\u00e7en y\u0131l \u00fcst s\u0131ralara t\u0131rmanm\u0131\u015ft\u0131r. Buradan da anla\u015f\u0131laca\u011f\u0131 \u00fczere akademik kadrolar\u0131m\u0131z hem yasal mevzuat \u00e7er\u00e7evesinde hem de liyakat ilkeleri do\u011frultusunda g\u00fc\u00e7lendirilmi\u015ftir. Bundan sonraki s\u00fcre\u00e7te de \u00fcniversitemiz, \u00fclkemiz, b\u00f6lgemiz ve ilimiz i\u00e7in lokomotif kurum olma \u00f6zelli\u011fini s\u00fcrd\u00fcrecek, kaliteli e\u011fitim \u00f6\u011fretim, ar-ge faaliyetleri ve projeleriyle y\u00fckseli\u015fini s\u00fcrd\u00fcrmeye devam edecektir.&#8221;\u00a0<\/p>\n","protected":false},"excerpt":{"rendered":"<p>\u00a0Mersin \u00dcniversitesi (ME\u00dc) Rekt\u00f6rl\u00fc\u011f\u00fc, CHP Mersin Milletvekili Ali Mahir Ba\u015far\u0131r&#8217;\u0131n g\u00fcndeme getirdi\u011fi ve baz\u0131 bas\u0131n yay\u0131n organlar\u0131nda yer alan &#8216;atama&#8217; iddialar\u0131na ili\u015fkin a\u00e7\u0131klama yapt\u0131.\u00a0 ME\u00dc&#8217;n\u00fcn, kurumsal kimli\u011fine ve y\u00f6neticilerine y\u00f6nelik &hellip; <a href=\"https:\/\/akdenizolaygazetesi.com\/?p=7985\" class=\"more-link\">Devam\u0131n\u0131 Oku&#8230;<\/a><\/p>\n","protected":false},"author":1,"featured_media":0,"comment_status":"open","ping_status":"open","sticky":false,"template":"","format":"standard","meta":[],"categories":[],"tags":[],"_links":{"self":[{"href":"https:\/\/akdenizolaygazetesi.com\/index.php?rest_route=\/wp\/v2\/posts\/7985"}],"collection":[{"href":"https:\/\/akdenizolaygazetesi.com\/index.php?rest_route=\/wp\/v2\/posts"}],"about":[{"href":"https:\/\/akdenizolaygazetesi.com\/index.php?rest_route=\/wp\/v2\/types\/post"}],"author":[{"embeddable":true,"href":"https:\/\/akdenizolaygazetesi.com\/index.php?rest_route=\/wp\/v2\/users\/1"}],"replies":[{"embeddable":true,"href":"https:\/\/akdenizolaygazetesi.com\/index.php?rest_route=%2Fwp%2Fv2%2Fcomments&post=7985"}],"version-history":[{"count":0,"href":"https:\/\/akdenizolaygazetesi.com\/index.php?rest_route=\/wp\/v2\/posts\/7985\/revisions"}],"wp:attachment":[{"href":"https:\/\/akdenizolaygazetesi.com\/index.php?rest_route=%2Fwp%2Fv2%2Fmedia&parent=7985"}],"wp:term":[{"taxonomy":"category","embeddable":true,"href":"https:\/\/akdenizolaygazetesi.com\/index.php?rest_route=%2Fwp%2Fv2%2Fcategories&post=7985"},{"taxonomy":"post_tag","embeddable":true,"href":"https:\/\/akdenizolaygazetesi.com\/index.php?rest_route=%2Fwp%2Fv2%2Ftags&post=7985"}],"curies":[{"name":"wp","href":"https:\/\/api.w.org\/{rel}","templated":true}]}}