{"id":7988,"date":"2020-11-04T18:28:27","date_gmt":"2020-11-04T15:28:27","guid":{"rendered":"http:\/\/mersinekonomipolitikagazetesi.com\/?p=7988"},"modified":"2020-11-04T18:28:27","modified_gmt":"2020-11-04T15:28:27","slug":"deva-partisi-mersin-orgutu-calismalara-hizli-basladi","status":"publish","type":"post","link":"https:\/\/akdenizolaygazetesi.com\/?p=7988","title":{"rendered":"Deva Partisi Mersin \u00d6rg\u00fct\u00fc \u00e7al\u0131\u015fmalara h\u0131zl\u0131 ba\u015flad\u0131"},"content":{"rendered":"<p>Ekonomik ve sosyal olarak zor bir d\u00f6nemden ge\u00e7en T\u00fcrkiye\u2019ye yeni bir siyaset anlay\u0131\u015f\u0131 getirmek amac\u0131yla kurulan Demokrasi ve At\u0131l\u0131m Partisi (DEVA), Mersin\u2019de \u00f6rg\u00fctlenme \u00e7al\u0131\u015fmalar\u0131na h\u0131z verdi. Deva Partisi Mersin \u0130l Ba\u015fkanl\u0131\u011f\u0131 g\u00f6revine getirilen Cenk Cenkcimeno\u011flu, Kurucu Kurul \u00dcyeleri ile \u00a0il ve il\u00e7e kadrolar\u0131n\u0131n olu\u015fmas\u0131 i\u00e7in bulu\u015ftu.<br \/>\n\u00a0<br \/>\nMERS\u0130N \u00d6RG\u00dcTLENMES\u0130 TAMAMLANMA A\u015eAMASINDA<\/p>\n<p>Ekonomi ve i\u015f d\u00fcnyas\u0131ndan \u00f6nemli isimlerin a\u011f\u0131rl\u0131kta oldu\u011fu Mihrimah Co\u015fan Ar\u0131kan, Yakup Gitmi\u015f, A. Aslan G\u00fclter, Erkin Kara, H\u00fcseyin Taner, Fesih Y\u0131ld\u0131r\u0131m\u2019dan olu\u015fan kadro, \u0130l Ba\u015fkan\u0131 Cenk Cenkcimeo\u011flu \u00f6nderli\u011finde sa\u011fl\u0131kl\u0131 bir \u00f6rg\u00fctlenme yapabilmek amac\u0131yla titiz bir \u00e7al\u0131\u015fma s\u00fcrd\u00fcr\u00fcyor.<\/p>\n<p>\u0130l ve il\u00e7e \u00f6rg\u00fctleri, parti binalar\u0131 gibi genel konular\u0131n kararla\u015ft\u0131r\u0131larak, haz\u0131rl\u0131klar\u0131n bir an \u00f6nce tamamlanmas\u0131 amac\u0131yla \u00fcst \u00fcste yapt\u0131klar\u0131 toplant\u0131larda bir araya gelen kurul \u00fcyeleri, Mersin\u2019de s\u00fcrd\u00fcr\u00fclecek \u00e7al\u0131\u015fmalar hakk\u0131nda fikir al\u0131\u015fveri\u015finde buluyor.<br \/>\n\u00a0<br \/>\n\u2018SAYIN BABACAN\u2019IN G\u00dcC\u00dcNE MERS\u0130N\u2019\u0130N DESTE\u011e\u0130N\u0130 KATACA\u011eIZ\u2019<\/p>\n<p>\u00dclkemizin ya\u015fad\u0131\u011f\u0131 sorunlara acil \u00e7\u00f6z\u00fcmler getirebilmek amac\u0131yla yola \u00e7\u0131kmalar\u0131n\u0131n ard\u0131ndan, vatanda\u015flardan yo\u011fun ilgi g\u00f6ren Deva Partisi, \u00a0Mersin \u00f6rg\u00fctlenmesini sa\u011fl\u0131kl\u0131 bir bi\u00e7imde olu\u015fturmak i\u00e7in \u00a0\u00e7al\u0131\u015ft\u0131klar\u0131n\u0131 belirten \u00a0\u0130l Ba\u015fkan\u0131 Cenk Cenkcimeo\u011flu, \u201c\u00dclkemizde son y\u0131llarda ya\u015fanan s\u0131k\u0131nt\u0131lar, i\u00e7erisinde bulundu\u011fumuz Korona vir\u00fcs\u00fc dolay\u0131s\u0131 ile iyice kendisini g\u00f6stermi\u015ftir. T\u00fcrkiye\u2019yi bu zor d\u00f6nemden \u00e7\u0131karmak ac\u0131yla Genel Ba\u015fkan\u0131m\u0131z Say\u0131n Ali Babacan\u2019a \u00e7\u0131kt\u0131\u011f\u0131 bu yolda en g\u00fc\u00e7l\u00fc deste\u011fi verebilmek ad\u0131na \u00e7al\u0131\u015f\u0131yoruz. En k\u0131sa s\u00fcrede Mersin \u00f6rg\u00fctlenmemizi tamamlamak i\u00e7in Kurucu kurul \u00fcyelerimizle birlikte titiz bir \u00e7al\u0131\u015fma y\u00fcr\u00fct\u00fcyoruz. Genel Ba\u015fkan\u0131m\u0131z\u0131n dinamik yap\u0131s\u0131na destek verecek parti t\u00fcz\u00fc\u011f\u00fcm\u00fczde de yer ald\u0131\u011f\u0131 gibi y\u00f6netimde s\u00f6z sahibi olacak kad\u0131nlar\u0131n en az y\u00fczde 30, gen\u00e7lerin ise y\u00fczde 25 a\u011f\u0131rl\u0131kta oldu\u011fu bir \u00f6rg\u00fctlenme yapmak istiyoruz. \u00d6zellikle daha \u00f6nce siyasette yer almam\u0131\u015f insanlar\u0131m\u0131z\u0131 kadromuza katmak istiyoruz. Bu nedenle son derece hassas davran\u0131yoruz. Halk\u0131m\u0131z\u0131n tevecc\u00fch\u00fc ile b\u00f6ylesi k\u0131sa bir s\u00fcrede \u00e7ok b\u00fcy\u00fck yol kat eden Demokrasi ve At\u0131l\u0131m Partimize Mersin\u2019in g\u00fcc\u00fcn\u00fc de katarak iktidar hedefine ko\u015far ad\u0131m ilerleyece\u011fiz\u201d dedi.\u00a0<\/p>\n","protected":false},"excerpt":{"rendered":"<p>Ekonomik ve sosyal olarak zor bir d\u00f6nemden ge\u00e7en T\u00fcrkiye\u2019ye yeni bir siyaset anlay\u0131\u015f\u0131 getirmek amac\u0131yla kurulan Demokrasi ve At\u0131l\u0131m Partisi (DEVA), Mersin\u2019de \u00f6rg\u00fctlenme \u00e7al\u0131\u015fmalar\u0131na h\u0131z verdi. Deva Partisi Mersin \u0130l &hellip; <a href=\"https:\/\/akdenizolaygazetesi.com\/?p=7988\" class=\"more-link\">Devam\u0131n\u0131 Oku&#8230;<\/a><\/p>\n","protected":false},"author":1,"featured_media":0,"comment_status":"open","ping_status":"open","sticky":false,"template":"","format":"standard","meta":[],"categories":[],"tags":[],"_links":{"self":[{"href":"https:\/\/akdenizolaygazetesi.com\/index.php?rest_route=\/wp\/v2\/posts\/7988"}],"collection":[{"href":"https:\/\/akdenizolaygazetesi.com\/index.php?rest_route=\/wp\/v2\/posts"}],"about":[{"href":"https:\/\/akdenizolaygazetesi.com\/index.php?rest_route=\/wp\/v2\/types\/post"}],"author":[{"embeddable":true,"href":"https:\/\/akdenizolaygazetesi.com\/index.php?rest_route=\/wp\/v2\/users\/1"}],"replies":[{"embeddable":true,"href":"https:\/\/akdenizolaygazetesi.com\/index.php?rest_route=%2Fwp%2Fv2%2Fcomments&post=7988"}],"version-history":[{"count":0,"href":"https:\/\/akdenizolaygazetesi.com\/index.php?rest_route=\/wp\/v2\/posts\/7988\/revisions"}],"wp:attachment":[{"href":"https:\/\/akdenizolaygazetesi.com\/index.php?rest_route=%2Fwp%2Fv2%2Fmedia&parent=7988"}],"wp:term":[{"taxonomy":"category","embeddable":true,"href":"https:\/\/akdenizolaygazetesi.com\/index.php?rest_route=%2Fwp%2Fv2%2Fcategories&post=7988"},{"taxonomy":"post_tag","embeddable":true,"href":"https:\/\/akdenizolaygazetesi.com\/index.php?rest_route=%2Fwp%2Fv2%2Ftags&post=7988"}],"curies":[{"name":"wp","href":"https:\/\/api.w.org\/{rel}","templated":true}]}}