{"id":7991,"date":"2020-11-04T18:28:27","date_gmt":"2020-11-04T15:28:27","guid":{"rendered":"http:\/\/mersinekonomipolitikagazetesi.com\/?p=7991"},"modified":"2020-11-04T18:28:27","modified_gmt":"2020-11-04T15:28:27","slug":"akkuyuyu-veto-edin","status":"publish","type":"post","link":"https:\/\/akdenizolaygazetesi.com\/?p=7991","title":{"rendered":"AKKUYU\u2019YU \u2018VETO\u2019 ED\u0130N"},"content":{"rendered":"<p>Serdar Erkan: \u201cAkkuyu\u2019yu hukuki zemine ta\u015f\u0131maya ve tarihi sorumluluklar\u0131n\u0131n gere\u011fini yapmaya davet ediyorum\u201d<\/p>\n<p>Mersin B\u00fcy\u00fck\u015fehir Belediye Meclisi\u2019nin 10 A\u011fustos 2020 1. birle\u015fiminde g\u00fcndeme gelen Akkuyu Enerji Hatlar\u0131n\u0131n altyap\u0131 imar planlar\u0131 g\u00f6r\u00fc\u015f\u00fclm\u00fc\u015ft\u00fc.<br \/>\nYap\u0131lan g\u00f6r\u00fc\u015fmelerde Cumhur ittifak\u0131 \u00fcyeleri CHP\u2019li \u00fcyeleri ikna etmek i\u00e7in \u201cFransa\u2019da var, Fransa\u2019ya gidelim, \u00a0g\u00f6relim\u201d demi\u015f, CHP\u2019li \u00fcyeler de \u00f6neriye itiraz ve red etmi\u015flerdi.\u00a0<\/p>\n<p>AB ATOM SANTRALLER\u0130N\u0130 BEL\u0130RL\u0130 HEDEF DAH\u0130L\u0130NDE KAPATIYOR!<\/p>\n<p>1970\u2019lerdeki Petrol \u00a0Ambargosu nedeniyle zorunlu olarak y\u0131llarca Atom Santralleri kuran AB ve di\u011fer \u00fclkelerin, yenilenebilir enerji kaynaklar\u0131ndaki teknolojik geli\u015fmeler ile yeni do\u011falgaz ve kayagaz\u0131 vb alternatif enerji kaynaklar\u0131n\u0131n bulunmas\u0131yla en ge\u00e7 2030 y\u0131l\u0131na kadar Atom santrallerini kapatmay\u0131 planlay\u0131p uygulad\u0131\u011f\u0131n\u0131 vurgulayan Eski Makine M\u00fchendisleri Odas\u0131 Ba\u015fkan\u0131 Serdar Erkan: \u201cCumhur ittifak\u0131 \u00fcyeleri bu durumu g\u00f6zard\u0131 ediyorlar. 50-60 y\u0131ld\u0131r devlet eliyle a\u00e7\u0131lan ve i\u015fletilen eski atom santrallerini \u00a0\u00fclkemize \u00f6rnek g\u00f6steriyorlar. \u00c7a\u011fd\u0131\u015f\u0131 bir tutum, e\u011fer samimi iseler Fransa ve AB de yeni a\u00e7\u0131lm\u0131\u015f veya a\u00e7\u0131lacak bir tane Atom Santralini \u00f6rnek g\u00f6stersinler.\u201d diye konu\u015ftu.<\/p>\n<p>SE\u00c7ER DE AKKUYU SANTRAL\u0130\u2019NE DAVA A\u00c7MI\u015eTI!<\/p>\n<p>TMMOB, TEMA, Mersin \u00c7evre \u00c7evre Derne\u011fi (MER\u00c7ED) ve bir \u00e7ok \u00e7evre derne\u011fi taraf\u0131ndan Akkuyu \u00c7ED raporuna kar\u015f\u0131 a\u00e7\u0131lan hukuk davas\u0131nda; Mersin\u2019den Vahap Se\u00e7er, Burhanettin Kocamaz ile kendisinin de dahil oldu\u011fu bir grup arkada\u015f\u0131n imza att\u0131\u011f\u0131n\u0131 belirten Serdar Erkan, \u201cMersin\u2019in ve \u00e7ocuklar\u0131m\u0131z\u0131n gelece\u011fini kabusa d\u00f6nd\u00fcrece\u011fine inand\u0131\u011f\u0131m\u0131z ve Akkuyu B\u00f6lgesini Rusya\u2019n\u0131n N\u00fckleer Vilayeti ve \u00fcss\u00fc haline getirecek bu yat\u0131r\u0131ma kar\u015f\u0131 dava a\u00e7m\u0131\u015ft\u0131k. Bu dava ayn\u0131 zamanda Mersinlilerin 45 y\u0131ld\u0131r m\u00fccadelesini temsil ediyordu. Bu dava, m\u00fch\u00fcrs\u00fcz evet \u00e7\u0131kan oylarla kabul edilen Cumhurba\u015fkanl\u0131\u011f\u0131 sistemi referandumu sonras\u0131nda 2017 y\u0131l\u0131 sonunda, Dan\u0131\u015ftay Genel Kurulunda g\u00f6r\u00fc\u015f\u00fclm\u00fc\u015f ve reddedilmi\u015fti.\u201d dedi.<\/p>\n<p>KENT KONSEY\u0130 ANKET\u0130NDE \u2018MERS\u0130N\u2019L\u0130LER\u0130N Y\u00dcZDE 85\u2019\u0130\u2018 \u0130STEMEM\u0130\u015eT\u0130!<\/p>\n<p>1992\u2019de imzalayarak taraf oldu\u011fumuz Rio S\u00f6zle\u015fmesi gere\u011fi, yerel y\u00f6netimlerin resmi organ\u0131 olan kenti konseylerinin, tam da \u00e7evre konusunda halk\u0131n gelece\u011fine y\u00f6nelik kararlarda taraf olmas\u0131 i\u00e7in kurulmu\u015f oldu\u011funu hat\u0131rlatan Erkan, 2017 Haziran\u0131nda Mersin Kent Konseyi\u2019nin yapt\u0131\u011f\u0131 resmi ve bilimsel ankette 45 y\u0131ld\u0131r m\u00fccadele eden Mersinlilerin y\u00fczde 85\u2019nin Akkuyu Atom Santrali\u2019ni istemedi\u011finin ortaya \u00e7\u0131km\u0131\u015f oldu\u011funu s\u00f6yledi.<\/p>\n<p>SE\u00c7ER\u2019\u0130N \u00a0MERS\u0130NL\u0130LER ADINA \u2018KARARI VETO EDECE\u011e\u0130NE\u2019 \u0130NANIYORUZ<\/p>\n<p>Vahap Se\u00e7er\u2019in 2017 Mersin B\u00fcy\u00fck\u015fehir Kent Konseyi\u2019nin anketini esas alarak \u2019veto\u2019 ederek, Mersin halk\u0131n\u0131n b\u00fcy\u00fck bir \u00e7o\u011funlu\u011funun Akkuyu\u2019da atom santralini istemedi\u011fini \u00a0T\u00fcrkiye ve D\u00fcnya kamuoyuna duyuraca\u011f\u0131na inand\u0131\u011f\u0131n\u0131 belirten Serdar Erkan, \u201c\u00d6mr\u00fc iktidar\u0131n \u00f6mr\u00fcyle s\u0131n\u0131rl\u0131 olan bu yat\u0131r\u0131m kar\u015f\u0131s\u0131nda \u00f6nemli olan bug\u00fcn ve yar\u0131n taraf kalabilmektir. Burada da Ekrem \u0130mamo\u011flu\u2019nun \u0130stanbul\u2019lular\u0131n gelece\u011fi ad\u0131na Kanal \u0130stanbul i\u00e7in verdi\u011fi m\u00fccadele \u00f6rnek al\u0131nmal\u0131d\u0131r.<br \/>\nCumhur ittifak\u0131 \u00fcyelerince kabul edilen karar\u0131 Veto ve sonras\u0131nda Mersin B\u00fcy\u00fck\u015fehir Belediyesi ad\u0131na a\u00e7\u0131lacak davada, ba\u015fta Mersinliler, millet ittifak\u0131 meclis \u00fcyeleri ile Demokratik Kitle ve \u00c7evre \u00a0\u00d6rg\u00fctleri a\u00e7\u0131lacak kendisini destekleyecek ve davaya taraf olacakt\u0131r. Konuyla ilgili eski bir meslek odas\u0131 ba\u015fkan\u0131 ve bir Mersinli olarak<br \/>\nVahap Se\u00e7er\u2019i \u00a0ve vicdan sahibi t\u00fcm meclis \u00fcyeleri ile, meclis g\u00f6r\u00fc\u015fmelerinde kar\u015f\u0131 olduklar\u0131n\u0131 a\u00e7\u0131klayan ve tarihe not d\u00fc\u015fen meclis \u00fcyelerini konu\u015fmalar\u0131n\u0131 \u015fimdi hukuki zemine ta\u015f\u0131maya ve tarihi sorumluluklar\u0131n\u0131n gere\u011fini yapmaya davet ediyorum. Mersinliler olarak Anamur\u2019dan Yenice\u2019ye kadar kentimizi emanet etti\u011fimiz B\u00fcy\u00fck\u015fehir Belediye Ba\u015fkan\u0131 ve t\u00fcm meclis \u00fcyelerini bu konuda gere\u011fini yapaca\u011f\u0131na g\u00fcveniyoruz. Ayn\u0131 zamanda, CHP\u2019nin emektar\u0131 ve T\u00fcrkiye\u2019nin ilk \u00e7evre aktivisti ve Akkuyu Atom Santraline kar\u015f\u0131 ilk m\u00fccadeleyi ba\u015flatan rahmetli Aslan Eyce ile Mersin halk\u0131n\u0131n 45 y\u0131lll\u0131k m\u00fccadelesine ve \u201cAnayasal ya\u015fanabilir \u00e7evre hakk\u0131na\u201d sahip \u00e7\u0131kaca\u011f\u0131na inan\u0131yoruz.\u201d \u015feklinde konu\u015ftu.<\/p>\n","protected":false},"excerpt":{"rendered":"<p>Serdar Erkan: \u201cAkkuyu\u2019yu hukuki zemine ta\u015f\u0131maya ve tarihi sorumluluklar\u0131n\u0131n gere\u011fini yapmaya davet ediyorum\u201d Mersin B\u00fcy\u00fck\u015fehir Belediye Meclisi\u2019nin 10 A\u011fustos 2020 1. birle\u015fiminde g\u00fcndeme gelen Akkuyu Enerji Hatlar\u0131n\u0131n altyap\u0131 imar planlar\u0131 &hellip; <a href=\"https:\/\/akdenizolaygazetesi.com\/?p=7991\" class=\"more-link\">Devam\u0131n\u0131 Oku&#8230;<\/a><\/p>\n","protected":false},"author":1,"featured_media":0,"comment_status":"open","ping_status":"open","sticky":false,"template":"","format":"standard","meta":[],"categories":[],"tags":[],"_links":{"self":[{"href":"https:\/\/akdenizolaygazetesi.com\/index.php?rest_route=\/wp\/v2\/posts\/7991"}],"collection":[{"href":"https:\/\/akdenizolaygazetesi.com\/index.php?rest_route=\/wp\/v2\/posts"}],"about":[{"href":"https:\/\/akdenizolaygazetesi.com\/index.php?rest_route=\/wp\/v2\/types\/post"}],"author":[{"embeddable":true,"href":"https:\/\/akdenizolaygazetesi.com\/index.php?rest_route=\/wp\/v2\/users\/1"}],"replies":[{"embeddable":true,"href":"https:\/\/akdenizolaygazetesi.com\/index.php?rest_route=%2Fwp%2Fv2%2Fcomments&post=7991"}],"version-history":[{"count":0,"href":"https:\/\/akdenizolaygazetesi.com\/index.php?rest_route=\/wp\/v2\/posts\/7991\/revisions"}],"wp:attachment":[{"href":"https:\/\/akdenizolaygazetesi.com\/index.php?rest_route=%2Fwp%2Fv2%2Fmedia&parent=7991"}],"wp:term":[{"taxonomy":"category","embeddable":true,"href":"https:\/\/akdenizolaygazetesi.com\/index.php?rest_route=%2Fwp%2Fv2%2Fcategories&post=7991"},{"taxonomy":"post_tag","embeddable":true,"href":"https:\/\/akdenizolaygazetesi.com\/index.php?rest_route=%2Fwp%2Fv2%2Ftags&post=7991"}],"curies":[{"name":"wp","href":"https:\/\/api.w.org\/{rel}","templated":true}]}}