{"id":7993,"date":"2020-11-04T18:28:27","date_gmt":"2020-11-04T15:28:27","guid":{"rendered":"http:\/\/mersinekonomipolitikagazetesi.com\/?p=7993"},"modified":"2020-11-04T18:28:27","modified_gmt":"2020-11-04T15:28:27","slug":"bozyazi-ilce-jandarma-komutani-karakus-gorevine-basladi","status":"publish","type":"post","link":"https:\/\/akdenizolaygazetesi.com\/?p=7993","title":{"rendered":"Bozyaz\u0131 \u0130l\u00e7e Jandarma Komutan\u0131 Karaku\u015f g\u00f6revine ba\u015flad\u0131"},"content":{"rendered":"<p>Mersin&#8217;in Bozyaz\u0131 \u0130l\u00e7e Jandarma Komutanl\u0131\u011f\u0131 g\u00f6revine atanan Y\u00fczba\u015f\u0131 Serhat Karaku\u015f g\u00f6revine ba\u015flad\u0131.<br \/>\n\u00a0<br \/>\nErzincan \u0130l Jandarma Komutanl\u0131\u011f\u0131nda g\u00f6revli iken Bozyaz\u0131 \u0130l\u00e7e Jandarma Komutanl\u0131\u011f\u0131na atanan Y\u00fczba\u015f\u0131 Karaku\u015f, Kaymakam\u0131 Arif Yal\u00e7\u0131n\u2019\u0131n \u2018vatanda\u015fla bulu\u015fma toplant\u0131s\u0131\u2019na kat\u0131ld\u0131. Burada kendini tan\u0131tan Karaku\u015f, Bozyaz\u0131 gibi g\u00fczel bir il\u00e7ede g\u00f6reve ba\u015flad\u0131\u011f\u0131ndan duydu\u011fu memnuniyeti dile getirerek, il\u00e7enin huzur ve g\u00fcvenli\u011fini en iyi \u015fekilde sa\u011flamak i\u00e7in \u00e7al\u0131\u015facaklar\u0131n\u0131 s\u00f6yledi.\u00a0<br \/>\n\u00dcste\u011fmen \u00d6zer Din\u00e7er\u2019in Elaz\u0131\u011f Baskil \u0130l\u00e7e Jandarma Komutanl\u0131\u011f\u0131na atanmas\u0131n\u0131n ard\u0131ndan Bozyaz\u0131 \u0130l\u00e7e Jandarma Komutanl\u0131\u011f\u0131na Y\u00fczba\u015f\u0131 Serhat Karaku\u015f atanm\u0131\u015ft\u0131. \u00a0<\/p>\n","protected":false},"excerpt":{"rendered":"<p>Mersin&#8217;in Bozyaz\u0131 \u0130l\u00e7e Jandarma Komutanl\u0131\u011f\u0131 g\u00f6revine atanan Y\u00fczba\u015f\u0131 Serhat Karaku\u015f g\u00f6revine ba\u015flad\u0131. \u00a0 Erzincan \u0130l Jandarma Komutanl\u0131\u011f\u0131nda g\u00f6revli iken Bozyaz\u0131 \u0130l\u00e7e Jandarma Komutanl\u0131\u011f\u0131na atanan Y\u00fczba\u015f\u0131 Karaku\u015f, Kaymakam\u0131 Arif Yal\u00e7\u0131n\u2019\u0131n \u2018vatanda\u015fla &hellip; <a href=\"https:\/\/akdenizolaygazetesi.com\/?p=7993\" class=\"more-link\">Devam\u0131n\u0131 Oku&#8230;<\/a><\/p>\n","protected":false},"author":1,"featured_media":0,"comment_status":"open","ping_status":"open","sticky":false,"template":"","format":"standard","meta":[],"categories":[],"tags":[],"_links":{"self":[{"href":"https:\/\/akdenizolaygazetesi.com\/index.php?rest_route=\/wp\/v2\/posts\/7993"}],"collection":[{"href":"https:\/\/akdenizolaygazetesi.com\/index.php?rest_route=\/wp\/v2\/posts"}],"about":[{"href":"https:\/\/akdenizolaygazetesi.com\/index.php?rest_route=\/wp\/v2\/types\/post"}],"author":[{"embeddable":true,"href":"https:\/\/akdenizolaygazetesi.com\/index.php?rest_route=\/wp\/v2\/users\/1"}],"replies":[{"embeddable":true,"href":"https:\/\/akdenizolaygazetesi.com\/index.php?rest_route=%2Fwp%2Fv2%2Fcomments&post=7993"}],"version-history":[{"count":0,"href":"https:\/\/akdenizolaygazetesi.com\/index.php?rest_route=\/wp\/v2\/posts\/7993\/revisions"}],"wp:attachment":[{"href":"https:\/\/akdenizolaygazetesi.com\/index.php?rest_route=%2Fwp%2Fv2%2Fmedia&parent=7993"}],"wp:term":[{"taxonomy":"category","embeddable":true,"href":"https:\/\/akdenizolaygazetesi.com\/index.php?rest_route=%2Fwp%2Fv2%2Fcategories&post=7993"},{"taxonomy":"post_tag","embeddable":true,"href":"https:\/\/akdenizolaygazetesi.com\/index.php?rest_route=%2Fwp%2Fv2%2Ftags&post=7993"}],"curies":[{"name":"wp","href":"https:\/\/api.w.org\/{rel}","templated":true}]}}