{"id":7994,"date":"2020-11-04T18:28:27","date_gmt":"2020-11-04T15:28:27","guid":{"rendered":"http:\/\/mersinekonomipolitikagazetesi.com\/?p=7994"},"modified":"2020-11-04T18:28:27","modified_gmt":"2020-11-04T15:28:27","slug":"tarsus-idman-yurdu-ic-transferde-12-oyuncuyla-anlasti","status":"publish","type":"post","link":"https:\/\/akdenizolaygazetesi.com\/?p=7994","title":{"rendered":"Tarsus \u0130dman Yurdu i\u00e7 transferde  12 oyuncuyla anla\u015ft\u0131"},"content":{"rendered":"<p>TFF 2. Lig ekiplerinden Tarsus \u0130dman Yurdu, 2020-2021 futbol sezonu \u00f6ncesi transfer \u00e7al\u0131\u015fmalar\u0131na ba\u015flad\u0131.\u00a0<br \/>\nTarsus \u0130dman Yurdu Bas\u0131n S\u00f6zc\u00fcs\u00fc Hakan Canan Can, i\u00e7 transferde 12 oyuncuyla yeniden anla\u015fma sa\u011flad\u0131klar\u0131n\u0131 bildirdi.\u00a0<br \/>\n\u0130\u00e7 transferde kaleciler Bar\u0131\u015f ve An\u0131l, oyunculardan Kaplan, \u00c7a\u011fr\u0131, Samet, \u0130brahim, Ayta\u00e7, Onur, As\u0131m, Mert, Cem, Mahsun ile yeniden s\u00f6zle\u015fme yenilediklerini kaydeden Bas\u0131n S\u00f6zc\u00fcs\u00fc Can, i\u00e7 transferde anla\u015fmak istedikleri di\u011fer oyuncular ile de Pazartesi g\u00fcn\u00fcnden itibaren g\u00f6r\u00fc\u015feceklerini belirtti.\u00a0<br \/>\nBasin s\u00f6zc\u00fcs\u00fc Can, Teknik Direkt\u00f6r Erg\u00fcn Penbe ekibiyle her konuda anla\u015ft\u0131klar\u0131n\u0131 hafta aras\u0131 s\u00f6zle\u015fme yenilemek istediklerini vurgulayarak, d\u0131\u015f transfer \u00e7al\u0131\u015fmalar\u0131nda ise daha \u00f6nce belirledikleri oyuncularla g\u00f6r\u00fc\u015fmelerin s\u00fcrd\u00fc\u011f\u00fcn\u00fc s\u00f6yledi. \u00a0<\/p>\n","protected":false},"excerpt":{"rendered":"<p>TFF 2. Lig ekiplerinden Tarsus \u0130dman Yurdu, 2020-2021 futbol sezonu \u00f6ncesi transfer \u00e7al\u0131\u015fmalar\u0131na ba\u015flad\u0131.\u00a0 Tarsus \u0130dman Yurdu Bas\u0131n S\u00f6zc\u00fcs\u00fc Hakan Canan Can, i\u00e7 transferde 12 oyuncuyla yeniden anla\u015fma sa\u011flad\u0131klar\u0131n\u0131 bildirdi.\u00a0 &hellip; <a href=\"https:\/\/akdenizolaygazetesi.com\/?p=7994\" class=\"more-link\">Devam\u0131n\u0131 Oku&#8230;<\/a><\/p>\n","protected":false},"author":1,"featured_media":0,"comment_status":"open","ping_status":"open","sticky":false,"template":"","format":"standard","meta":[],"categories":[],"tags":[],"_links":{"self":[{"href":"https:\/\/akdenizolaygazetesi.com\/index.php?rest_route=\/wp\/v2\/posts\/7994"}],"collection":[{"href":"https:\/\/akdenizolaygazetesi.com\/index.php?rest_route=\/wp\/v2\/posts"}],"about":[{"href":"https:\/\/akdenizolaygazetesi.com\/index.php?rest_route=\/wp\/v2\/types\/post"}],"author":[{"embeddable":true,"href":"https:\/\/akdenizolaygazetesi.com\/index.php?rest_route=\/wp\/v2\/users\/1"}],"replies":[{"embeddable":true,"href":"https:\/\/akdenizolaygazetesi.com\/index.php?rest_route=%2Fwp%2Fv2%2Fcomments&post=7994"}],"version-history":[{"count":0,"href":"https:\/\/akdenizolaygazetesi.com\/index.php?rest_route=\/wp\/v2\/posts\/7994\/revisions"}],"wp:attachment":[{"href":"https:\/\/akdenizolaygazetesi.com\/index.php?rest_route=%2Fwp%2Fv2%2Fmedia&parent=7994"}],"wp:term":[{"taxonomy":"category","embeddable":true,"href":"https:\/\/akdenizolaygazetesi.com\/index.php?rest_route=%2Fwp%2Fv2%2Fcategories&post=7994"},{"taxonomy":"post_tag","embeddable":true,"href":"https:\/\/akdenizolaygazetesi.com\/index.php?rest_route=%2Fwp%2Fv2%2Ftags&post=7994"}],"curies":[{"name":"wp","href":"https:\/\/api.w.org\/{rel}","templated":true}]}}