{"id":7995,"date":"2020-11-04T18:28:27","date_gmt":"2020-11-04T15:28:27","guid":{"rendered":"http:\/\/mersinekonomipolitikagazetesi.com\/?p=7995"},"modified":"2020-11-04T18:28:27","modified_gmt":"2020-11-04T15:28:27","slug":"yuruyus-yolunda-motosikletin-isi-ne","status":"publish","type":"post","link":"https:\/\/akdenizolaygazetesi.com\/?p=7995","title":{"rendered":"Y\u00dcR\u00dcY\u00dc\u015e YOLUNDA MOTOS\u0130KLET\u0130N \u0130\u015e\u0130 NE?"},"content":{"rendered":"<p>Sahil y\u00fcr\u00fcy\u00fc\u015f yolunda motosiklet ter\u00f6r\u00fc devam ediyor. Mersinliler, \u201cSahillerimizde \u00f6zg\u00fcrce korkmadan y\u00fcr\u00fcmek istiyoruz\u2019\u2019 dedi.<\/p>\n<p>Adnan Menderes\u2019te bulunan y\u00fcr\u00fcy\u00fc\u015f yolunu kullanan vatanda\u015flar motosiklet kullan\u0131m\u0131n\u0131n yol a\u00e7t\u0131\u011f\u0131 rahats\u0131zl\u0131k ve d\u00fczensizli\u011fe tepki g\u00f6steriyor.<br \/>\nG\u00fcr\u00fclt\u00fc kirlili\u011fi ve kaza tehlikesine neden olan motosiklet kullan\u0131m\u0131n\u0131n y\u00fcr\u00fcy\u00fc\u015f yolunda ger\u00e7ekle\u015fmesinin engellenmesi istenildi. Vatanda\u015flar Mersin\u2019in g\u00fczelli\u011fini y\u00fcr\u00fcy\u00fc\u015f yolunda gezen motosikletlilerin g\u00fcr\u00fclt\u00fc ve tehlike ile kirletti\u011fini belirterek, \u201cY\u00fcr\u00fcy\u00fc\u015f yolunu kullanan herkes birden arkadan bir motor bana \u00e7arpabilir korkusuyla geziyor! Ailemizin, \u00e7ocuklar\u0131m\u0131z\u0131n ellerini b\u0131rakarak g\u00fcvenle gezemiyoruz. Kaza tehlikesi var. \u00d6zellikle yabanc\u0131 uyruklu ki\u015filer motorlarla yollar\u0131 i\u015fgal ederek yine motosiklet b\u00fcy\u00fckl\u00fc\u011f\u00fcnde elektrikli bisikletlerle de tehlike yarat\u0131yorlar..!\u201d diyerek tepki g\u00f6sterdiler.<br \/>\n\u00a0<br \/>\n\u201cSahillerimizde \u00f6zg\u00fcrce korkmadan y\u00fcr\u00fcyebilmek istiyoruz\u2019\u2019<br \/>\n\u00a0<br \/>\n\u00a0<br \/>\nY\u00fcr\u00fcy\u00fc\u015f yoluna \u2018Motosikletle girmek yasak\u2019 tabelalar\u0131n\u0131n ve uyar\u0131c\u0131 levhalar\u0131nda bulunmad\u0131\u011f\u0131n\u0131 belirten vatanda\u015flar, \u201cTabelalar konularak zab\u0131ta ve emniyet g\u00fc\u00e7leri cezai i\u015flem uygularlarsa Mersinler hak etti\u011fi rahata kavu\u015fabilir. Bir motosikletin \u00fczerinde anne, baba ve kucaklar\u0131nda iki \u00e7ocuk ile tehlikeli yolculuk yapan ki\u015filer de uyar\u0131l\u0131r ve kaza riski ortadan kalkar. Sahillerimizde \u00f6zg\u00fcrce ve korkmadan y\u00fcr\u00fcyebilmek istiyoruz\u2019\u2019 \u015fekilde konu\u015ftu.<\/p>\n","protected":false},"excerpt":{"rendered":"<p>Sahil y\u00fcr\u00fcy\u00fc\u015f yolunda motosiklet ter\u00f6r\u00fc devam ediyor. Mersinliler, \u201cSahillerimizde \u00f6zg\u00fcrce korkmadan y\u00fcr\u00fcmek istiyoruz\u2019\u2019 dedi. Adnan Menderes\u2019te bulunan y\u00fcr\u00fcy\u00fc\u015f yolunu kullanan vatanda\u015flar motosiklet kullan\u0131m\u0131n\u0131n yol a\u00e7t\u0131\u011f\u0131 rahats\u0131zl\u0131k ve d\u00fczensizli\u011fe tepki g\u00f6steriyor. &hellip; <a href=\"https:\/\/akdenizolaygazetesi.com\/?p=7995\" class=\"more-link\">Devam\u0131n\u0131 Oku&#8230;<\/a><\/p>\n","protected":false},"author":1,"featured_media":0,"comment_status":"open","ping_status":"open","sticky":false,"template":"","format":"standard","meta":[],"categories":[],"tags":[],"_links":{"self":[{"href":"https:\/\/akdenizolaygazetesi.com\/index.php?rest_route=\/wp\/v2\/posts\/7995"}],"collection":[{"href":"https:\/\/akdenizolaygazetesi.com\/index.php?rest_route=\/wp\/v2\/posts"}],"about":[{"href":"https:\/\/akdenizolaygazetesi.com\/index.php?rest_route=\/wp\/v2\/types\/post"}],"author":[{"embeddable":true,"href":"https:\/\/akdenizolaygazetesi.com\/index.php?rest_route=\/wp\/v2\/users\/1"}],"replies":[{"embeddable":true,"href":"https:\/\/akdenizolaygazetesi.com\/index.php?rest_route=%2Fwp%2Fv2%2Fcomments&post=7995"}],"version-history":[{"count":0,"href":"https:\/\/akdenizolaygazetesi.com\/index.php?rest_route=\/wp\/v2\/posts\/7995\/revisions"}],"wp:attachment":[{"href":"https:\/\/akdenizolaygazetesi.com\/index.php?rest_route=%2Fwp%2Fv2%2Fmedia&parent=7995"}],"wp:term":[{"taxonomy":"category","embeddable":true,"href":"https:\/\/akdenizolaygazetesi.com\/index.php?rest_route=%2Fwp%2Fv2%2Fcategories&post=7995"},{"taxonomy":"post_tag","embeddable":true,"href":"https:\/\/akdenizolaygazetesi.com\/index.php?rest_route=%2Fwp%2Fv2%2Ftags&post=7995"}],"curies":[{"name":"wp","href":"https:\/\/api.w.org\/{rel}","templated":true}]}}