{"id":7996,"date":"2020-11-04T18:28:27","date_gmt":"2020-11-04T15:28:27","guid":{"rendered":"http:\/\/mersinekonomipolitikagazetesi.com\/?p=7996"},"modified":"2020-11-04T18:28:27","modified_gmt":"2020-11-04T15:28:27","slug":"orman-yanginlari-devam-ediyor","status":"publish","type":"post","link":"https:\/\/akdenizolaygazetesi.com\/?p=7996","title":{"rendered":"Orman yang\u0131nlar\u0131 devam ediyor"},"content":{"rendered":"<p>Mersin&#8217;in Bozyaz\u0131 il\u00e7esinde yerle\u015fim yerlerine yak\u0131n b\u00f6lgede \u00e7\u0131kan orman yang\u0131n\u0131, havadan ve karadan yap\u0131lan m\u00fcdahaleyle s\u00f6nd\u00fcr\u00fclmeye \u00e7al\u0131\u015f\u0131l\u0131yor.\u00a0<br \/>\nEdinilen bilgiye g\u00f6re, Tekeli Mahallesi Haytb\u00fck\u00fc mevkisindeki ormanl\u0131k alanda hen\u00fcz bilinmeyen bir nedenle yang\u0131n \u00e7\u0131kt\u0131. Yerle\u015fim yerlerine ve seralara yak\u0131n b\u00f6lgedeki yang\u0131na, Orman B\u00f6lge M\u00fcd\u00fcrl\u00fc\u011f\u00fcne ba\u011fl\u0131 \u00e7ok say\u0131da ekiple birlikte 1 u\u00e7ak, 3 helikopter, 12 araz\u00f6z ve 5 su tank\u0131yla m\u00fcdahale edildi. Ekiplerin, yang\u0131n\u0131 s\u00f6nd\u00fcrmek i\u00e7in havadan ve karadan m\u00fcdahalesi s\u00fcrerken yang\u0131n\u0131n b\u00fcy\u00fck oranda kontrol alt\u0131na al\u0131nd\u0131\u011f\u0131 ve 5 hektar civar\u0131nda k\u0131z\u0131l\u00e7am orman\u0131n\u0131n zarar g\u00f6rd\u00fc\u011f\u00fc bildirildi.\u00a0<\/p>\n<p>Kayac\u0131 Vadisi&#8217;nde \u00e7\u0131kan yang\u0131nda 1 hektar ormanl\u0131k alan etkilendi\u00a0<\/p>\n<p>Mersin&#8217;in Erdemli il\u00e7esindeki Kayac\u0131 Vadisi&#8217;nde orman yang\u0131n\u0131 \u00e7\u0131kt\u0131. Vadi yamac\u0131nda sarp bir b\u00f6lgede \u00e7\u0131kan yang\u0131na helikopterle yap\u0131lan m\u00fcdahale yang\u0131n\u0131n yay\u0131lmas\u0131n\u0131 \u00f6nledi.\u00a0<br \/>\nEdinilen bilgiye g\u00f6re Erdemli il\u00e7esindeki d\u00fcnyaca me\u015fhur Kayac\u0131 Vadisi&#8217;nde orman yang\u0131n\u0131 \u00e7\u0131kt\u0131. Vadinin bat\u0131 yamac\u0131ndaki yang\u0131na 1 helikopter, Erdemli Orman i\u015fletme M\u00fcd\u00fcrl\u00fc\u011f\u00fcne ait 5 araz\u00f6z ile 2 itfaiye arac\u0131 ve 30 personel m\u00fcdahalede bulunuldu. Helikopterle ilk anda yap\u0131lan m\u00fcdahale r\u00fczgar\u0131n da oldu\u011fu b\u00f6lgede yang\u0131n\u0131n yay\u0131lmas\u0131n\u0131 \u00f6nledi. K\u0131z\u0131l\u00e7am ve makiden olu\u015fan yakla\u015f\u0131k 1 hektar ormanl\u0131k alan yang\u0131ndan etkilendi. Kontrol alt\u0131na al\u0131nan yang\u0131n b\u00f6lgesinde so\u011futma \u00e7al\u0131\u015fmalar\u0131 s\u00fcr\u00fcyor. Yang\u0131n\u0131n \u00e7\u0131k\u0131\u015f sebebinin belirlenmesi i\u00e7inde \u00e7al\u0131\u015fma ba\u015flat\u0131ld\u0131.\u00a0<\/p>\n","protected":false},"excerpt":{"rendered":"<p>Mersin&#8217;in Bozyaz\u0131 il\u00e7esinde yerle\u015fim yerlerine yak\u0131n b\u00f6lgede \u00e7\u0131kan orman yang\u0131n\u0131, havadan ve karadan yap\u0131lan m\u00fcdahaleyle s\u00f6nd\u00fcr\u00fclmeye \u00e7al\u0131\u015f\u0131l\u0131yor.\u00a0 Edinilen bilgiye g\u00f6re, Tekeli Mahallesi Haytb\u00fck\u00fc mevkisindeki ormanl\u0131k alanda hen\u00fcz bilinmeyen bir nedenle &hellip; <a href=\"https:\/\/akdenizolaygazetesi.com\/?p=7996\" class=\"more-link\">Devam\u0131n\u0131 Oku&#8230;<\/a><\/p>\n","protected":false},"author":1,"featured_media":0,"comment_status":"open","ping_status":"open","sticky":false,"template":"","format":"standard","meta":[],"categories":[],"tags":[],"_links":{"self":[{"href":"https:\/\/akdenizolaygazetesi.com\/index.php?rest_route=\/wp\/v2\/posts\/7996"}],"collection":[{"href":"https:\/\/akdenizolaygazetesi.com\/index.php?rest_route=\/wp\/v2\/posts"}],"about":[{"href":"https:\/\/akdenizolaygazetesi.com\/index.php?rest_route=\/wp\/v2\/types\/post"}],"author":[{"embeddable":true,"href":"https:\/\/akdenizolaygazetesi.com\/index.php?rest_route=\/wp\/v2\/users\/1"}],"replies":[{"embeddable":true,"href":"https:\/\/akdenizolaygazetesi.com\/index.php?rest_route=%2Fwp%2Fv2%2Fcomments&post=7996"}],"version-history":[{"count":0,"href":"https:\/\/akdenizolaygazetesi.com\/index.php?rest_route=\/wp\/v2\/posts\/7996\/revisions"}],"wp:attachment":[{"href":"https:\/\/akdenizolaygazetesi.com\/index.php?rest_route=%2Fwp%2Fv2%2Fmedia&parent=7996"}],"wp:term":[{"taxonomy":"category","embeddable":true,"href":"https:\/\/akdenizolaygazetesi.com\/index.php?rest_route=%2Fwp%2Fv2%2Fcategories&post=7996"},{"taxonomy":"post_tag","embeddable":true,"href":"https:\/\/akdenizolaygazetesi.com\/index.php?rest_route=%2Fwp%2Fv2%2Ftags&post=7996"}],"curies":[{"name":"wp","href":"https:\/\/api.w.org\/{rel}","templated":true}]}}