{"id":7999,"date":"2020-11-04T18:28:27","date_gmt":"2020-11-04T15:28:27","guid":{"rendered":"http:\/\/mersinekonomipolitikagazetesi.com\/?p=7999"},"modified":"2020-11-04T18:28:27","modified_gmt":"2020-11-04T15:28:27","slug":"karamancilar-konagi-gastronomi-degil-kuvayi-milliye-muzesi-olmali","status":"publish","type":"post","link":"https:\/\/akdenizolaygazetesi.com\/?p=7999","title":{"rendered":"KARAMANCILAR KONA\u011eI GASTRONOM\u0130 DE\u011e\u0130L KUVAYi M\u0130LL\u0130YE M\u00dcZES\u0130 OLMALI"},"content":{"rendered":"<p>Mimar Abdullah Y\u0131lmaz, Karamanc\u0131lar Kona\u011f\u0131\u2019n\u0131n gastronomi m\u00fczesi olmas\u0131na tepki g\u00f6sterdi. Y\u0131lmaz, \u201cB\u00fct\u00fcnc\u00fcl d\u00fc\u015f\u00fcnce yap\u0131s\u0131na sahip de\u011filseniz, g\u00fcn\u00fc birlik siyaset yapmak i\u00e7in var iseniz biliniz ki kenti yok edersiniz&#8221;\u00a0<br \/>\n\u00a0<br \/>\nMimar Abdullah Y\u0131lmaz Mersin B\u00fcy\u00fck\u015fehir Belediyesi\u2019nin ald\u0131\u011f\u0131 kararla Karamanc\u0131lar Kona\u011f\u0131\u2019n\u0131n \u2018Gastronomi M\u00fczesi\u2019 olmas\u0131n\u0131 ele\u015ftirdi. Gazi Mustafa Kemal Atat\u00fcrk\u2019\u00fcn Mersin\u2019de kald\u0131\u011f\u0131 ve Kuvayi Milliye direni\u015finin ilk \u00f6rg\u00fctlendi\u011fi kona\u011f\u0131n MHP, AKP, CHP ve HDP\u2019li meclis \u00fcyelerinin oylar\u0131 ile gastronomi m\u00fczesi olma karar\u0131na Y\u0131lmaz, \u201cGe\u00e7en belediye d\u00f6neminde, Mersin B\u00fcy\u00fck\u015fehir Belediyesi\u2019nce meclis karar\u0131 ile Atat\u00fcrk&#8217;\u00fcn Mersin\u2019de kald\u0131\u011f\u0131, kuvayi m\u00fccadelenin temellerinin at\u0131ld\u0131\u011f\u0131 Karamanc\u0131lar Kona\u011f\u0131\u2019n\u0131n Toros \u00dcniversitesi\u2019ne pe\u015fke\u015f \u00e7ekilerek k\u00fc\u00e7\u00fck bir odas\u0131n\u0131n gastronomi m\u00fczesi yap\u0131lmas\u0131, geriye kalan kapal\u0131 alanlar\u0131n yerel yemekler yapan lokantaya \u00e7evrilmesi yanda\u015flar\u0131n alk\u0131\u015f sesleri ile yeniden g\u00fcndemde. Nas\u0131l insanlar olduk ..!\u2019\u2019 dedi.<br \/>\n\u00a0<br \/>\n\u201c3 maymunlar\u0131 oynuyoruz..!\u201d<br \/>\n\u00a0<br \/>\nMersinli vatanda\u015flar\u0131n gastronomi m\u00fczesi de\u011fil de Kuvayi Milliye M\u00fczesi olarak g\u00f6rmek istedi\u011fi Karamanc\u0131lar Kona\u011f\u0131 i\u00e7in Y\u0131lmaz, \u201cTarihi ve do\u011fal \u00e7evreye duyarl\u0131l\u0131\u011f\u0131n\u0131z\u0131, kentlilik bilincimizi kaybettik, k\u00fclt\u00fcrel kimli\u011fin ve kent belle\u011finin \u00f6nemini hi\u00e7 konu\u015fmuyoruz. Atat\u00fcrk&#8217;\u00fcn kald\u0131\u011f\u0131, kuvayi m\u00fccadelenin temellerinin at\u0131ld\u0131\u011f\u0131 kona\u011f\u0131n, alt ve \u00fcst yap\u0131s\u0131 \u015fehircilik ilkelerine ve kamu yarar\u0131na ayk\u0131r\u0131 bir durum oldu\u011funu g\u00f6re g\u00f6re lokanta yap\u0131lmas\u0131na ses \u00e7\u0131karm\u0131yoruz..! Meydanlarda \u2018atam izindeyiz\u2019 diye sloganlar at\u0131yoruz. Ulu \u00d6nder Mustafa Kemal Atat\u00fcrk&#8217;\u00fcn izlerini Mersin\u2019de silmeye \u00e7al\u0131\u015fanlara kar\u015f\u0131 \u00fc\u00e7 maymunlar\u0131 oynuyoruz..!\u201d ifadelerini kulland\u0131.<br \/>\n\u00a0<br \/>\n\u201c\u00c7ar\u015f\u0131 merkezde kentsel d\u00f6n\u00fc\u015f\u00fcm\u00fc ba\u015flat\u0131n. Arkas\u0131 nas\u0131l geliyor g\u00f6r\u00fcn\u2019\u2019<\/p>\n<p>B\u00fcy\u00fck\u015fehir Belediye Ba\u015fkan\u0131 Vahap Se\u00e7er\u2019i de ele\u015ftiren Y\u0131lmaz, \u201cVahap Se\u00e7er bey sorabilir, \u2018Peki karde\u015fim itiraz ediyorsun ben gastronomi m\u00fczesi ve lokantas\u0131n\u0131 nereye yapaca\u011f\u0131m?\u2019 diyebilir.<br \/>\nSay\u0131n ba\u015fkan, amac\u0131n\u0131z ger\u00e7ek anlamda kent merkezini canland\u0131rmak ise, kent kimli\u011fine, kent belle\u011fimize yer etmi\u015f Tarihi Kasaplar \u00c7ar\u015f\u0131\u2019n\u0131n, Mersin Gastronomi M\u00fczesi, tarihi yerel lezzetler evi fonksiyonunu y\u00fckleyin ve \u00e7ar\u015f\u0131 merkezde kentsel d\u00f6n\u00fc\u015f\u00fcm\u00fc ba\u015flat\u0131n. Arkas\u0131 nas\u0131l geliyor g\u00f6r\u00fcn.\u2019\u2019 diye konu\u015ftu.<br \/>\n\u00a0<br \/>\n\u201cG\u00fcn\u00fc birlik siyaset yapmak i\u00e7in var iseniz biliniz ki kenti yok edersiniz\u2019!\u201d<br \/>\n\u00a0<br \/>\nKent ile park ve kent merkezlerinin i\u00e7 i\u00e7e ge\u00e7en dokular oldu\u011funu kente sonradan eklemlenmediklerini belirten Y\u0131lmaz, \u201cKentin belle\u011finde, merkezindedirler ve kentin par\u00e7as\u0131d\u0131rlar. Her siyasi d\u00f6nemde sa\u011f\u0131ndan solundan, rant i\u00e7in \u00e7eki\u015ftirilmi\u015flerdir. K\u00fclt\u00fcrel miras, korunmas\u0131 gereken tarihi ve do\u011fal sit alanlar\u0131, ye\u015fil alanlar, kent merkezi kentin i\u00e7indeki gereksiz de\u011fersiz alanlar\u0131 doldurmaya yarayan \u00f6zensizce kentin dokusuna dikilmi\u015f yamalar kesinlikle de\u011fillerdir. Kentin \u00f6zg\u00fcn dokusunun, b\u00fct\u00fcn\u00fcn birer par\u00e7as\u0131d\u0131rlar. E\u011fer bu t\u00fcr alanlar\u0131 korurken ya da yenisini \u00fcretirken b\u00fct\u00fcnc\u00fcl d\u00fc\u015f\u00fcnmeyip, gereken yerel irade, liyakat ve s\u00fcreklili\u011fe, b\u00fct\u00fcnc\u00fcl planlara, b\u00fct\u00fcnc\u00fcl d\u00fc\u015f\u00fcnce yap\u0131s\u0131na sahip de\u011filseniz, g\u00fcn\u00fc birlik siyaset yapmak i\u00e7in var iseniz biliniz ki kenti yok edersiniz.&#8221; dedi.<\/p>\n","protected":false},"excerpt":{"rendered":"<p>Mimar Abdullah Y\u0131lmaz, Karamanc\u0131lar Kona\u011f\u0131\u2019n\u0131n gastronomi m\u00fczesi olmas\u0131na tepki g\u00f6sterdi. Y\u0131lmaz, \u201cB\u00fct\u00fcnc\u00fcl d\u00fc\u015f\u00fcnce yap\u0131s\u0131na sahip de\u011filseniz, g\u00fcn\u00fc birlik siyaset yapmak i\u00e7in var iseniz biliniz ki kenti yok edersiniz&#8221;\u00a0 \u00a0 Mimar &hellip; <a href=\"https:\/\/akdenizolaygazetesi.com\/?p=7999\" class=\"more-link\">Devam\u0131n\u0131 Oku&#8230;<\/a><\/p>\n","protected":false},"author":1,"featured_media":0,"comment_status":"open","ping_status":"open","sticky":false,"template":"","format":"standard","meta":[],"categories":[],"tags":[],"_links":{"self":[{"href":"https:\/\/akdenizolaygazetesi.com\/index.php?rest_route=\/wp\/v2\/posts\/7999"}],"collection":[{"href":"https:\/\/akdenizolaygazetesi.com\/index.php?rest_route=\/wp\/v2\/posts"}],"about":[{"href":"https:\/\/akdenizolaygazetesi.com\/index.php?rest_route=\/wp\/v2\/types\/post"}],"author":[{"embeddable":true,"href":"https:\/\/akdenizolaygazetesi.com\/index.php?rest_route=\/wp\/v2\/users\/1"}],"replies":[{"embeddable":true,"href":"https:\/\/akdenizolaygazetesi.com\/index.php?rest_route=%2Fwp%2Fv2%2Fcomments&post=7999"}],"version-history":[{"count":0,"href":"https:\/\/akdenizolaygazetesi.com\/index.php?rest_route=\/wp\/v2\/posts\/7999\/revisions"}],"wp:attachment":[{"href":"https:\/\/akdenizolaygazetesi.com\/index.php?rest_route=%2Fwp%2Fv2%2Fmedia&parent=7999"}],"wp:term":[{"taxonomy":"category","embeddable":true,"href":"https:\/\/akdenizolaygazetesi.com\/index.php?rest_route=%2Fwp%2Fv2%2Fcategories&post=7999"},{"taxonomy":"post_tag","embeddable":true,"href":"https:\/\/akdenizolaygazetesi.com\/index.php?rest_route=%2Fwp%2Fv2%2Ftags&post=7999"}],"curies":[{"name":"wp","href":"https:\/\/api.w.org\/{rel}","templated":true}]}}