{"id":8000,"date":"2020-11-04T18:28:27","date_gmt":"2020-11-04T15:28:27","guid":{"rendered":"http:\/\/mersinekonomipolitikagazetesi.com\/?p=8000"},"modified":"2020-11-04T18:28:27","modified_gmt":"2020-11-04T15:28:27","slug":"aniz-yangini-misir-balyasi-yuklu-tira-sicradi-surucu-canini-zor-kurtardi","status":"publish","type":"post","link":"https:\/\/akdenizolaygazetesi.com\/?p=8000","title":{"rendered":"An\u0131z yang\u0131n\u0131 m\u0131s\u0131r balyas\u0131 y\u00fckl\u00fc t\u0131ra s\u0131\u00e7rad\u0131, s\u00fcr\u00fcc\u00fc can\u0131n\u0131 zor kurtard\u0131"},"content":{"rendered":"<p>Adana\u2019da otoyol kenar\u0131nda yanan an\u0131z, yoldan ge\u00e7en 22 ton m\u0131s\u0131r balyas\u0131 y\u00fckl\u00fc t\u0131ra s\u0131\u00e7rad\u0131. T\u0131r, dorsesi ve samanlar k\u0131sa s\u00fcre i\u00e7erisinde yanarken s\u00fcr\u00fcc\u00fc can\u0131n\u0131 zor kurtard\u0131.\u00a0<br \/>\nEdinilen bilgiye g\u00f6re, yang\u0131n, Tarsus-Adana-Gaziantep (TAG) otoyolu \u00fczeri Mersin istikametinde meydana geldi. \u0130ddiaya g\u00f6re, Mehmet Ertel y\u00f6netimindeki 38 F 5021 plakal\u0131 t\u0131r, yolda seyir halindeyken \u00c7ukurova \u0130l\u00e7esi\u2019ne ba\u011fl\u0131 Karahan Mahallesi\u2019ndeki bir \u00e7ift\u00e7inin yakt\u0131\u011f\u0131 an\u0131z\u0131n yan\u0131ndan ge\u00e7ti. Otoyol kenar\u0131nda yanan an\u0131z, Ertel\u2019in t\u0131r\u0131n\u0131n dorsesinde bulunan 22 ton m\u0131s\u0131r balyas\u0131na s\u0131\u00e7rad\u0131. K\u0131sa s\u00fcre i\u00e7erisinde t\u0131r\u0131n dorsesi alev al\u0131rken Ertel, arac\u0131n\u0131 sa\u011fa \u00e7ekip kendisini t\u0131rdan att\u0131.\u00a0<br \/>\n\u00c7evredekilerin haber vermesi \u00fczerine olay yerine polis ve itfaiye ekipleri sevk edildi. Polis ekipleri otoyolun tek \u015feridini ula\u015f\u0131ma kapat\u0131rken itfaiye ekipleri de yakla\u015f\u0131k 1 saatlik \u00e7al\u0131\u015fmayla yang\u0131n\u0131 s\u00f6nd\u00fcrd\u00fc.\u00a0<br \/>\nS\u00fcr\u00fcc\u00fc Mehmet Ertel gazetecilere yapt\u0131\u011f\u0131 a\u00e7\u0131klamada, can\u0131n\u0131 zor kurtard\u0131\u011f\u0131n\u0131 s\u00f6yleyerek, \u201c\u015eurada an\u0131z yan\u0131yor. O an\u0131z arabaya s\u0131\u00e7rad\u0131. \u015eimdi t\u0131r\u0131m da, her \u015feyim yand\u0131. Oca\u011f\u0131m batt\u0131. 22 ton m\u0131s\u0131r balyas\u0131 y\u00fckl\u00fcyd\u00fc. Benimde her taraf\u0131m yand\u0131\u201d diye konu\u015ftu.\u00a0<br \/>\nOlayla ilgili inceleme ba\u015flat\u0131ld\u0131. \u00a0<\/p>\n","protected":false},"excerpt":{"rendered":"<p>Adana\u2019da otoyol kenar\u0131nda yanan an\u0131z, yoldan ge\u00e7en 22 ton m\u0131s\u0131r balyas\u0131 y\u00fckl\u00fc t\u0131ra s\u0131\u00e7rad\u0131. T\u0131r, dorsesi ve samanlar k\u0131sa s\u00fcre i\u00e7erisinde yanarken s\u00fcr\u00fcc\u00fc can\u0131n\u0131 zor kurtard\u0131.\u00a0 Edinilen bilgiye g\u00f6re, yang\u0131n, &hellip; <a href=\"https:\/\/akdenizolaygazetesi.com\/?p=8000\" class=\"more-link\">Devam\u0131n\u0131 Oku&#8230;<\/a><\/p>\n","protected":false},"author":1,"featured_media":0,"comment_status":"open","ping_status":"open","sticky":false,"template":"","format":"standard","meta":[],"categories":[],"tags":[],"_links":{"self":[{"href":"https:\/\/akdenizolaygazetesi.com\/index.php?rest_route=\/wp\/v2\/posts\/8000"}],"collection":[{"href":"https:\/\/akdenizolaygazetesi.com\/index.php?rest_route=\/wp\/v2\/posts"}],"about":[{"href":"https:\/\/akdenizolaygazetesi.com\/index.php?rest_route=\/wp\/v2\/types\/post"}],"author":[{"embeddable":true,"href":"https:\/\/akdenizolaygazetesi.com\/index.php?rest_route=\/wp\/v2\/users\/1"}],"replies":[{"embeddable":true,"href":"https:\/\/akdenizolaygazetesi.com\/index.php?rest_route=%2Fwp%2Fv2%2Fcomments&post=8000"}],"version-history":[{"count":0,"href":"https:\/\/akdenizolaygazetesi.com\/index.php?rest_route=\/wp\/v2\/posts\/8000\/revisions"}],"wp:attachment":[{"href":"https:\/\/akdenizolaygazetesi.com\/index.php?rest_route=%2Fwp%2Fv2%2Fmedia&parent=8000"}],"wp:term":[{"taxonomy":"category","embeddable":true,"href":"https:\/\/akdenizolaygazetesi.com\/index.php?rest_route=%2Fwp%2Fv2%2Fcategories&post=8000"},{"taxonomy":"post_tag","embeddable":true,"href":"https:\/\/akdenizolaygazetesi.com\/index.php?rest_route=%2Fwp%2Fv2%2Ftags&post=8000"}],"curies":[{"name":"wp","href":"https:\/\/api.w.org\/{rel}","templated":true}]}}