{"id":8001,"date":"2020-11-04T18:28:27","date_gmt":"2020-11-04T15:28:27","guid":{"rendered":"http:\/\/mersinekonomipolitikagazetesi.com\/?p=8001"},"modified":"2020-11-04T18:28:27","modified_gmt":"2020-11-04T15:28:27","slug":"kayip-sahsin-cesedi-dagda-coban-tarafindan-bulundu","status":"publish","type":"post","link":"https:\/\/akdenizolaygazetesi.com\/?p=8001","title":{"rendered":"Kay\u0131p \u015fahs\u0131n cesedi da\u011fda \u00e7oban taraf\u0131ndan bulundu"},"content":{"rendered":"<p>Mersin&#8217;de 15 g\u00fcnden bu yana kay\u0131p oldu\u011fu bildirilen 35 ya\u015f\u0131ndaki \u00dcmit Demir&#8217;in cesedi, ormanl\u0131k alanda hayvanlar\u0131n\u0131 otlatan \u00e7oban taraf\u0131ndan bulundu.\u00a0<br \/>\nEdinilen bilgiye g\u00f6re, merkez Toroslar il\u00e7esi \u00c7ukurke\u015flik Mahallesi&#8217;nin k\u0131rsal b\u00f6lgesindeki ormanl\u0131k alanda hayvanlar\u0131n\u0131 otlatan bir \u00e7oban, da\u011f\u0131n ete\u011finde \u00e7al\u0131l\u0131klar\u0131n aras\u0131nda bir cesetle kar\u015f\u0131la\u015ft\u0131. \u00c7oban\u0131n ihbar\u0131 ile olay yerine giden jandarma ekipleri, \u00e7\u00fcr\u00fcmeye y\u00fcz tutmu\u015f ceset \u00fczerinde ve b\u00f6lgede inceleme yapt\u0131. Yap\u0131lan incelemenin ard\u0131ndan ceset, otopsi i\u00e7in hastane morguna kald\u0131r\u0131l\u0131rken, bulunan cesedin, 15 g\u00fcnd\u00fcr kay\u0131p oldu\u011fu bildirilen 35 ya\u015f\u0131ndaki \u00dcmit Demir oldu\u011fu \u00f6\u011frenildi. \u00a0<br \/>\nOlayla ilgili soru\u015fturman\u0131n devam etti\u011fi belirtildi. \u00a0<\/p>\n","protected":false},"excerpt":{"rendered":"<p>Mersin&#8217;de 15 g\u00fcnden bu yana kay\u0131p oldu\u011fu bildirilen 35 ya\u015f\u0131ndaki \u00dcmit Demir&#8217;in cesedi, ormanl\u0131k alanda hayvanlar\u0131n\u0131 otlatan \u00e7oban taraf\u0131ndan bulundu.\u00a0 Edinilen bilgiye g\u00f6re, merkez Toroslar il\u00e7esi \u00c7ukurke\u015flik Mahallesi&#8217;nin k\u0131rsal b\u00f6lgesindeki &hellip; <a href=\"https:\/\/akdenizolaygazetesi.com\/?p=8001\" class=\"more-link\">Devam\u0131n\u0131 Oku&#8230;<\/a><\/p>\n","protected":false},"author":1,"featured_media":0,"comment_status":"open","ping_status":"open","sticky":false,"template":"","format":"standard","meta":[],"categories":[],"tags":[],"_links":{"self":[{"href":"https:\/\/akdenizolaygazetesi.com\/index.php?rest_route=\/wp\/v2\/posts\/8001"}],"collection":[{"href":"https:\/\/akdenizolaygazetesi.com\/index.php?rest_route=\/wp\/v2\/posts"}],"about":[{"href":"https:\/\/akdenizolaygazetesi.com\/index.php?rest_route=\/wp\/v2\/types\/post"}],"author":[{"embeddable":true,"href":"https:\/\/akdenizolaygazetesi.com\/index.php?rest_route=\/wp\/v2\/users\/1"}],"replies":[{"embeddable":true,"href":"https:\/\/akdenizolaygazetesi.com\/index.php?rest_route=%2Fwp%2Fv2%2Fcomments&post=8001"}],"version-history":[{"count":0,"href":"https:\/\/akdenizolaygazetesi.com\/index.php?rest_route=\/wp\/v2\/posts\/8001\/revisions"}],"wp:attachment":[{"href":"https:\/\/akdenizolaygazetesi.com\/index.php?rest_route=%2Fwp%2Fv2%2Fmedia&parent=8001"}],"wp:term":[{"taxonomy":"category","embeddable":true,"href":"https:\/\/akdenizolaygazetesi.com\/index.php?rest_route=%2Fwp%2Fv2%2Fcategories&post=8001"},{"taxonomy":"post_tag","embeddable":true,"href":"https:\/\/akdenizolaygazetesi.com\/index.php?rest_route=%2Fwp%2Fv2%2Ftags&post=8001"}],"curies":[{"name":"wp","href":"https:\/\/api.w.org\/{rel}","templated":true}]}}