{"id":8003,"date":"2020-11-04T18:28:27","date_gmt":"2020-11-04T15:28:27","guid":{"rendered":"http:\/\/mersinekonomipolitikagazetesi.com\/?p=8003"},"modified":"2020-11-04T18:28:27","modified_gmt":"2020-11-04T15:28:27","slug":"15-temmuz-gazisi-4-yildir-vucudunda-hainlerin-siktigi-mermiyle-yasiyor","status":"publish","type":"post","link":"https:\/\/akdenizolaygazetesi.com\/?p=8003","title":{"rendered":"15 Temmuz gazisi 4 y\u0131ld\u0131r v\u00fccudunda hainlerin s\u0131kt\u0131\u011f\u0131 mermiyle ya\u015f\u0131yor"},"content":{"rendered":"<p>Fetullah\u00e7\u0131 Ter\u00f6r \u00d6rg\u00fct\u00fc (FET\u00d6) mensuplar\u0131n\u0131n, 15 Temmuz 2016 tarihinde kalk\u0131\u015ft\u0131\u011f\u0131 darbe giri\u015fi s\u0131ras\u0131nda, \u0130stanbul&#8217;daki 15 Temmuz \u015eehitler K\u00f6pr\u00fcs\u00fc&#8217;nde darbeci askerlerin s\u0131kt\u0131\u011f\u0131 kur\u015funla belinden vurulan 28 ya\u015f\u0131ndaki Mersinli Gazi Onur Can Ku\u015f, 4 y\u0131ld\u0131r y\u00fcksek hayati risk nedeniyle \u00e7\u0131kar\u0131lamayan ve omurili\u011finin hemen yan\u0131na saplanan kur\u015funla ya\u015f\u0131yor.\u00a0<br \/>\nHain darbe giri\u015fiminin ya\u015fand\u0131\u011f\u0131 15 Temmuz 2016 tarihinde \u0130stanbul&#8217;da \u00f6zel bir \u015firkette \u00e7al\u0131\u015fan ve a\u011fabeyi Kerim Ku\u015f ile birlikte ya\u015fayan Onur Can Ku\u015f, T\u00fcrk Silahl\u0131 Kuvvetleri&#8217;ne s\u0131zm\u0131\u015f FET\u00d6 ter\u00f6r \u00f6rg\u00fct\u00fc mensuplar\u0131n\u0131n ger\u00e7ekle\u015ftirdi\u011fi kalk\u0131\u015fma s\u0131ras\u0131nda, Cumhurba\u015fkan\u0131 Recep Tayyip Erdo\u011fan&#8217;\u0131n \u00e7a\u011fr\u0131s\u0131yla darbecilere kar\u015f\u0131 koymak i\u00e7in soka\u011fa \u00e7\u0131kt\u0131. A\u011fabeyi ile birlikte \u015fimdiki ad\u0131 15 Temmuz \u015eehitler K\u00f6pr\u00fcs\u00fc olan Bo\u011fazi\u00e7i K\u00f6pr\u00fcs\u00fcne giden Onur Can Ku\u015f, orada bulunan binlerce insan gibi vatan\u0131 i\u00e7in bedenini hainlerin tank\u0131na ve t\u00fcfe\u011fine siper etti. Onur Can Ku\u015f, bu s\u0131rada hainlerin ate\u015fledi\u011fi bir merminin beline isabet etmesi sonucu yaraland\u0131. Yaralanan gen\u00e7, orada bulunan sivil bir vatanda\u015f\u0131n motosikletiyle Haydarpa\u015fa Numune E\u011fitim ve Ara\u015ft\u0131rma Hastanesi&#8217;ne kald\u0131r\u0131ld\u0131. Ku\u015f, burada hemen ameliyata al\u0131n\u0131rken, omurili\u011finin hemen yan\u0131na saplanan kur\u015fun, y\u00fcksek hayati risk nedeniyle \u00e7\u0131kar\u0131lamad\u0131.\u00a0<br \/>\nTedavisinin ard\u0131ndan taburcu edilen Onur Can Ku\u015f, sa\u011fl\u0131\u011f\u0131na kavu\u015ftuktan sonra memleketi Mersin&#8217;e d\u00f6nd\u00fc. Bir y\u0131l \u00f6nce annesini kaybeden ve babas\u0131 \u00d6mer Ku\u015f ile birlikte merkez Toroslar il\u00e7esinde ya\u015fayan Ku\u015f, 4 y\u0131ldan bu yana v\u00fccudunda hainlerin s\u0131kt\u0131\u011f\u0131 kur\u015funla hayat\u0131n\u0131 s\u00fcrd\u00fcr\u00fcyor.\u00a0<br \/>\n\u015eu an Mersin&#8217;de bir kamu kurumunda g\u00f6rev yapan Onur Can Ku\u015f, yaraland\u0131\u011f\u0131 geceyi ve sonras\u0131nda ya\u015fananlar\u0131 anlatt\u0131. O gece tanklar\u0131 sokaklarda g\u00f6rd\u00fc\u011f\u00fcn\u00fc ancak bir anlam veremedi\u011fini, TRT&#8217;de okunan bildiriyle birlikte darbe giri\u015fiminden haberdar olduklar\u0131n\u0131 s\u00f6yleyen Ku\u015f, &#8220;Hemen a\u011fabeyimi uyand\u0131rd\u0131m. Sonra birlikte soka\u011fa \u00e7\u0131kt\u0131k ve Bo\u011fazi\u00e7i K\u00f6pr\u00fcs\u00fcne gittik. Yolun iki taraf\u0131 da tanklarla kapal\u0131yd\u0131. Bir s\u00fcre sonra tanklar \u00e7ekilince biz k\u00f6pr\u00fcn\u00fcn \u00fczerine \u00e7\u0131kt\u0131k. Binlerce insan vard\u0131, ara\u00e7 koyacak yer bile yoktu. Ben, a\u011fabeyim ve onun arkada\u015f\u0131yla birlikte k\u00f6pr\u00fcn\u00fcn \u00fczerinde bir s\u00fcre y\u00fcr\u00fcd\u00fck. Askerler s\u00fcrekli ate\u015f ediyordu. A\u011fabeyim \u00f6n\u00fcmde ve ben arkas\u0131ndayd\u0131m, e\u011fildik. Daha sonra kalk\u0131p bir ad\u0131m att\u0131ktan sonra vuruldum&#8221; dedi.\u00a0<\/p>\n<p>&#8220;Y\u00fcksek hayati risk nedeniyle kur\u015fun \u00e7\u0131kar\u0131lamad\u0131&#8221;<br \/>\n\u00a0<br \/>\nB\u00f6lgede b\u00fcy\u00fck bir kaos ya\u015fand\u0131\u011f\u0131n\u0131 ve bulundu\u011fu yerde ne bir ambulans ne de bir ara\u00e7 olmad\u0131\u011f\u0131n\u0131 s\u00f6yleyen Onur Can Ku\u015f, orada bulunan sivil bir \u015fah\u0131s taraf\u0131ndan motosikletle Haydarpa\u015fa Numune E\u011fitim ve Ara\u015ft\u0131rma Hastanesi&#8217;ne g\u00f6t\u00fcr\u00fclerek ameliyata al\u0131nd\u0131\u011f\u0131n\u0131 belirtti. Kur\u015funun hala v\u00fccudunda oldu\u011funu ameliyattan 3 g\u00fcn sonra \u00f6\u011frendi\u011fini ifade eden Ku\u015f, &#8220;Kur\u015fun hala i\u00e7imde. Y\u00fcksek hayati risk oldu\u011fu i\u00e7in \u00e7\u0131karmam\u0131\u015flar. V\u00fccut, kur\u015funu ya\u011f tabakas\u0131 ile \u00e7evrelemi\u015f. \u015eu an i\u00e7in bana her hangi bir s\u0131k\u0131nt\u0131 vermiyor. Mersin&#8217;e geldikten sonra da kontrole gittim. Mersin \u015eehir Hastanesi&#8217;nde de kur\u015funun \u00e7\u0131kar\u0131lmas\u0131n\u0131n riskli oldu\u011funu s\u00f6ylediler, o y\u00fczden hayat\u0131m\u0131 bu \u015fekilde idame ettiriyorum. Kur\u015funun v\u00fccudumda olmas\u0131 sa\u011fl\u0131\u011f\u0131m\u0131 etkilemiyor ama a\u011f\u0131r sporlar yapmamaya dikkat ediyorum&#8221; diye konu\u015ftu.\u00a0<\/p>\n<p>&#8220;O kur\u015fun benim i\u00e7in onurdur, gururdur&#8221;<br \/>\n\u00a0<br \/>\nV\u00fccudunda ta\u015f\u0131d\u0131\u011f\u0131 merminin kendisi i\u00e7in bir onur oldu\u011funu s\u00f6yleyen Onur Can Ku\u015f, \u015fu ifadeleri kulland\u0131; &#8220;Sonu\u00e7ta ben oraya \u00e7\u0131karken vatan\u0131m i\u00e7in milletim i\u00e7in \u00e7\u0131kt\u0131m. Vuruldum, i\u00e7imde kur\u015fun kald\u0131. O benim i\u00e7in onurdur, gururdur, madalya gibi bir \u015feydir. Bug\u00fcn olsa yine \u00e7\u0131kar\u0131m. \u015eehit olmay\u0131 Allah nasip etmedi, gazilik mertebesine eri\u015ftik.&#8221; \u00a0<\/p>\n","protected":false},"excerpt":{"rendered":"<p>Fetullah\u00e7\u0131 Ter\u00f6r \u00d6rg\u00fct\u00fc (FET\u00d6) mensuplar\u0131n\u0131n, 15 Temmuz 2016 tarihinde kalk\u0131\u015ft\u0131\u011f\u0131 darbe giri\u015fi s\u0131ras\u0131nda, \u0130stanbul&#8217;daki 15 Temmuz \u015eehitler K\u00f6pr\u00fcs\u00fc&#8217;nde darbeci askerlerin s\u0131kt\u0131\u011f\u0131 kur\u015funla belinden vurulan 28 ya\u015f\u0131ndaki Mersinli Gazi Onur Can &hellip; <a href=\"https:\/\/akdenizolaygazetesi.com\/?p=8003\" class=\"more-link\">Devam\u0131n\u0131 Oku&#8230;<\/a><\/p>\n","protected":false},"author":1,"featured_media":0,"comment_status":"open","ping_status":"open","sticky":false,"template":"","format":"standard","meta":[],"categories":[],"tags":[],"_links":{"self":[{"href":"https:\/\/akdenizolaygazetesi.com\/index.php?rest_route=\/wp\/v2\/posts\/8003"}],"collection":[{"href":"https:\/\/akdenizolaygazetesi.com\/index.php?rest_route=\/wp\/v2\/posts"}],"about":[{"href":"https:\/\/akdenizolaygazetesi.com\/index.php?rest_route=\/wp\/v2\/types\/post"}],"author":[{"embeddable":true,"href":"https:\/\/akdenizolaygazetesi.com\/index.php?rest_route=\/wp\/v2\/users\/1"}],"replies":[{"embeddable":true,"href":"https:\/\/akdenizolaygazetesi.com\/index.php?rest_route=%2Fwp%2Fv2%2Fcomments&post=8003"}],"version-history":[{"count":0,"href":"https:\/\/akdenizolaygazetesi.com\/index.php?rest_route=\/wp\/v2\/posts\/8003\/revisions"}],"wp:attachment":[{"href":"https:\/\/akdenizolaygazetesi.com\/index.php?rest_route=%2Fwp%2Fv2%2Fmedia&parent=8003"}],"wp:term":[{"taxonomy":"category","embeddable":true,"href":"https:\/\/akdenizolaygazetesi.com\/index.php?rest_route=%2Fwp%2Fv2%2Fcategories&post=8003"},{"taxonomy":"post_tag","embeddable":true,"href":"https:\/\/akdenizolaygazetesi.com\/index.php?rest_route=%2Fwp%2Fv2%2Ftags&post=8003"}],"curies":[{"name":"wp","href":"https:\/\/api.w.org\/{rel}","templated":true}]}}