{"id":8004,"date":"2020-11-04T18:28:27","date_gmt":"2020-11-04T15:28:27","guid":{"rendered":"http:\/\/mersinekonomipolitikagazetesi.com\/?p=8004"},"modified":"2020-11-04T18:28:27","modified_gmt":"2020-11-04T15:28:27","slug":"adem-gungor-veda-ediyor","status":"publish","type":"post","link":"https:\/\/akdenizolaygazetesi.com\/?p=8004","title":{"rendered":"ADEM G\u00dcNG\u00d6R VEDA  ED\u0130YOR"},"content":{"rendered":"<p>Mersin Vergi Dairesi Ba\u015fkanl\u0131\u011f\u0131\u2019na 13 A\u011fustos 2014 y\u0131l\u0131nda ba\u015flayan ve Mersinlilerin sevilen y\u00fcz\u00fc Adem G\u00fcng\u00f6r kente veda ediyor.<\/p>\n<p>Cumhurba\u015fkanl\u0131\u011f\u0131 kararnamesi ile Hazine ve Maliye Bakanl\u0131\u011f\u0131 b\u00fcnyesindeki 29 Gelir \u0130daresi Ba\u015fkan\u0131 yer de\u011fi\u015ftirdi. 6 y\u0131ld\u0131r Mersin Gelir \u0130daresi Ba\u015fkanl\u0131\u011f\u0131 g\u00f6revini y\u00fcr\u00fcten Adem G\u00fcng\u00f6r Karaname ile Konya Gelir \u0130daresi Ba\u015fkanl\u0131\u011f\u0131&#8217;na, Diyarbak\u0131r Gelir \u0130daresi Ba\u015fkan\u0131 Seyfettin Baysal Mersin Gelir \u0130daresi Ba\u015fkanl\u0131\u011f\u0131&#8217;na atand\u0131.<\/p>\n<p>Samimiyeti ve G\u00fcler y\u00fcz\u00fc ve m\u00fckelleflerle kurdu\u011fu g\u00f6n\u00fcl ba\u011f\u0131 ile Mersin&#8217;de herkesin be\u011fenisini ve takdirini kazanan G\u00fcng\u00f6r g\u00f6rev yapt\u0131\u011f\u0131 s\u00fcre i\u00e7erisinde, Mersin&#8217;i verginin tahakkuku ve tahsili oran\u0131nda T\u00fcrkiye&#8217;de ilk 5-6 ilden biri yapma ba\u015far\u0131s\u0131n\u0131 g\u00f6stermi\u015fti.<\/p>\n","protected":false},"excerpt":{"rendered":"<p>Mersin Vergi Dairesi Ba\u015fkanl\u0131\u011f\u0131\u2019na 13 A\u011fustos 2014 y\u0131l\u0131nda ba\u015flayan ve Mersinlilerin sevilen y\u00fcz\u00fc Adem G\u00fcng\u00f6r kente veda ediyor. Cumhurba\u015fkanl\u0131\u011f\u0131 kararnamesi ile Hazine ve Maliye Bakanl\u0131\u011f\u0131 b\u00fcnyesindeki 29 Gelir \u0130daresi Ba\u015fkan\u0131 &hellip; <a href=\"https:\/\/akdenizolaygazetesi.com\/?p=8004\" class=\"more-link\">Devam\u0131n\u0131 Oku&#8230;<\/a><\/p>\n","protected":false},"author":1,"featured_media":0,"comment_status":"open","ping_status":"open","sticky":false,"template":"","format":"standard","meta":[],"categories":[],"tags":[],"_links":{"self":[{"href":"https:\/\/akdenizolaygazetesi.com\/index.php?rest_route=\/wp\/v2\/posts\/8004"}],"collection":[{"href":"https:\/\/akdenizolaygazetesi.com\/index.php?rest_route=\/wp\/v2\/posts"}],"about":[{"href":"https:\/\/akdenizolaygazetesi.com\/index.php?rest_route=\/wp\/v2\/types\/post"}],"author":[{"embeddable":true,"href":"https:\/\/akdenizolaygazetesi.com\/index.php?rest_route=\/wp\/v2\/users\/1"}],"replies":[{"embeddable":true,"href":"https:\/\/akdenizolaygazetesi.com\/index.php?rest_route=%2Fwp%2Fv2%2Fcomments&post=8004"}],"version-history":[{"count":0,"href":"https:\/\/akdenizolaygazetesi.com\/index.php?rest_route=\/wp\/v2\/posts\/8004\/revisions"}],"wp:attachment":[{"href":"https:\/\/akdenizolaygazetesi.com\/index.php?rest_route=%2Fwp%2Fv2%2Fmedia&parent=8004"}],"wp:term":[{"taxonomy":"category","embeddable":true,"href":"https:\/\/akdenizolaygazetesi.com\/index.php?rest_route=%2Fwp%2Fv2%2Fcategories&post=8004"},{"taxonomy":"post_tag","embeddable":true,"href":"https:\/\/akdenizolaygazetesi.com\/index.php?rest_route=%2Fwp%2Fv2%2Ftags&post=8004"}],"curies":[{"name":"wp","href":"https:\/\/api.w.org\/{rel}","templated":true}]}}