{"id":8005,"date":"2020-11-04T18:28:28","date_gmt":"2020-11-04T15:28:28","guid":{"rendered":"http:\/\/mersinekonomipolitikagazetesi.com\/?p=8005"},"modified":"2020-11-04T18:28:28","modified_gmt":"2020-11-04T15:28:28","slug":"mehmet-turkmen-annesini-kaybetti","status":"publish","type":"post","link":"https:\/\/akdenizolaygazetesi.com\/?p=8005","title":{"rendered":"MEHMET T\u00dcRKMEN ANNES\u0130N\u0130 KAYBETT\u0130!"},"content":{"rendered":"<p>Sevilen i\u015f insan\u0131, Milliyet\u00e7i Hareket Partisi Akdeniz Belediyesi Meclis \u00dcyesi Mehmet T\u00fcrkmen, annesi Fatma T\u00fcrkmen\u2019i kaybetti.\u00a0<br \/>\nMerhume&#8217;nin cenazesi \u00f6\u011fle namaz\u0131na m\u00fcteakip Akbelen Mezarl\u0131\u011f\u0131na defnedilirken, cenazeye ba\u015fta Hamit Tuna olmak \u00fczere \u00e7ok say\u0131da isim kat\u0131ld\u0131.\u00a0<br \/>\nMehmet T\u00fcrkmen sosyal medyada da yaln\u0131z b\u0131rak\u0131lmayarak \u00e7ok say\u0131da ba\u015fsa\u011fl\u0131\u011f\u0131 mesaj\u0131 at\u0131ld\u0131, T\u00fcrkmen ailesine sab\u0131r dilendi.\u00a0<br \/>\nBiz de Mersin Gazetesi Ailesi olarak Merhumeye Allah&#8217;tan rahmet ba\u015fta Mehmet T\u00fcrkmen ve o\u011flu Emre T\u00fcrkmen olmak \u00fczere T\u00fcrkmen ailesine ba\u015fsa\u011fl\u0131\u011f\u0131 ve sab\u0131r diliyoruz.<\/p>\n","protected":false},"excerpt":{"rendered":"<p>Sevilen i\u015f insan\u0131, Milliyet\u00e7i Hareket Partisi Akdeniz Belediyesi Meclis \u00dcyesi Mehmet T\u00fcrkmen, annesi Fatma T\u00fcrkmen\u2019i kaybetti.\u00a0 Merhume&#8217;nin cenazesi \u00f6\u011fle namaz\u0131na m\u00fcteakip Akbelen Mezarl\u0131\u011f\u0131na defnedilirken, cenazeye ba\u015fta Hamit Tuna olmak \u00fczere &hellip; <a href=\"https:\/\/akdenizolaygazetesi.com\/?p=8005\" class=\"more-link\">Devam\u0131n\u0131 Oku&#8230;<\/a><\/p>\n","protected":false},"author":1,"featured_media":0,"comment_status":"open","ping_status":"open","sticky":false,"template":"","format":"standard","meta":[],"categories":[],"tags":[],"_links":{"self":[{"href":"https:\/\/akdenizolaygazetesi.com\/index.php?rest_route=\/wp\/v2\/posts\/8005"}],"collection":[{"href":"https:\/\/akdenizolaygazetesi.com\/index.php?rest_route=\/wp\/v2\/posts"}],"about":[{"href":"https:\/\/akdenizolaygazetesi.com\/index.php?rest_route=\/wp\/v2\/types\/post"}],"author":[{"embeddable":true,"href":"https:\/\/akdenizolaygazetesi.com\/index.php?rest_route=\/wp\/v2\/users\/1"}],"replies":[{"embeddable":true,"href":"https:\/\/akdenizolaygazetesi.com\/index.php?rest_route=%2Fwp%2Fv2%2Fcomments&post=8005"}],"version-history":[{"count":0,"href":"https:\/\/akdenizolaygazetesi.com\/index.php?rest_route=\/wp\/v2\/posts\/8005\/revisions"}],"wp:attachment":[{"href":"https:\/\/akdenizolaygazetesi.com\/index.php?rest_route=%2Fwp%2Fv2%2Fmedia&parent=8005"}],"wp:term":[{"taxonomy":"category","embeddable":true,"href":"https:\/\/akdenizolaygazetesi.com\/index.php?rest_route=%2Fwp%2Fv2%2Fcategories&post=8005"},{"taxonomy":"post_tag","embeddable":true,"href":"https:\/\/akdenizolaygazetesi.com\/index.php?rest_route=%2Fwp%2Fv2%2Ftags&post=8005"}],"curies":[{"name":"wp","href":"https:\/\/api.w.org\/{rel}","templated":true}]}}