{"id":8009,"date":"2020-11-04T18:28:28","date_gmt":"2020-11-04T15:28:28","guid":{"rendered":"http:\/\/mersinekonomipolitikagazetesi.com\/?p=8009"},"modified":"2020-11-04T18:28:28","modified_gmt":"2020-11-04T15:28:28","slug":"vatandasa-kendi-sivesinde-maske-ve-mesafe-uyarilari","status":"publish","type":"post","link":"https:\/\/akdenizolaygazetesi.com\/?p=8009","title":{"rendered":"Vatanda\u015fa kendi \u015fivesinde maske ve mesafe uyar\u0131lar\u0131"},"content":{"rendered":"<p>Mersin&#8217;in Mut il\u00e7esinde haz\u0131rlanan bro\u015f\u00fcrlerde &#8220;F\u0131ld\u0131r\u0131 f\u0131\u015f\u015f\u0131k gezme, hendele maskesiz n\u00f6\u011f\u00fcr\u00fcrs\u00fcn\u00fcz leeen, Ic\u0131k \u00f6te gedin&#8221; gibi uyar\u0131lar dikkat \u00e7ekti.<\/p>\n<p>Mersin\u2019in Mut il\u00e7esinde, vatanda\u015flar korona vir\u00fcse kar\u015f\u0131 maske takmalar\u0131 ve sosyal mesafe kural\u0131na uymalar\u0131 konusunda, yerel \u015fiveli afi\u015f ve bro\u015f\u00fcrlerle uyar\u0131ld\u0131.\u00a0<br \/>\nMut Kaymakaml\u0131\u011f\u0131 taraf\u0131ndan il\u00e7ede konu\u015fulan \u015fiveye g\u00f6re haz\u0131rlanan afi\u015fler, vatanda\u015flar\u0131n kalabal\u0131k oldu\u011fu i\u015f yerlerine as\u0131ld\u0131.\u00a0<br \/>\nKaymakam Muammer K\u00f6ken yapt\u0131\u011f\u0131 a\u00e7\u0131klamada, korona vir\u00fcse kar\u015f\u0131 vatanda\u015flar\u0131n maske takmalar\u0131 ve sosyal mesafe kurallar\u0131na uymalar\u0131na dikkat \u00e7ekmek amac\u0131yla il\u00e7e halk\u0131n\u0131n konu\u015ftu\u011fu \u015fiveyle bir \u00e7al\u0131\u015fma yapt\u0131klar\u0131n\u0131 s\u00f6yledi.\u00a0<br \/>\nVatanda\u015flardan yo\u011fun ilgi g\u00f6ren afi\u015flerde &#8220;F\u0131ld\u0131r\u0131 f\u0131\u015f\u015f\u0131k gezme. Tiril Tiril, hendele maskesiz n\u00f6\u011f\u00fcr\u00fcrs\u00fcn\u00fcz leeen. Ic\u0131k \u00f6te gedin. Korana morana var, get \u00f6te yan\u0131na. Ahanam f\u00fcr\u00fcs pik yapt\u0131. Hende \u00e7ap\u0131t\u0131 tak. Ic\u0131k \u00f6tede tingilde lennn. Duldanda dur maskeni tak, gam\u0131d\u0131p durma maskeni dak. \u00c7ap\u0131d\u0131 dak, elini yu, \u0131rak dur&#8221; s\u00f6zleri yer ald\u0131.\u00a0<br \/>\nAfi\u015fleri okuyan vatanda\u015flar ise \u015fivemiz ne g\u00fczel anlat\u0131lm\u0131\u015f dediler. \u00a0<\/p>\n","protected":false},"excerpt":{"rendered":"<p>Mersin&#8217;in Mut il\u00e7esinde haz\u0131rlanan bro\u015f\u00fcrlerde &#8220;F\u0131ld\u0131r\u0131 f\u0131\u015f\u015f\u0131k gezme, hendele maskesiz n\u00f6\u011f\u00fcr\u00fcrs\u00fcn\u00fcz leeen, Ic\u0131k \u00f6te gedin&#8221; gibi uyar\u0131lar dikkat \u00e7ekti. Mersin\u2019in Mut il\u00e7esinde, vatanda\u015flar korona vir\u00fcse kar\u015f\u0131 maske takmalar\u0131 ve sosyal &hellip; <a href=\"https:\/\/akdenizolaygazetesi.com\/?p=8009\" class=\"more-link\">Devam\u0131n\u0131 Oku&#8230;<\/a><\/p>\n","protected":false},"author":1,"featured_media":0,"comment_status":"open","ping_status":"open","sticky":false,"template":"","format":"standard","meta":[],"categories":[],"tags":[],"_links":{"self":[{"href":"https:\/\/akdenizolaygazetesi.com\/index.php?rest_route=\/wp\/v2\/posts\/8009"}],"collection":[{"href":"https:\/\/akdenizolaygazetesi.com\/index.php?rest_route=\/wp\/v2\/posts"}],"about":[{"href":"https:\/\/akdenizolaygazetesi.com\/index.php?rest_route=\/wp\/v2\/types\/post"}],"author":[{"embeddable":true,"href":"https:\/\/akdenizolaygazetesi.com\/index.php?rest_route=\/wp\/v2\/users\/1"}],"replies":[{"embeddable":true,"href":"https:\/\/akdenizolaygazetesi.com\/index.php?rest_route=%2Fwp%2Fv2%2Fcomments&post=8009"}],"version-history":[{"count":0,"href":"https:\/\/akdenizolaygazetesi.com\/index.php?rest_route=\/wp\/v2\/posts\/8009\/revisions"}],"wp:attachment":[{"href":"https:\/\/akdenizolaygazetesi.com\/index.php?rest_route=%2Fwp%2Fv2%2Fmedia&parent=8009"}],"wp:term":[{"taxonomy":"category","embeddable":true,"href":"https:\/\/akdenizolaygazetesi.com\/index.php?rest_route=%2Fwp%2Fv2%2Fcategories&post=8009"},{"taxonomy":"post_tag","embeddable":true,"href":"https:\/\/akdenizolaygazetesi.com\/index.php?rest_route=%2Fwp%2Fv2%2Ftags&post=8009"}],"curies":[{"name":"wp","href":"https:\/\/api.w.org\/{rel}","templated":true}]}}