{"id":8012,"date":"2020-11-04T18:28:28","date_gmt":"2020-11-04T15:28:28","guid":{"rendered":"http:\/\/mersinekonomipolitikagazetesi.com\/?p=8012"},"modified":"2020-11-04T18:28:28","modified_gmt":"2020-11-04T15:28:28","slug":"semptomlar-gorulmeden-48-saat-once-bulas-basliyor","status":"publish","type":"post","link":"https:\/\/akdenizolaygazetesi.com\/?p=8012","title":{"rendered":"\u201cSemptomlar g\u00f6r\u00fclmeden 48 saat \u00f6nce bula\u015f ba\u015fl\u0131yor\u201d"},"content":{"rendered":"<p>Bilim Kurulu \u00dcyesi Ate\u015f Kara uyard\u0131: \u201c2 ya\u015f\u0131na kadar olan \u00e7ocuklar asla ve asla maske takmamal\u0131. 12 ya\u015f\u0131n \u00fcst\u00fcndekiler mutlak ve mutlak maske takmal\u0131. \u00c7ocuklar vir\u00fcs\u00fc al\u0131yorlar, bu vir\u00fcs\u00fc bula\u015ft\u0131rabiliyorlar ama hasta olma oranlar\u0131 az.\u201d<\/p>\n<p>Sa\u011fl\u0131k Bakanl\u0131\u011f\u0131 Koronavir\u00fcs Bilim Kurulu \u00dcyesi Prof. Dr. Ate\u015f Kara, iki ya\u015f\u0131ndan k\u00fc\u00e7\u00fck \u00e7ocuklarda a\u011f\u0131z ve burundan nefes alma sisteminin tam geli\u015fmedi\u011fini belirtti. Prof. Dr. Kara, \u201c2 ya\u015f\u0131na kadar olan \u00e7ocuklar asla ve asla maske takmamal\u0131. Onlara y\u00fcz koruyucu ya da bebek arabalar\u0131nda, pusetlerde oldu\u011fu gibi bir \u00f6rt\u00fcyle korunacak \u015fekilde hareket etmelerinin daha do\u011fru oldu\u011funu s\u00f6yl\u00fcyoruz\u201d dedi.\u00a0<br \/>\nD\u00fcnya Sa\u011fl\u0131k \u00d6rg\u00fct\u00fc (DS\u00d6), 5 ya\u015f alt\u0131ndaki \u00e7ocuklarda maske kullan\u0131m\u0131nda dikkat edilmesi gerekti\u011fini ve 12 ya\u015f \u00fczerindeki \u00e7ocuklar\u0131n kesinlikle maske takmas\u0131 gerekti\u011fini a\u00e7\u0131klad\u0131. Korona vir\u00fcs ile m\u00fccadelede \u00e7ocuklar\u0131n, \u00e7ok iyi korunmas\u0131 gerekti\u011fini belirten, Bilim Kurulu \u00dcyesi Hacettepe \u00dcniversitesi T\u0131p Fak\u00fcltesi \u00c7ocuk Enfeksiyon Hastal\u0131klar\u0131 Uzman\u0131 Prof. Dr. Kara, 15 ya\u015f \u00fczerindeki \u00e7ocuklarda hastal\u0131\u011f\u0131n yeti\u015fkinlere yak\u0131n bir seviyede a\u011f\u0131rl\u0131kta seyredebilece\u011fini ve bu ya\u015f grubunun da \u00f6zellikle dikkat etmesi gerekti\u011fini ifade etti.\u00a0<\/p>\n<p>\u201c2 ya\u015f\u0131na kadar olan \u00e7ocuklar asla ve asla maske takmamal\u0131\u201d<br \/>\n\u00a0<br \/>\n\u0130ki ya\u015f\u0131ndan k\u00fc\u00e7\u00fck \u00e7ocuklarda solunum sisteminin tam geli\u015fmedi\u011fini ve dolay\u0131s\u0131yla bu \u00e7ocuklarda maske kullan\u0131m\u0131n\u0131n \u00e7ok tehlikeli oldu\u011funa de\u011finen Bilim Kurulu \u00dcyesi Prof. Dr. Kara, \u201c\u00c7ocuklarda maske i\u00e7in birka\u00e7 \u015feye dikkat etmemiz laz\u0131m. Bunlar\u0131n bir tanesi \u015fu, \u00e7ok k\u00fc\u00e7\u00fck \u00e7ocuklar yani \u00f6zellikle 2 ya\u015f\u0131n alt\u0131ndaki \u00e7ocuklar\u0131n nefes al\u0131p vermesi. Biz nefes al\u0131p verirken asl\u0131nda hem burnumuzu, hem a\u011fz\u0131m\u0131z\u0131 istedi\u011fimiz zaman de\u011fi\u015fken olarak kullanabiliyoruz. Ama k\u00fc\u00e7\u00fck \u00e7ocuklarda, \u00f6zellikle de biraz \u00f6nce s\u00f6yledi\u011fimiz gibi, 2 ya\u015f\u0131n alt\u0131ndaki \u00e7ocuklarda a\u011f\u0131z ve burun nefes al\u0131p verme sistemi tam geli\u015fmemi\u015ftir. Yani onlar genellikle nefesleri tek organ arac\u0131l\u0131\u011f\u0131yla alabiliyorlar. Bu da ya a\u011f\u0131zlar\u0131ndan ya da burunlar\u0131ndan. O nedenle de \u00f6zellikle o b\u00f6lgeyi kapatacak, \u00e7\u00fcnk\u00fc biz maske i\u00e7in \u015funu s\u00f6yl\u00fcyoruz, \u2018vir\u00fcse kar\u015f\u0131 \u00e7ekti\u011fimiz bir duvar\u2019. Ama bu ayn\u0131 zamanda a\u011f\u0131z ve burunun da \u00f6n\u00fcn\u00fc kapatan bir nesne oldu\u011fu i\u00e7in, k\u00fc\u00e7\u00fck bebeklerde nefes alman\u0131n durmas\u0131na neden olabiliyor. O nedenle de biz biraz daha g\u00fcvenli olal\u0131m diye bunu 2 ya\u015f\u0131na kadar \u00e7ekiyoruz. Diyoruz ki. Yani bebeklerimizi o \u015fekilde korumam\u0131z laz\u0131m. Art\u0131 olarak bebeklerin yan\u0131na giderken bizim maske takmam\u0131z da onlar\u0131n korunmas\u0131 i\u00e7in \u00e7ok \u00f6nemli\u201d \u015feklinde konu\u015ftu.\u00a0<\/p>\n<p>\u201c\u00c7ocuklar vir\u00fcs\u00fc al\u0131yorlar, bu vir\u00fcs\u00fc bula\u015ft\u0131rabiliyorlar ama hasta olma oranlar\u0131 az\u201d<br \/>\n\u00a0<br \/>\nHer \u00e7ocu\u011fun geli\u015fiminin farkl\u0131 seyretti\u011fini belirten Prof. Dr. Ate\u015f Kara, \u201cE\u011fer \u00e7ocuk belirli fonksiyonlar\u0131 kazanabilmi\u015fse, bu durum \u015f\u00f6yle, c\u00fcmleyi uzun olarak kurabiliyor ve bu s\u0131rada da nefes al\u0131p vermede sorun ya\u015fam\u0131yorsa, yemek yerken arada bir nefes almak zorunda kalm\u0131yorsa, biz bunlar\u0131 fark edebiliyorsak o zaman art\u0131k bu \u00e7ocuklar\u0131n maske takabilece\u011fini, \u00f6zellikle d\u0131\u015f alanlarda kalabal\u0131k alanlara ge\u00e7ildi\u011finde maske takabilece\u011fini s\u00f6ylememiz laz\u0131m. Biraz daha b\u00fcy\u00fcd\u00fckten sonra da art\u0131k \u00e7ocuklar \u00e7ok rahat maske takabilirler. Bu ya\u015f\u0131 da kabaca 3 ila 5 ya\u015f olarak de\u011ferlendirebiliriz. O ya\u015f grubunda maskeyi \u00e7ok rahat takabilirler\u201d ifadelerini kulland\u0131.\u00a0<\/p>\n<p>\u201c12 ya\u015f\u0131n \u00fcst\u00fcndekiler mutlak ve mutlak maske takmal\u0131\u201d<br \/>\n\u00a0<br \/>\nD\u00fcnya Sa\u011fl\u0131k \u00d6rg\u00fct\u00fc\u2019n\u00fcn &#8217;12 ya\u015f \u00fczerindeki \u00e7ocuklar mutlaka maske takmal\u0131&#8217; tavsiyesine de\u011finen Prof. Dr. Kara, \u201cBizim verilerimizde de D\u00fcnya Sa\u011fl\u0131k \u00d6rg\u00fct\u00fc verilerinde de d\u00fcnyan\u0131n di\u011fer verilerinde de \u015funu g\u00f6r\u00fcyoruz; ger\u00e7ekten \u00e7ocuklar vir\u00fcs\u00fc al\u0131yorlar, bu vir\u00fcs\u00fc bula\u015ft\u0131rabiliyorlar ama hasta olma oranlar\u0131 az. Ama ya\u015f b\u00fcy\u00fcmeye ba\u015flad\u0131k\u00e7a \u00f6zellikle 12 ya\u015ftan sonra art\u0131k \u00e7ocuklarda da hastalanma ba\u015fl\u0131yor. \u00d6zellikle de 15 ya\u015f\u0131ndan b\u00fcy\u00fcklerde vir\u00fcs aynen yeti\u015fkinler gibi davran\u0131yor ve neredeyse ayn\u0131 oranlarda hastalan\u0131yorlar. O bak\u0131mdan o gruplar\u0131n hem kendilerini korumalar\u0131 hem de \u00e7evreyi korumalar\u0131 i\u00e7in mutlak ve mutlak s\u00fcrekli maskeli olmalar\u0131 laz\u0131m. O zaman \u015f\u00f6yle s\u00f6yleyebilir miyiz? 2 ya\u015f\u0131n alt\u0131ndaki \u00e7ocuklar\u0131 biz koruyaca\u011f\u0131z. Biz maske takaca\u011f\u0131z ve onlar\u0131n \u00f6n\u00fcne y\u00fcz siperli\u011fi gibi veya \u00e7ok kalabal\u0131k bir ortama girecekse ve kullanacaksa, bizim bazen y\u00fcz siperli\u011fi olarak s\u00f6yledi\u011fimiz \u015feffaf y\u00fcz koruyucular\u0131 ya da pusetlerindeki bebek arabalar\u0131ndaki gibi bir koruyucuyla onlar\u0131 koruyaca\u011f\u0131z. 2 ya\u015f\u0131ndan b\u00fcy\u00fck \u00e7ocuklarda e\u011fer ba\u015fka bir problemi yoksa maske takabilirler. Riskli alanlara ge\u00e7erken, kalabal\u0131k alanlara ge\u00e7erken maske taks\u0131nlar. Ama baz\u0131 \u00e7ocuklar geli\u015fim basama\u011f\u0131nda biraz daha yava\u015f olabilirler. Ama \u00e7ocuk b\u00fcy\u00fcmeye ba\u015flad\u0131ktan sonra \u00f6zellikle 3\u2019l\u00fc 5\u2019li ya\u015flardan sonra maske takabilir. \u00d6zellikle 12 ya\u015f\u0131n \u00fcst\u00fcndekilerin mutlak ve mutlak her ortamda maskeli olmalar\u0131 gerekiyor. Onlar mutlaka maske takmal\u0131lar. Ayn\u0131 D\u00fcnya Sa\u011fl\u0131k \u00d6rg\u00fct\u00fc\u2019n\u00fcn s\u00f6yledi\u011fi gibi\u201d diye konu\u015ftu.\u00a0<\/p>\n<p>\u201cBenim \u015fikayetim veya her hangi bir bulgum varsa ondan 48 saat \u00f6ncesinde bula\u015ft\u0131r\u0131c\u0131l\u0131\u011f\u0131m ba\u015fl\u0131yor\u201d<br \/>\n\u00a0<br \/>\nCovid-19 testi pozitif \u00e7\u0131km\u0131\u015f ki\u015fi ile yak\u0131n 48 saat \u00f6ncesinden itibaren yak\u0131n temasta bulunan ki\u015filerin de kendini izole etmesinin \u00e7ok \u00f6nemli oldu\u011funu belirten Prof. Dr. Kara, \u201cBug\u00fcn i\u00e7in bizim bildi\u011fimiz en net olan \u015f\u00f6yle bir bilgimiz var; bula\u015ft\u0131r\u0131c\u0131l\u0131\u011f\u0131n en y\u00fcksek oldu\u011fu d\u00f6nemler asl\u0131nda hastal\u0131\u011f\u0131n ba\u015flang\u0131\u00e7 d\u00f6nemleri, art\u0131 a\u011f\u0131r hastalarda ise t\u00fcm hastal\u0131k s\u00fcresince de bula\u015ft\u0131r\u0131c\u0131l\u0131k var. \u015e\u00f6yle diyebilir miyiz o zaman? Bula\u015ft\u0131r\u0131c\u0131l\u0131k ne zaman ba\u015flar, ki\u015fi ne zaman etrafa vir\u00fcs atmaya ba\u015flar? Bug\u00fcnk\u00fc bilgilerimiz kabaca \u015funu s\u00f6yl\u00fcyor; en yo\u011fun bula\u015f\u0131n olabilece\u011fi d\u00f6nemin e\u011fer ben de vir\u00fcs varsa \u015fikayet ve semptomum ba\u015flam\u0131\u015fsa ondan 48 saat \u00f6ncesinde ben vir\u00fcs bula\u015ft\u0131rmaya ba\u015fl\u0131yorum. Yani testimin ne zaman pozitif oldu\u011fu \u00f6nemli de\u011fil. Ama benim \u015fikayetim veya her hangi bir bulgum varsa ondan 48 saat \u00f6ncesinde bula\u015ft\u0131r\u0131c\u0131l\u0131\u011f\u0131m ba\u015fl\u0131yor. O zaman ben o ki\u015fi ile maskesiz olarak, ben veya o. Bende maske olmas\u0131 da \u00e7ok yeterli de\u011fil. Bu sadece temas\u0131n riskini azalt\u0131r. Ama hem kar\u015f\u0131mdakinde hem bende maske varsa bu art\u0131k temas\u0131n d\u0131\u015f\u0131nda kal\u0131yor. \u00c7\u00fcnk\u00fc korunur haldeyiz. Ancak yo\u011fun bir \u015fekilde ayn\u0131 ortamda uzun s\u00fcre bulunduysak bu temast\u0131r. Yo\u011fun de\u011fil ama mesafe olarak yak\u0131n mesafede bulunduk, kar\u015f\u0131l\u0131kl\u0131 konu\u015ftuk bu da temast\u0131r. \u015e\u00f6yle s\u00f6yleyebiliriz; ayn\u0131 oda i\u00e7erisinde birbirimizden mesafeli bile olsak, birka\u00e7 saat bulunduysak ben art\u0131k temasl\u0131 haline gelirim. Ancak kapal\u0131 bir ortamda 1 metreden, 2 metreden yak\u0131n bir mesafede bulunduysam bu da temasl\u0131 hale gelir. Ancak kar\u015f\u0131l\u0131kl\u0131 konu\u015ftuk, aram\u0131zda 2 metreden ve aram\u0131zda maskemiz de yoktu o zaman bu da temasl\u0131 haline gelebilir\u201d \u015feklinde konu\u015ftu.<br \/>\n\u00a0<br \/>\nKi\u015finin vir\u00fcs atma s\u00fcresinin 10 g\u00fcn daha s\u00fcrebildi\u011fini aktaran Prof. Dr. Ate\u015f Kara, hasta ki\u015finin semptom ve \u015fikayetleri d\u00fczeldikten sonra en az 14 g\u00fcn daha mutlaka evinde izole olmas\u0131n\u0131, hi\u00e7 kimse ile temas etmemesini \u00f6zellikle de maskesiz temastan kesinlikle uzak durmas\u0131 gerekti\u011fini belirtti. \u00a0<\/p>\n","protected":false},"excerpt":{"rendered":"<p>Bilim Kurulu \u00dcyesi Ate\u015f Kara uyard\u0131: \u201c2 ya\u015f\u0131na kadar olan \u00e7ocuklar asla ve asla maske takmamal\u0131. 12 ya\u015f\u0131n \u00fcst\u00fcndekiler mutlak ve mutlak maske takmal\u0131. \u00c7ocuklar vir\u00fcs\u00fc al\u0131yorlar, bu vir\u00fcs\u00fc bula\u015ft\u0131rabiliyorlar &hellip; <a href=\"https:\/\/akdenizolaygazetesi.com\/?p=8012\" class=\"more-link\">Devam\u0131n\u0131 Oku&#8230;<\/a><\/p>\n","protected":false},"author":1,"featured_media":0,"comment_status":"open","ping_status":"open","sticky":false,"template":"","format":"standard","meta":[],"categories":[],"tags":[],"_links":{"self":[{"href":"https:\/\/akdenizolaygazetesi.com\/index.php?rest_route=\/wp\/v2\/posts\/8012"}],"collection":[{"href":"https:\/\/akdenizolaygazetesi.com\/index.php?rest_route=\/wp\/v2\/posts"}],"about":[{"href":"https:\/\/akdenizolaygazetesi.com\/index.php?rest_route=\/wp\/v2\/types\/post"}],"author":[{"embeddable":true,"href":"https:\/\/akdenizolaygazetesi.com\/index.php?rest_route=\/wp\/v2\/users\/1"}],"replies":[{"embeddable":true,"href":"https:\/\/akdenizolaygazetesi.com\/index.php?rest_route=%2Fwp%2Fv2%2Fcomments&post=8012"}],"version-history":[{"count":0,"href":"https:\/\/akdenizolaygazetesi.com\/index.php?rest_route=\/wp\/v2\/posts\/8012\/revisions"}],"wp:attachment":[{"href":"https:\/\/akdenizolaygazetesi.com\/index.php?rest_route=%2Fwp%2Fv2%2Fmedia&parent=8012"}],"wp:term":[{"taxonomy":"category","embeddable":true,"href":"https:\/\/akdenizolaygazetesi.com\/index.php?rest_route=%2Fwp%2Fv2%2Fcategories&post=8012"},{"taxonomy":"post_tag","embeddable":true,"href":"https:\/\/akdenizolaygazetesi.com\/index.php?rest_route=%2Fwp%2Fv2%2Ftags&post=8012"}],"curies":[{"name":"wp","href":"https:\/\/api.w.org\/{rel}","templated":true}]}}