{"id":8013,"date":"2020-11-04T18:28:28","date_gmt":"2020-11-04T15:28:28","guid":{"rendered":"http:\/\/mersinekonomipolitikagazetesi.com\/?p=8013"},"modified":"2020-11-04T18:28:28","modified_gmt":"2020-11-04T15:28:28","slug":"asirlik-dedeye-kabul-edilemez-muamele","status":"publish","type":"post","link":"https:\/\/akdenizolaygazetesi.com\/?p=8013","title":{"rendered":"ASIRLIK DEDEYE KABUL ED\u0130LEMEZ MUAMELE..!"},"content":{"rendered":"<p>Mersin Erdemli Devlet Hastanesi\u2019nde 96 ya\u015f\u0131ndaki H\u00fcseyin Bilsel\u2019in ya\u015fad\u0131\u011f\u0131 iddia edilen olaylara vatanda\u015f tepki g\u00f6sterdi.<br \/>\nSosyal medya hesaplar\u0131nda T\u00fcrkiye genelinde insanlar, \u201cBu nas\u0131l hastane? \u0130nsan atas\u0131na bu s\u00f6ylenenleri yapar m\u0131?\u2019\u2019 diye konu\u015ftu.<\/p>\n<p>Mehmet K\u0131z\u0131lkanat sosyal medya \u00fczerinden yapt\u0131\u011f\u0131 payla\u015f\u0131mda dedesi H\u00fcseyin Bilsel\u2019in (96) 17 A\u011fustos 2020 tarihinde Covid-19 tan\u0131s\u0131 \u00fczerine Erdemli Devlet Hastanesi\u2019ne kald\u0131r\u0131ld\u0131\u011f\u0131n\u0131 belirterek, \u201cG\u00f6zetim alt\u0131nda kalmas\u0131 i\u00e7in hastaneye yat\u0131r\u0131lm\u0131\u015ft\u0131. Bir gece refakat\u00e7i olarak o\u011flu kalabilmi\u015f ertesi g\u00fcn ise o\u011flunun hastanede kalmas\u0131n\u0131n yasak oldu\u011fu s\u00f6ylenerek 96 ya\u015f\u0131ndaki dedem 3 g\u00fcn boyunca odada yaln\u0131z ve bak\u0131ms\u0131z b\u0131rak\u0131lm\u0131\u015ft\u0131r.\u2019\u2019 diye iddia etti.<br \/>\n\u00a0<br \/>\n\u00a0<br \/>\n\u201cDedemi morluklar i\u00e7inde yerde yatarken bulduk\u2019\u2019<br \/>\n\u00a0<br \/>\nHastaneye yat\u0131r\u0131ld\u0131ktan 4 g\u00fcn sonra dedelerini g\u00f6rmeye gittiklerini belirten K\u0131z\u0131lkanat, \u201c21 A\u011fustos\u2019ta hastaneye gidildi\u011finde torunu dedemi bu halde morluklar i\u00e7inde yerde yatarken buldu. Hastane y\u00f6netimi dedemde bulunmayan Alzheimer hastal\u0131\u011f\u0131n\u0131n oldu\u011funu a\u015f\u0131r\u0131 agresif oldu\u011funu hi\u00e7bir \u015fekilde yemek yemedi\u011fini, ila\u00e7lar\u0131n\u0131 i\u00e7medi\u011fini s\u00f6yledi. Madem b\u00f6yle bir \u015fey s\u00f6z konusu bu adam neden hastanede tedavi alt\u0131na al\u0131nd\u0131\u011f\u0131 s\u00f6ylendi?\u2019\u2019 diyerek tepki g\u00f6sterdi.<br \/>\n\u00a0<br \/>\n\u201cDedem hastanede \u00f6l\u00fcme terk edilmi\u015ftir\u2019\u2019<br \/>\n\u00a0\u00a0<br \/>\nDedeleri H\u00fcseyin Bilsel\u2019in hastanede tedavi edildi\u011fini d\u00fc\u015f\u00fcnd\u00fcklerini iyile\u015fme s\u00fcrecine girdi\u011fi d\u00fc\u015f\u00fcncesinde olduklar\u0131n\u0131 belirten K\u0131z\u0131lkanat, \u201cDedem hastanede \u00f6l\u00fcme terkedilmi\u015ftir. Kafas\u0131 k\u0131r\u0131l\u0131p, y\u00fcz\u00fcn\u00fcn neredeyse yar\u0131s\u0131 kan oturmu\u015f adama bir beyin filmi bile \u00e7ekilmemi\u015ftir. Hastane y\u00f6netiminden dedemi bu hale sokan yetkililerden \u015fikayet\u00e7iyim. Biz ya\u015fl\u0131lar\u0131m\u0131za bu kadar de\u011fer verirken e\u011fer hastanede bak\u0131lmayacaksa hastanede neden yat\u0131r\u0131ld\u0131\u011f\u0131n\u0131 sormak istiyorum evde bak\u0131m\u0131n\u0131 \u00e7ok daha \u00f6zenli yapabilirdik.\u2019\u2019 diyerek hastanede ya\u015fan\u0131ld\u0131\u011f\u0131 iddia edilen olayla ilgili olarak Cumhurba\u015fkan\u0131 Recep Tayyip Erdo\u011fan, Sa\u011fl\u0131k Bakan\u0131 Fahrettin Koca ve sanat\u00e7\u0131 Haluk Levent&#8217;ten konunun ayd\u0131nlat\u0131lmas\u0131 i\u00e7in yard\u0131m istedi.\u00a0<\/p>\n","protected":false},"excerpt":{"rendered":"<p>Mersin Erdemli Devlet Hastanesi\u2019nde 96 ya\u015f\u0131ndaki H\u00fcseyin Bilsel\u2019in ya\u015fad\u0131\u011f\u0131 iddia edilen olaylara vatanda\u015f tepki g\u00f6sterdi. Sosyal medya hesaplar\u0131nda T\u00fcrkiye genelinde insanlar, \u201cBu nas\u0131l hastane? \u0130nsan atas\u0131na bu s\u00f6ylenenleri yapar m\u0131?\u2019\u2019 &hellip; <a href=\"https:\/\/akdenizolaygazetesi.com\/?p=8013\" class=\"more-link\">Devam\u0131n\u0131 Oku&#8230;<\/a><\/p>\n","protected":false},"author":1,"featured_media":0,"comment_status":"open","ping_status":"open","sticky":false,"template":"","format":"standard","meta":[],"categories":[],"tags":[],"_links":{"self":[{"href":"https:\/\/akdenizolaygazetesi.com\/index.php?rest_route=\/wp\/v2\/posts\/8013"}],"collection":[{"href":"https:\/\/akdenizolaygazetesi.com\/index.php?rest_route=\/wp\/v2\/posts"}],"about":[{"href":"https:\/\/akdenizolaygazetesi.com\/index.php?rest_route=\/wp\/v2\/types\/post"}],"author":[{"embeddable":true,"href":"https:\/\/akdenizolaygazetesi.com\/index.php?rest_route=\/wp\/v2\/users\/1"}],"replies":[{"embeddable":true,"href":"https:\/\/akdenizolaygazetesi.com\/index.php?rest_route=%2Fwp%2Fv2%2Fcomments&post=8013"}],"version-history":[{"count":0,"href":"https:\/\/akdenizolaygazetesi.com\/index.php?rest_route=\/wp\/v2\/posts\/8013\/revisions"}],"wp:attachment":[{"href":"https:\/\/akdenizolaygazetesi.com\/index.php?rest_route=%2Fwp%2Fv2%2Fmedia&parent=8013"}],"wp:term":[{"taxonomy":"category","embeddable":true,"href":"https:\/\/akdenizolaygazetesi.com\/index.php?rest_route=%2Fwp%2Fv2%2Fcategories&post=8013"},{"taxonomy":"post_tag","embeddable":true,"href":"https:\/\/akdenizolaygazetesi.com\/index.php?rest_route=%2Fwp%2Fv2%2Ftags&post=8013"}],"curies":[{"name":"wp","href":"https:\/\/api.w.org\/{rel}","templated":true}]}}