{"id":8015,"date":"2020-11-04T18:28:28","date_gmt":"2020-11-04T15:28:28","guid":{"rendered":"http:\/\/mersinekonomipolitikagazetesi.com\/?p=8015"},"modified":"2020-11-04T18:28:28","modified_gmt":"2020-11-04T15:28:28","slug":"baskan-yilmaz-yaylalarda-vatandaslarla-bir-araya-geldi","status":"publish","type":"post","link":"https:\/\/akdenizolaygazetesi.com\/?p=8015","title":{"rendered":"Ba\u015fkan Y\u0131lmaz, yaylalarda vatanda\u015flarla bir araya geldi"},"content":{"rendered":"<p>Toroslar Belediye Ba\u015fkan\u0131 Ats\u0131z Af\u015f\u0131n Y\u0131lmaz, yaylalar\u0131 ziyaret ederek vatanda\u015flarla bir araya geldi.\u00a0<br \/>\nYenik\u00f6y, Alada\u011f ve Musal\u0131 mahallelerinde incelemelerde bulunarak mahalle muhtarlar\u0131, vatanda\u015flar ve esnaflarla bir araya gelen Y\u0131lmaz, Toroslar&#8217;\u0131n her noktas\u0131na hizmet g\u00f6t\u00fcrme gayreti i\u00e7erisinde olduklar\u0131n\u0131 s\u00f6yledi. Yaz aylar\u0131nda n\u00fcfusu 180 bini bulan yaylalarda vatanda\u015flar\u0131n taleplerini dinleyen Y\u0131lmaz&#8217;a, Toroslar Kent Konseyi Ba\u015fkan\u0131 \u00dcmit Er\u015fan, belediye meclis \u00fcyeleri ve birim m\u00fcd\u00fcrleri de e\u015flik etti.\u00a0<br \/>\nHizmetlerin vatanda\u015flara zaman\u0131nda ula\u015fmas\u0131 ve acil ihtiya\u00e7lar\u0131n yerine getirilmesi ad\u0131na yayla ziyaretlerini s\u0131kl\u0131kla ger\u00e7ekle\u015ftiren Ba\u015fkan Y\u0131lmaz, mahalle sakinleri taraf\u0131ndan yo\u011fun ilgi ve sevgiyle kar\u015f\u0131land\u0131. Teknik ekipler taraf\u0131ndan mahallelere yap\u0131lan \u00e7al\u0131\u015fmalar\u0131 koordine ederken vatanda\u015flarla da sohbet ederek taleplerini bizzat kendilerinden dinleyen Y\u0131lmaz, hem merkezde hem de yaylalarda ciddi bir \u00e7al\u0131\u015fma i\u00e7erisinde olduklar\u0131n\u0131 s\u00f6yledi.\u00a0<\/p>\n<p>&#8220;Hedefimiz en iyisini yapmak&#8221;<br \/>\n\u00a0<br \/>\n\u0130l\u00e7e genelinde \u00e7ok ciddi bir \u00e7al\u0131\u015fma i\u00e7erisinde olduklar\u0131n\u0131 vurgulayan Y\u0131lmaz, &#8220;Hem merkez mahallelerimize hem de yaylalar\u0131m\u0131za en \u00e7ok yat\u0131r\u0131m yapan bir belediyeyiz. Normalde n\u00fcfusumuz 300 bin. Yaz aylar\u0131nda da yaylalar\u0131m\u0131zdaki n\u00fcfus 180 bin ki\u015fiyi buluyor. Bizim vazifemiz vatanda\u015flar\u0131m\u0131z\u0131n ihtiya\u00e7lar\u0131n\u0131 gidermek ve hizmet vermek. Elimizden geldi\u011fince \u00e7al\u0131\u015f\u0131yoruz. Yollar\u0131m\u0131zda s\u0131cak asfalt, yama ve kilit parke \u00e7al\u0131\u015fmalar\u0131m\u0131z\u0131 yapt\u0131k. Temizlik sistemimizi yeniden organize ettik. \u0130\u015f yapma kapasitemizi artt\u0131rd\u0131k. Sorumlu belediyecilik anlay\u0131\u015f\u0131yla da \u00e7al\u0131\u015farak hizmet alanlar\u0131m\u0131z\u0131n d\u0131\u015f\u0131ndaki hizmetler konusunda da vatanda\u015flar\u0131m\u0131za yard\u0131mc\u0131 oluyor ve y\u00f6nlendiriyoruz. \u0130n\u015fallah \u00f6n\u00fcm\u00fczdeki y\u0131l Yenik\u00f6y, Ayvagedi\u011fi ve G\u00f6zne mahallelerimizdeki kilit parke \u00e7al\u0131\u015fmalar\u0131m\u0131z\u0131 tamamlayaca\u011f\u0131z. Ciddi bir yol kat ettik ama hep daha iyisini hedefliyoruz. Bu sene iki defa sel ve kar felaketi oldu. Biz bu yol bizim yolumuz, bu yol B\u00fcy\u00fck\u015fehir Belediyesinin yolu ya da karayollar\u0131n\u0131n yolu diye bakmadan yol a\u00e7ma \u00e7al\u0131\u015fmalar\u0131m\u0131z\u0131 yapt\u0131k. \u00d6nemli olan Toroslar halk\u0131m\u0131za en g\u00fczel hizmeti sunmak&#8221; dedi.\u00a0<\/p>\n<p>&#8220;\u00dcretenin kazanmas\u0131 laz\u0131m&#8221;\u00a0<\/p>\n<p>Ba\u015fkan Y\u0131lmaz, yayla ziyaretleri s\u0131ras\u0131nda el eme\u011fi g\u00f6z nuruyla \u00fcrettikleri y\u00f6resel \u00fcr\u00fcnleri ve bin bir emekle yeti\u015ftirdikleri sebze, meyveleri satan \u00e7ift\u00e7ilerle de bir araya geldi. Y\u0131lmaz, \u00fcretimde verimlili\u011fi artt\u0131racak ve \u00fcr\u00fcnlerin katma de\u011ferlerini y\u00fckseltecek bir \u00e7al\u0131\u015fma i\u00e7erisinde olduklar\u0131n\u0131 belirterek, &#8220;K\u00f6yde oturman\u0131n avantajl\u0131 olmas\u0131 ve \u00fcretenin kazanmas\u0131 laz\u0131m. Burada \u015feftali bir T\u00fcrk Liras\u0131, a\u015fa\u011f\u0131da 4 T\u00fcrk Liras\u0131. Arada 25 kilometre var. Hem \u00e7al\u0131\u015fma arkada\u015flar\u0131m\u0131zla hem Tar\u0131m \u0130l M\u00fcd\u00fcrl\u00fc\u011f\u00fcyle birlikte \u00fcr\u00fcnlerin katma de\u011ferlerini y\u00fckseltecek bir \u00e7al\u0131\u015fma i\u00e7erisindeyiz&#8221; ifadelerini kulland\u0131.\u00a0<br \/>\nMahalle muhtarlar\u0131 ve vatanda\u015flar da mahallelerine yapt\u0131\u011f\u0131 ziyaretlerinden, yak\u0131n ilgi ve hizmetlerinden dolay\u0131 Ba\u015fkan Y\u0131lmaz&#8217;a te\u015fekk\u00fcr etti.\u00a0<\/p>\n","protected":false},"excerpt":{"rendered":"<p>Toroslar Belediye Ba\u015fkan\u0131 Ats\u0131z Af\u015f\u0131n Y\u0131lmaz, yaylalar\u0131 ziyaret ederek vatanda\u015flarla bir araya geldi.\u00a0 Yenik\u00f6y, Alada\u011f ve Musal\u0131 mahallelerinde incelemelerde bulunarak mahalle muhtarlar\u0131, vatanda\u015flar ve esnaflarla bir araya gelen Y\u0131lmaz, Toroslar&#8217;\u0131n &hellip; <a href=\"https:\/\/akdenizolaygazetesi.com\/?p=8015\" class=\"more-link\">Devam\u0131n\u0131 Oku&#8230;<\/a><\/p>\n","protected":false},"author":1,"featured_media":0,"comment_status":"open","ping_status":"open","sticky":false,"template":"","format":"standard","meta":[],"categories":[],"tags":[],"_links":{"self":[{"href":"https:\/\/akdenizolaygazetesi.com\/index.php?rest_route=\/wp\/v2\/posts\/8015"}],"collection":[{"href":"https:\/\/akdenizolaygazetesi.com\/index.php?rest_route=\/wp\/v2\/posts"}],"about":[{"href":"https:\/\/akdenizolaygazetesi.com\/index.php?rest_route=\/wp\/v2\/types\/post"}],"author":[{"embeddable":true,"href":"https:\/\/akdenizolaygazetesi.com\/index.php?rest_route=\/wp\/v2\/users\/1"}],"replies":[{"embeddable":true,"href":"https:\/\/akdenizolaygazetesi.com\/index.php?rest_route=%2Fwp%2Fv2%2Fcomments&post=8015"}],"version-history":[{"count":0,"href":"https:\/\/akdenizolaygazetesi.com\/index.php?rest_route=\/wp\/v2\/posts\/8015\/revisions"}],"wp:attachment":[{"href":"https:\/\/akdenizolaygazetesi.com\/index.php?rest_route=%2Fwp%2Fv2%2Fmedia&parent=8015"}],"wp:term":[{"taxonomy":"category","embeddable":true,"href":"https:\/\/akdenizolaygazetesi.com\/index.php?rest_route=%2Fwp%2Fv2%2Fcategories&post=8015"},{"taxonomy":"post_tag","embeddable":true,"href":"https:\/\/akdenizolaygazetesi.com\/index.php?rest_route=%2Fwp%2Fv2%2Ftags&post=8015"}],"curies":[{"name":"wp","href":"https:\/\/api.w.org\/{rel}","templated":true}]}}