{"id":8016,"date":"2020-11-04T18:28:28","date_gmt":"2020-11-04T15:28:28","guid":{"rendered":"http:\/\/mersinekonomipolitikagazetesi.com\/?p=8016"},"modified":"2020-11-04T18:28:28","modified_gmt":"2020-11-04T15:28:28","slug":"mersinde-de-egitim-faaliyetlerine-baslayacak","status":"publish","type":"post","link":"https:\/\/akdenizolaygazetesi.com\/?p=8016","title":{"rendered":"Mersin\u2019de de e\u011fitim  faaliyetlerine ba\u015flayacak"},"content":{"rendered":"<p>Juventus, yeni Merih Demiral&#8217;lar\u0131 ke\u015ffetmek i\u00e7in T\u00fcrkiye&#8217;ye geliyor<\/p>\n<p>\u0130talya Serie A tak\u0131mlar\u0131ndan Juventus&#8217;un T\u00fcrkiye\u2019de ilk ve tek resmi akademisi 17 Eyl\u00fcl\u2019 de yap\u0131lacak lansmanla hizmete a\u00e7\u0131l\u0131yor. \u0130stanbul Avrupa Yakas\u0131\u2019nda Be\u015fikta\u015f, Ba\u015fak\u015fehir ve Anadolu Yakas\u0131\u2019nda olmak \u00fczere \u00fc\u00e7 ayr\u0131 sahada faaliyete ba\u015flayacak olan akademi gelece\u011fin y\u0131ld\u0131z futbolcular\u0131n\u0131 yeti\u015ftirecek.\u00a0<br \/>\n\u0130stanbul\u2019da \u00fc\u00e7 ayr\u0131 (Be\u015fikta\u015f, Ba\u015fak\u015fehir, Anadolu Yakas\u0131\u2019nda) saha ile hizmet vermeye ba\u015flayacak olan akademi, Juventus Kul\u00fcb\u00fc\u2019n\u00fcn alt yap\u0131 sistemleriyle d\u00fczenleniyor. Eyl\u00fcl ay\u0131n\u0131n 17\u2019sinde tan\u0131t\u0131m lansman\u0131 ile e\u011fitime ba\u015flayacak olan akademide teknik detaylar, taktik bilgileri ve futbola dair her t\u00fcrl\u00fc e\u011fitim verilecek. E\u011fitim i\u00e7eri\u011finde \u0130ngilizce dil e\u011fitimi, \u00f6zel beslenme programlar\u0131 da yer alacak.\u00a0<br \/>\nAkademi\u2019de Juventus Kul\u00fcb\u00fc\u2019n\u00fcn belirleyece\u011fi bir \u0130talyan Hoca Ba\u015f Antren\u00f6r olarak g\u00f6rev yapacak. \u0130stanbul\u2019dan sonra \u0130zmir, Antalya, Ankara, Bursa ve Mersin\u2019de de e\u011fitim faaliyetlerine ba\u015flayacak olan Juventus T\u00fcrkiye Akademi, T\u00fcrkiye\u2019de yayg\u0131n bir sistem kurmay\u0131 planl\u0131yor.\u00a0<\/p>\n<p>K\u0131z \u00e7ocuklar\u0131 Juventus&#8217;ta olacak<br \/>\n\u00a0<br \/>\nBu e\u011fitim program\u0131nda k\u0131z \u00e7ocuklar\u0131 da yer alacak. Akademide 5-17 ya\u015f aras\u0131ndaki erkek ve k\u0131z \u00e7ocuklar\u0131na e\u011fitim verilecek. 18 ya\u015f ve \u00fczerindeki \u00f6\u011frenciler i\u00e7in antrenman programlar\u0131 ve bireysel e\u011fitim programlar\u0131 da olacak.\u00a0<br \/>\n\u0130talyan ba\u015f antren\u00f6r ba\u015fkanl\u0131\u011f\u0131nda devam edecek \u00e7al\u0131\u015fmalarda TFF antren\u00f6rl\u00fck lisans\u0131na sahip ki\u015filer ve \u00fcniversitelerin Besyo B\u00f6l\u00fcm\u00fc\u2019nden mezun antren\u00f6rler g\u00f6rev alacak.\u00a0<\/p>\n","protected":false},"excerpt":{"rendered":"<p>Juventus, yeni Merih Demiral&#8217;lar\u0131 ke\u015ffetmek i\u00e7in T\u00fcrkiye&#8217;ye geliyor \u0130talya Serie A tak\u0131mlar\u0131ndan Juventus&#8217;un T\u00fcrkiye\u2019de ilk ve tek resmi akademisi 17 Eyl\u00fcl\u2019 de yap\u0131lacak lansmanla hizmete a\u00e7\u0131l\u0131yor. \u0130stanbul Avrupa Yakas\u0131\u2019nda Be\u015fikta\u015f, &hellip; <a href=\"https:\/\/akdenizolaygazetesi.com\/?p=8016\" class=\"more-link\">Devam\u0131n\u0131 Oku&#8230;<\/a><\/p>\n","protected":false},"author":1,"featured_media":0,"comment_status":"open","ping_status":"open","sticky":false,"template":"","format":"standard","meta":[],"categories":[],"tags":[],"_links":{"self":[{"href":"https:\/\/akdenizolaygazetesi.com\/index.php?rest_route=\/wp\/v2\/posts\/8016"}],"collection":[{"href":"https:\/\/akdenizolaygazetesi.com\/index.php?rest_route=\/wp\/v2\/posts"}],"about":[{"href":"https:\/\/akdenizolaygazetesi.com\/index.php?rest_route=\/wp\/v2\/types\/post"}],"author":[{"embeddable":true,"href":"https:\/\/akdenizolaygazetesi.com\/index.php?rest_route=\/wp\/v2\/users\/1"}],"replies":[{"embeddable":true,"href":"https:\/\/akdenizolaygazetesi.com\/index.php?rest_route=%2Fwp%2Fv2%2Fcomments&post=8016"}],"version-history":[{"count":0,"href":"https:\/\/akdenizolaygazetesi.com\/index.php?rest_route=\/wp\/v2\/posts\/8016\/revisions"}],"wp:attachment":[{"href":"https:\/\/akdenizolaygazetesi.com\/index.php?rest_route=%2Fwp%2Fv2%2Fmedia&parent=8016"}],"wp:term":[{"taxonomy":"category","embeddable":true,"href":"https:\/\/akdenizolaygazetesi.com\/index.php?rest_route=%2Fwp%2Fv2%2Fcategories&post=8016"},{"taxonomy":"post_tag","embeddable":true,"href":"https:\/\/akdenizolaygazetesi.com\/index.php?rest_route=%2Fwp%2Fv2%2Ftags&post=8016"}],"curies":[{"name":"wp","href":"https:\/\/api.w.org\/{rel}","templated":true}]}}