{"id":8018,"date":"2020-11-04T18:28:28","date_gmt":"2020-11-04T15:28:28","guid":{"rendered":"http:\/\/mersinekonomipolitikagazetesi.com\/?p=8018"},"modified":"2020-11-04T18:28:28","modified_gmt":"2020-11-04T15:28:28","slug":"orman-bolge-mudurlugu-daimi-isci-alimi-icin-kura-cekildi","status":"publish","type":"post","link":"https:\/\/akdenizolaygazetesi.com\/?p=8018","title":{"rendered":"Orman B\u00f6lge  M\u00fcd\u00fcrl\u00fc\u011f\u00fc daimi i\u015f\u00e7i al\u0131m\u0131 i\u00e7in kura \u00e7ekildi"},"content":{"rendered":"<p>Mersin Orman B\u00f6lge M\u00fcd\u00fcrl\u00fc\u011f\u00fcnde istihdam edilmek \u00fczere, daimi 22 i\u015f\u00e7i al\u0131m\u0131 i\u00e7in noter huzurunda kura \u00e7ekimi yap\u0131ld\u0131\u011f\u0131 bildirildi.<br \/>\n\u00a0<br \/>\nB\u00f6lge M\u00fcd\u00fcrl\u00fc\u011f\u00fcnden yap\u0131lan a\u00e7\u0131klamaya g\u00f6re, bir trakt\u00f6r, 6 greyder, 7 ekskavat\u00f6r ve 8 i\u015f makinesi operat\u00f6rl\u00fc\u011f\u00fc olmak \u00fczere toplam 22 daimi i\u015f\u00e7i al\u0131m\u0131 i\u00e7in Kuyuluk Orman Deposunda noter huzurunda kura \u00e7ekimi ger\u00e7ekle\u015ftirildi. Kura \u00e7ekimine Mersin Orman B\u00f6lge M\u00fcd\u00fcr Yard\u0131mc\u0131s\u0131 Mehmet Fulin, Personel \u015eube M\u00fcd\u00fcr\u00fc Mustafa \u00d6cal ve \u0130\u015fletme M\u00fcd\u00fcr Yard\u0131mc\u0131s\u0131 Muhammet K\u00f6se kat\u0131ld\u0131.\u00a0<br \/>\nSonu\u00e7lar\u0131n en ge\u00e7 26 A\u011fustos \u00c7ar\u015famba g\u00fcn\u00fc Mersin Orman B\u00f6lge M\u00fcd\u00fcrl\u00fc\u011f\u00fc&#8217;n\u00fcn web sitesinden duyurulaca\u011f\u0131 belirtildi.\u00a0<\/p>\n","protected":false},"excerpt":{"rendered":"<p>Mersin Orman B\u00f6lge M\u00fcd\u00fcrl\u00fc\u011f\u00fcnde istihdam edilmek \u00fczere, daimi 22 i\u015f\u00e7i al\u0131m\u0131 i\u00e7in noter huzurunda kura \u00e7ekimi yap\u0131ld\u0131\u011f\u0131 bildirildi. \u00a0 B\u00f6lge M\u00fcd\u00fcrl\u00fc\u011f\u00fcnden yap\u0131lan a\u00e7\u0131klamaya g\u00f6re, bir trakt\u00f6r, 6 greyder, 7 ekskavat\u00f6r &hellip; <a href=\"https:\/\/akdenizolaygazetesi.com\/?p=8018\" class=\"more-link\">Devam\u0131n\u0131 Oku&#8230;<\/a><\/p>\n","protected":false},"author":1,"featured_media":0,"comment_status":"open","ping_status":"open","sticky":false,"template":"","format":"standard","meta":[],"categories":[],"tags":[],"_links":{"self":[{"href":"https:\/\/akdenizolaygazetesi.com\/index.php?rest_route=\/wp\/v2\/posts\/8018"}],"collection":[{"href":"https:\/\/akdenizolaygazetesi.com\/index.php?rest_route=\/wp\/v2\/posts"}],"about":[{"href":"https:\/\/akdenizolaygazetesi.com\/index.php?rest_route=\/wp\/v2\/types\/post"}],"author":[{"embeddable":true,"href":"https:\/\/akdenizolaygazetesi.com\/index.php?rest_route=\/wp\/v2\/users\/1"}],"replies":[{"embeddable":true,"href":"https:\/\/akdenizolaygazetesi.com\/index.php?rest_route=%2Fwp%2Fv2%2Fcomments&post=8018"}],"version-history":[{"count":0,"href":"https:\/\/akdenizolaygazetesi.com\/index.php?rest_route=\/wp\/v2\/posts\/8018\/revisions"}],"wp:attachment":[{"href":"https:\/\/akdenizolaygazetesi.com\/index.php?rest_route=%2Fwp%2Fv2%2Fmedia&parent=8018"}],"wp:term":[{"taxonomy":"category","embeddable":true,"href":"https:\/\/akdenizolaygazetesi.com\/index.php?rest_route=%2Fwp%2Fv2%2Fcategories&post=8018"},{"taxonomy":"post_tag","embeddable":true,"href":"https:\/\/akdenizolaygazetesi.com\/index.php?rest_route=%2Fwp%2Fv2%2Ftags&post=8018"}],"curies":[{"name":"wp","href":"https:\/\/api.w.org\/{rel}","templated":true}]}}