{"id":8020,"date":"2020-11-04T18:28:28","date_gmt":"2020-11-04T15:28:28","guid":{"rendered":"http:\/\/mersinekonomipolitikagazetesi.com\/?p=8020"},"modified":"2020-11-04T18:28:28","modified_gmt":"2020-11-04T15:28:28","slug":"tarsusta-medyad-binasina-silahli-saldiri","status":"publish","type":"post","link":"https:\/\/akdenizolaygazetesi.com\/?p=8020","title":{"rendered":"Tarsus\u2019ta MEDYAD  binas\u0131na silahl\u0131 sald\u0131r\u0131"},"content":{"rendered":"<p>Mersin\u2019in Tarsus il\u00e7esinde bir dernek binas\u0131na kimli\u011fi belirsiz ki\u015fi veya ki\u015filerce av t\u00fcfe\u011fiyle ate\u015f a\u00e7\u0131ld\u0131.\u00a0<br \/>\n\u015eehitkerim Mahallesinde bulunan k\u0131sa ad\u0131 MEDYAD olan Tarsus Medya Mensuplar\u0131 Derne\u011fi\u2019ne ait giri\u015f kap\u0131s\u0131na kimli\u011fi belirsiz ki\u015fi veya ki\u015filerce av t\u00fcfe\u011fiyle ate\u015f a\u00e7\u0131ld\u0131.<br \/>\n\u00a0<br \/>\nMEDYAD Ba\u015fkan\u0131 Okan \u00c7al\u0131\u015fkan\u2019\u0131n da binada bulundu\u011fu s\u0131rada ger\u00e7ekle\u015fen sald\u0131r\u0131da kap\u0131ya 3 mermi izi belirleyen polis, olaydan sonra ka\u00e7an zanl\u0131lar\u0131n yakalanmas\u0131 i\u00e7in ara\u015ft\u0131rma ba\u015flatt\u0131.\u00a0<br \/>\n\u00a0<\/p>\n","protected":false},"excerpt":{"rendered":"<p>Mersin\u2019in Tarsus il\u00e7esinde bir dernek binas\u0131na kimli\u011fi belirsiz ki\u015fi veya ki\u015filerce av t\u00fcfe\u011fiyle ate\u015f a\u00e7\u0131ld\u0131.\u00a0 \u015eehitkerim Mahallesinde bulunan k\u0131sa ad\u0131 MEDYAD olan Tarsus Medya Mensuplar\u0131 Derne\u011fi\u2019ne ait giri\u015f kap\u0131s\u0131na kimli\u011fi &hellip; <a href=\"https:\/\/akdenizolaygazetesi.com\/?p=8020\" class=\"more-link\">Devam\u0131n\u0131 Oku&#8230;<\/a><\/p>\n","protected":false},"author":1,"featured_media":0,"comment_status":"open","ping_status":"open","sticky":false,"template":"","format":"standard","meta":[],"categories":[],"tags":[],"_links":{"self":[{"href":"https:\/\/akdenizolaygazetesi.com\/index.php?rest_route=\/wp\/v2\/posts\/8020"}],"collection":[{"href":"https:\/\/akdenizolaygazetesi.com\/index.php?rest_route=\/wp\/v2\/posts"}],"about":[{"href":"https:\/\/akdenizolaygazetesi.com\/index.php?rest_route=\/wp\/v2\/types\/post"}],"author":[{"embeddable":true,"href":"https:\/\/akdenizolaygazetesi.com\/index.php?rest_route=\/wp\/v2\/users\/1"}],"replies":[{"embeddable":true,"href":"https:\/\/akdenizolaygazetesi.com\/index.php?rest_route=%2Fwp%2Fv2%2Fcomments&post=8020"}],"version-history":[{"count":0,"href":"https:\/\/akdenizolaygazetesi.com\/index.php?rest_route=\/wp\/v2\/posts\/8020\/revisions"}],"wp:attachment":[{"href":"https:\/\/akdenizolaygazetesi.com\/index.php?rest_route=%2Fwp%2Fv2%2Fmedia&parent=8020"}],"wp:term":[{"taxonomy":"category","embeddable":true,"href":"https:\/\/akdenizolaygazetesi.com\/index.php?rest_route=%2Fwp%2Fv2%2Fcategories&post=8020"},{"taxonomy":"post_tag","embeddable":true,"href":"https:\/\/akdenizolaygazetesi.com\/index.php?rest_route=%2Fwp%2Fv2%2Ftags&post=8020"}],"curies":[{"name":"wp","href":"https:\/\/api.w.org\/{rel}","templated":true}]}}