{"id":8023,"date":"2020-11-04T18:28:28","date_gmt":"2020-11-04T15:28:28","guid":{"rendered":"http:\/\/mersinekonomipolitikagazetesi.com\/?p=8023"},"modified":"2020-11-04T18:28:28","modified_gmt":"2020-11-04T15:28:28","slug":"sehit-atesi-mersine-dustu-3","status":"publish","type":"post","link":"https:\/\/akdenizolaygazetesi.com\/?p=8023","title":{"rendered":"\u015eehit ate\u015fi Mersin&#8217;e d\u00fc\u015ft\u00fc"},"content":{"rendered":"<p>Hakkari&#8217;nin \u015eemdinli b\u00f6lgesindeki \u00fcs b\u00f6lgesinde alarm tatbikat\u0131 uygulamas\u0131 esnas\u0131nda, dengesini kaybederek kayal\u0131klardan d\u00fc\u015f\u00fcp \u015fehit olan S\u00f6zle\u015fmeli Er Mesut Y\u0131ld\u0131r\u0131m&#8217;\u0131n Mersin&#8217;deki ailesine ac\u0131 haber verildi.<\/p>\n<p>Hakkari&#8217;nin \u015eemdinli b\u00f6lgesindeki \u00fcs b\u00f6lgesinde, alarm tatbikat\u0131 uygulamas\u0131 esnas\u0131nda dengesini kaybederek kayal\u0131klardan d\u00fc\u015f\u00fcp \u015fehit olan S\u00f6zle\u015fmeli Er Mesut Y\u0131ld\u0131r\u0131m&#8217;\u0131n (27) Mersin&#8217;deki ailesine ac\u0131 haber verildi.\u00a0<br \/>\n\u015eehit Y\u0131ld\u0131r\u0131m&#8217;\u0131n Mersin&#8217;in merkez Toroslar il\u00e7esine ba\u011fl\u0131 Sa\u011fl\u0131k Mahallesi&#8217;nde oturan babas\u0131 Duran ile annesi E\u015fe Y\u0131ld\u0131r\u0131m, ac\u0131 haberi askeri yetkililerden ald\u0131. Tatbikatta evlad\u0131n\u0131n \u015fehit d\u00fc\u015ft\u00fc\u011f\u00fc haberini alan anne ile baba, g\u00f6zya\u015flar\u0131na bo\u011fuldu. Ailenin oturdu\u011fu ev ile yak\u0131ndaki evler T\u00fcrk bayraklar\u0131yla donat\u0131l\u0131rken, \u015fehidin yak\u0131nlar\u0131n\u0131, kom\u015fular\u0131 ve yetkililer teselli etmeye \u00e7al\u0131\u015ft\u0131.\u00a0<br \/>\n\u015eehit Y\u0131ld\u0131r\u0131m&#8217;\u0131n 2 karde\u015f oldu\u011fu \u00f6\u011frenilirken, cenazesinin yar\u0131n Mersin&#8217;de defnedilece\u011fi kaydedildi.\u00a0<br \/>\n\u015eemdinli b\u00f6lgesindeki \u00fcs b\u00f6lgesinde alarm tatbikat\u0131 uygulamas\u0131 esnas\u0131nda mevzide dengesini kaybederek kayal\u0131klardan d\u00fc\u015fen S\u00f6zle\u015fmeli Er Mesut Y\u0131ld\u0131r\u0131m a\u011f\u0131r yaralanm\u0131\u015f, b\u00f6lgede yap\u0131lan ilk m\u00fcdahalenin ard\u0131ndan helikopterle kald\u0131r\u0131ld\u0131\u011f\u0131 hastanede, t\u00fcm m\u00fcdahalelere ra\u011fmen d\u00fcn \u015fehit olmu\u015ftu. \u00a0<\/p>\n","protected":false},"excerpt":{"rendered":"<p>Hakkari&#8217;nin \u015eemdinli b\u00f6lgesindeki \u00fcs b\u00f6lgesinde alarm tatbikat\u0131 uygulamas\u0131 esnas\u0131nda, dengesini kaybederek kayal\u0131klardan d\u00fc\u015f\u00fcp \u015fehit olan S\u00f6zle\u015fmeli Er Mesut Y\u0131ld\u0131r\u0131m&#8217;\u0131n Mersin&#8217;deki ailesine ac\u0131 haber verildi. Hakkari&#8217;nin \u015eemdinli b\u00f6lgesindeki \u00fcs b\u00f6lgesinde, alarm &hellip; <a href=\"https:\/\/akdenizolaygazetesi.com\/?p=8023\" class=\"more-link\">Devam\u0131n\u0131 Oku&#8230;<\/a><\/p>\n","protected":false},"author":1,"featured_media":0,"comment_status":"open","ping_status":"open","sticky":false,"template":"","format":"standard","meta":[],"categories":[],"tags":[],"_links":{"self":[{"href":"https:\/\/akdenizolaygazetesi.com\/index.php?rest_route=\/wp\/v2\/posts\/8023"}],"collection":[{"href":"https:\/\/akdenizolaygazetesi.com\/index.php?rest_route=\/wp\/v2\/posts"}],"about":[{"href":"https:\/\/akdenizolaygazetesi.com\/index.php?rest_route=\/wp\/v2\/types\/post"}],"author":[{"embeddable":true,"href":"https:\/\/akdenizolaygazetesi.com\/index.php?rest_route=\/wp\/v2\/users\/1"}],"replies":[{"embeddable":true,"href":"https:\/\/akdenizolaygazetesi.com\/index.php?rest_route=%2Fwp%2Fv2%2Fcomments&post=8023"}],"version-history":[{"count":0,"href":"https:\/\/akdenizolaygazetesi.com\/index.php?rest_route=\/wp\/v2\/posts\/8023\/revisions"}],"wp:attachment":[{"href":"https:\/\/akdenizolaygazetesi.com\/index.php?rest_route=%2Fwp%2Fv2%2Fmedia&parent=8023"}],"wp:term":[{"taxonomy":"category","embeddable":true,"href":"https:\/\/akdenizolaygazetesi.com\/index.php?rest_route=%2Fwp%2Fv2%2Fcategories&post=8023"},{"taxonomy":"post_tag","embeddable":true,"href":"https:\/\/akdenizolaygazetesi.com\/index.php?rest_route=%2Fwp%2Fv2%2Ftags&post=8023"}],"curies":[{"name":"wp","href":"https:\/\/api.w.org\/{rel}","templated":true}]}}