{"id":8028,"date":"2020-11-04T18:28:29","date_gmt":"2020-11-04T15:28:29","guid":{"rendered":"http:\/\/mersinekonomipolitikagazetesi.com\/?p=8028"},"modified":"2020-11-04T18:28:29","modified_gmt":"2020-11-04T15:28:29","slug":"secer-belediyeciligin-betondan-ibaret-olmadigini-ortaya-koymak-istiyoruz","status":"publish","type":"post","link":"https:\/\/akdenizolaygazetesi.com\/?p=8028","title":{"rendered":"Se\u00e7er: &#8220;Belediyecili\u011fin betondan ibaret olmad\u0131\u011f\u0131n\u0131 ortaya koymak istiyoruz&#8221;"},"content":{"rendered":"<p>Mersin B\u00fcy\u00fck\u015fehir Belediye Ba\u015fkan\u0131 Vahap Se\u00e7er, ama\u00e7lar\u0131n\u0131n Mersin&#8217;i daha ye\u015fil bir kent haline getirmek oldu\u011funu belirterek, &#8220;Ekim ay\u0131ndan nisan ay\u0131 sonuna kadar yakla\u015f\u0131k 1.5 milyon fide, fidan, a\u011fa\u00e7, a\u011fa\u00e7\u00e7\u0131k bitkisi ref\u00fcjlere, kald\u0131r\u0131m kenarlar\u0131na ekilecek ve Mersin daha ye\u015fil bir kent halini alacak&#8221; dedi.\u00a0<br \/>\nSe\u00e7er, merkez Toroslar il\u00e7esinden bulunan, 122 bin metrekare alan \u00fczerine kurulu ve k\u0131\u015f\u0131n su ta\u015fk\u0131nlar\u0131 ile hasar g\u00f6ren 68\u2019liler Bar\u0131\u015f Orman\u0131nda incelemelerde bulundu. B\u00fcy\u00fck\u015fehir Belediyesi taraf\u0131ndan hayata ge\u00e7irilen zemin iyile\u015ftirme, altyap\u0131, a\u011fa\u00e7 bak\u0131m ve budama gibi bir\u00e7ok \u00e7al\u0131\u015fmay\u0131 yerinde inceleyen Se\u00e7er, ama\u00e7lar\u0131n\u0131n Mersin\u2019i daha ye\u015fil bir kent haline getirmek oldu\u011funu vurgulad\u0131.<br \/>\n\u00a0<br \/>\n\u201c68\u2019liler Bar\u0131\u015f Orman\u0131 spor, dinlence ve huzur bulma alan\u0131 olarak fevkalade g\u00fczel bir yer\u201d<br \/>\n\u00a0<br \/>\nSe\u00e7er, orman\u0131n yak\u0131n zamana kadar kendi haline b\u0131rak\u0131lm\u0131\u015f oldu\u011funu ifade ederek, &#8220;68\u2019liler Derne\u011fimizin Ba\u015fkan\u0131 taraf\u0131ndan burada bir \u00e7al\u0131\u015fma yap\u0131lmas\u0131 gerekti\u011fi bizlere bildirildi. Biz de ekiplerimize buran\u0131n ihya \u00e7al\u0131\u015fmalar\u0131n\u0131n bir an \u00f6nce ba\u015flat\u0131lmas\u0131n\u0131 s\u00f6yledik. O g\u00fcnden bu g\u00fcne bir hayli g\u00fczel \u00e7al\u0131\u015fma yap\u0131lm\u0131\u015f. Hepsinin eline sa\u011fl\u0131k. Bu \u00e7al\u0131\u015fmalar devam edecek. 3.5 kilometrelik bir y\u00fcr\u00fcy\u00fc\u015f, ko\u015fu parkuru var. Hem spor, hem dinlence, hem huzur bulma alan\u0131 olarak fevkalade g\u00fczel bir yer\u201d diye konu\u015ftu.\u00a0<\/p>\n<p>\u201cAtat\u00fcrk Park\u0131n\u0131 Mersin halk\u0131m\u0131za yara\u015f\u0131r bir park haline getirece\u011fiz\u201d<br \/>\n\u00a0<br \/>\nAtat\u00fcrk Park\u0131nda \u00e7al\u0131\u015fmalara ba\u015flad\u0131klar\u0131n\u0131 dile getiren Se\u00e7er, \u201cAtat\u00fcrk Park\u0131n\u0131 herkes B\u00fcy\u00fck\u015fehir Belediyesinin olarak bilir. Oysa biz y\u00f6netime geldi\u011fimizde orada bir \u00e7ivi \u00e7akma yetkimiz dahi yoktu. Ama oran\u0131n a\u011fa\u00e7lar\u0131n\u0131n, \u00e7imlerinin, \u00e7i\u00e7eklerinin bak\u0131m\u0131n\u0131, temizli\u011fini, B\u00fcy\u00fck\u015fehir Belediyesi ger\u00e7ekle\u015ftiriyordu. Orada dalgalar\u0131n olu\u015fturdu\u011fu bir tahribat vard\u0131. O tahribat\u0131 yapmak i\u00e7in aylarca Milli Emlaktan, Atat\u00fcrk Park\u0131n\u0131n taraf\u0131m\u0131za tahsis edilmesi i\u00e7in yapt\u0131\u011f\u0131m\u0131z giri\u015fimlerimizin sonucunu uzun aylar sonra alabildik. Orada \u015fu anda \u00e7ok de\u011ferli \u00e7al\u0131\u015fmalar yap\u0131yoruz. Bir m\u00fcddet sonra Mersin halk\u0131m\u0131za yara\u015f\u0131r bir park haline getirece\u011fiz\u201d ifadelerini kulland\u0131.\u00a0<br \/>\nAtat\u00fcrk Park\u0131 ve K\u00fclt\u00fcr Park\u0131n Mersin i\u00e7in \u00e7ok de\u011ferli oldu\u011fundan s\u00f6z eden Se\u00e7er, \u201cVatanda\u015flar\u0131m\u0131z\u0131n hava alaca\u011f\u0131, \u00f6zellikle sahil oldu\u011fu i\u00e7in iyot koklayaca\u011f\u0131 b\u00f6lgeler. Ancak \u015fu anda i\u00e7inde bulundu\u011fumuz 68\u2019liler Orman\u0131 rak\u0131m olarak da daha y\u00fcksekte, daha temiz havan\u0131n oldu\u011fu, daha do\u011fal yap\u0131n\u0131n oldu\u011fu bir b\u00f6lge. Onun i\u00e7in t\u00fcm vatanda\u015flar\u0131m\u0131n buray\u0131 g\u00f6rmesini arzu ediyorum. Bizim de tabi dokunu\u015flar\u0131m\u0131zla daha da g\u00fczelle\u015fmi\u015f ve daha da g\u00fczelle\u015fecek. Arkada\u015flar\u0131m\u0131z bunun \u00e7al\u0131\u015fmalar\u0131n\u0131 yap\u0131yor. Buray\u0131 gece g\u00fcnd\u00fcz g\u00fcvenli hale de getirmek i\u00e7in baz\u0131 yeni dokunu\u015flar yap\u0131lacak\u201d \u015feklinde konu\u015ftu.<br \/>\n\u00a0<br \/>\nMersin\u2019in ye\u015fil olmas\u0131n\u0131 istediklerini s\u00f6yleyen Se\u00e7er, \u015f\u00f6yle devam etti; &#8220;Mersin a\u011fa\u00e7 olsun, Mersin \u00e7i\u00e7ek olsun. Mersin geni\u015f bir co\u011frafya. 16 bin kilometre kare alan. Karayollar\u0131na ait t\u00fcm ref\u00fcjleri biz s\u00f6zle\u015fme ile \u00fczerimize ald\u0131k. Neden yapt\u0131k bunu? Oradaki olumsuzluk, bak\u0131ms\u0131zl\u0131k, kentimizin olumsuz g\u00f6r\u00fcnmesine neden oluyor. Yak\u0131n bir tarihte, Karayollar\u0131m\u0131z ile yapt\u0131\u011f\u0131m\u0131z g\u00f6r\u00fc\u015fmeler sonucu, iki kurum aras\u0131nda protokol yapt\u0131k ve \u015fu anda ref\u00fcjlerin bitkilerinin bak\u0131m\u0131, yeni bitki \u00e7al\u0131\u015fmalar\u0131, sulamas\u0131, budanmas\u0131 art\u0131k B\u00fcy\u00fck\u015fehir Belediyesine ait olacak. Di\u011fer taraftan bize ait olan, caddelerdeki ref\u00fcjlerdearkada\u015flar\u00f6nemli \u00e7al\u0131\u015fmalar yap\u0131yor.\u201d<br \/>\n\u00a0<br \/>\n\u201cSonbaharda ba\u015flataca\u011f\u0131m\u0131z bir kampanya var\u201d<br \/>\n\u00a0<br \/>\nM\u00fcmk\u00fcn olan her yere bitki ektiklerini belirten ve sonbaharda ba\u015flatacaklar\u0131 kampanyadan s\u00f6z eden Ba\u015fkan Se\u00e7er, \u015funlar\u0131 s\u00f6yledi: \u201cEyl\u00fcl, ekim ile beraber ba\u015fl\u0131yor, ilkbaharda sonu\u00e7land\u0131r\u0131yoruz. \u015eu anda Orman Bakanl\u0131\u011f\u0131ndan, Tar\u0131m Bakanl\u0131\u011f\u0131ndan, Karayollar\u0131ndan toplamda 700 bitki temin ettik. Bunlar a\u011fa\u00e7, a\u011fa\u00e7\u00e7\u0131k, \u00e7al\u0131 bitkileri. Ayr\u0131ca Mersin B\u00fcy\u00fck\u015fehir Belediyesinin destekledi\u011fi bir kad\u0131n kooperatifimiz var. Yaz d\u00f6neminde caddelerde g\u00f6rd\u00fc\u011f\u00fcn\u00fcz mevsimlik \u00e7i\u00e7eklerin bir\u00e7o\u011fu bu kooperatif taraf\u0131ndan \u00fcretilip bize verildi. Burada da \u00f6nemli bir tasarruf sa\u011flad\u0131k. \u00c7\u00fcnk\u00fc bize maliyetleri daha hesapl\u0131 oluyor. \u015eu anda Park ve Bah\u00e7eler Dairesi Ba\u015fkanl\u0131\u011f\u0131m\u0131z, kad\u0131n kooperatifimiz ile yine bir s\u00f6zle\u015fme yapt\u0131.Kooperatif sayesinde 868 bin yine \u00e7al\u0131 bitkisi, fide, fidan \u00fcretimini ger\u00e7ekle\u015ftirece\u011fiz. Ekim ay\u0131ndan nisan ay\u0131 sonuna kadar, yani sonbahar ve ilkbahar aylar\u0131n\u0131 kapsayacak s\u00fcre i\u00e7erisindeki \u00e7al\u0131\u015fmalarda ref\u00fcjlere, kald\u0131r\u0131m kenarlar\u0131na yakla\u015f\u0131k olarak 1.5 milyon fide, fidan, a\u011fa\u00e7, a\u011fa\u00e7\u00e7\u0131k bitkisi ekilecek. Mersin daha ye\u015fil bir kent halini alacak.\u201d<br \/>\n\u00a0<br \/>\n\u201cBelediyecili\u011fin betondan ibaret olmad\u0131\u011f\u0131n\u0131 ortaya koymak istiyoruz\u201d<br \/>\n\u00a0<br \/>\nBelediyecili\u011fin betondan ibaret olmad\u0131\u011f\u0131n\u0131 ortaya koymak istediklerini kaydeden Se\u00e7er, \u201cYe\u015fili artt\u0131rmak istiyoruz. Do\u011fa dostu olmak istiyoruz. Belediyecili\u011fin betondan, betonla\u015fmadan, yoldan, binadan, kald\u0131r\u0131mdan ibaret olmad\u0131\u011f\u0131n\u0131 ortaya koymak istiyoruz. \u00c7al\u0131\u015fmalar\u0131m\u0131z \u015fu ana kadar memnuniyet verici. Bizim yapt\u0131\u011f\u0131m\u0131z anketlerde de memnuniyet \u00f6l\u00e7\u00fcmleri yap\u0131yoruz. Belediyenin hizmetleri konusunda bize olumlu d\u00f6n\u00fc\u015fler var. Tabi ki \u015fikayet olan b\u00f6lgeler var ama genelde vatanda\u015f memnuniyetimiz \u00fcst d\u00fczeyde diyebilirim\u201d dedi. \u00a0<\/p>\n","protected":false},"excerpt":{"rendered":"<p>Mersin B\u00fcy\u00fck\u015fehir Belediye Ba\u015fkan\u0131 Vahap Se\u00e7er, ama\u00e7lar\u0131n\u0131n Mersin&#8217;i daha ye\u015fil bir kent haline getirmek oldu\u011funu belirterek, &#8220;Ekim ay\u0131ndan nisan ay\u0131 sonuna kadar yakla\u015f\u0131k 1.5 milyon fide, fidan, a\u011fa\u00e7, a\u011fa\u00e7\u00e7\u0131k bitkisi &hellip; <a href=\"https:\/\/akdenizolaygazetesi.com\/?p=8028\" class=\"more-link\">Devam\u0131n\u0131 Oku&#8230;<\/a><\/p>\n","protected":false},"author":1,"featured_media":0,"comment_status":"open","ping_status":"open","sticky":false,"template":"","format":"standard","meta":[],"categories":[],"tags":[],"_links":{"self":[{"href":"https:\/\/akdenizolaygazetesi.com\/index.php?rest_route=\/wp\/v2\/posts\/8028"}],"collection":[{"href":"https:\/\/akdenizolaygazetesi.com\/index.php?rest_route=\/wp\/v2\/posts"}],"about":[{"href":"https:\/\/akdenizolaygazetesi.com\/index.php?rest_route=\/wp\/v2\/types\/post"}],"author":[{"embeddable":true,"href":"https:\/\/akdenizolaygazetesi.com\/index.php?rest_route=\/wp\/v2\/users\/1"}],"replies":[{"embeddable":true,"href":"https:\/\/akdenizolaygazetesi.com\/index.php?rest_route=%2Fwp%2Fv2%2Fcomments&post=8028"}],"version-history":[{"count":0,"href":"https:\/\/akdenizolaygazetesi.com\/index.php?rest_route=\/wp\/v2\/posts\/8028\/revisions"}],"wp:attachment":[{"href":"https:\/\/akdenizolaygazetesi.com\/index.php?rest_route=%2Fwp%2Fv2%2Fmedia&parent=8028"}],"wp:term":[{"taxonomy":"category","embeddable":true,"href":"https:\/\/akdenizolaygazetesi.com\/index.php?rest_route=%2Fwp%2Fv2%2Fcategories&post=8028"},{"taxonomy":"post_tag","embeddable":true,"href":"https:\/\/akdenizolaygazetesi.com\/index.php?rest_route=%2Fwp%2Fv2%2Ftags&post=8028"}],"curies":[{"name":"wp","href":"https:\/\/api.w.org\/{rel}","templated":true}]}}