{"id":8031,"date":"2020-11-04T18:28:29","date_gmt":"2020-11-04T15:28:29","guid":{"rendered":"http:\/\/mersinekonomipolitikagazetesi.com\/?p=8031"},"modified":"2020-11-04T18:28:29","modified_gmt":"2020-11-04T15:28:29","slug":"suleyman-ozturk-idman-yurdu-1925-fkda","status":"publish","type":"post","link":"https:\/\/akdenizolaygazetesi.com\/?p=8031","title":{"rendered":"S\u00fcleyman \u00d6zt\u00fcrk, \u0130dman Yurdu 1925 FK\u2019da"},"content":{"rendered":"<p>Mersin ekibi \u0130dman Yurdu 1925 FK, Yahyal\u0131spor&#8217;dan kanat oyuncusu S\u00fcleyman \u00d6zt\u00fcrk&#8217;\u00fc renklerine ba\u011flad\u0131.\u00a0<br \/>\nSpor Toto B\u00f6lgesel Amat\u00f6r Lig ekiplerinden \u0130dman Yurdu 1925 Futbol Kul\u00fcb\u00fc yeni sezon \u00f6ncesi transfer \u00e7al\u0131\u015fmalar\u0131n\u0131 s\u00fcrd\u00fcr\u00fcyor. Yeni sezon haz\u0131rl\u0131klar\u0131n\u0131 s\u00fcrd\u00fcren \u0130dman Yurdu 1925 FK, ge\u00e7ti\u011fimiz sezon B\u00f6lgesel Amat\u00f6r Ligi ekiplerinden Yahyal\u0131spor formas\u0131 giyen 1997 do\u011fumlu kanat oyuncusu S\u00fcleyman \u00d6zt\u00fcrk&#8217;\u00fc kadrosuna dahil ederek 1 y\u0131ll\u0131k s\u00f6zle\u015fme imzalad\u0131.\u00a0<br \/>\nGen\u00e7 ve ba\u015far\u0131l\u0131 oyuncusu S\u00fcleyman \u00d6zt\u00fcrk, d\u00fcn Mersin&#8217;e giderek yeni tak\u0131m\u0131 ile resmi s\u00f6zle\u015fmeye imzalayarak tak\u0131m\u0131n kamp\u0131na kat\u0131ld\u0131. Hes Kablo Kayserispor, Kayseri \u015eekerspor, Talasg\u00fcc\u00fc Belediyespor ve Yahyal\u0131spor formas\u0131 giyen S\u00fcleyman \u00d6zt\u00fcrk ilk kez \u015fehir d\u0131\u015f\u0131nda forma giyecek.\u00a0<br \/>\nKayseri&#8217;yi en iyi \u015fekilde temsil etmek istedi\u011fini ifade eden gen\u00e7 oyuncusu S\u00fcleyman \u00d6zt\u00fcrk, &#8220;Yeni sezonda \u0130dman Yurdu 1925 Futbol Kul\u00fcb\u00fc ile anla\u015fm\u0131\u015f bulunuyorum. Transferimde eme\u011fi ge\u00e7en herkese sonsuz te\u015fekk\u00fcr ediyorum. \u0130dman Yurdu 1925 FK formas\u0131 ile Kayseri&#8217;yi en iyi \u015fekilde temsil edece\u011fim. Kimsenin \u015f\u00fcphesi olmas\u0131n.Her iki taraf i\u00e7in hay\u0131rl\u0131 u\u011furlu olsun. \u0130n\u015fallah kazas\u0131z bir sezon ge\u00e7iririm&#8221; diye konu\u015ftu. \u00a0<\/p>\n","protected":false},"excerpt":{"rendered":"<p>Mersin ekibi \u0130dman Yurdu 1925 FK, Yahyal\u0131spor&#8217;dan kanat oyuncusu S\u00fcleyman \u00d6zt\u00fcrk&#8217;\u00fc renklerine ba\u011flad\u0131.\u00a0 Spor Toto B\u00f6lgesel Amat\u00f6r Lig ekiplerinden \u0130dman Yurdu 1925 Futbol Kul\u00fcb\u00fc yeni sezon \u00f6ncesi transfer \u00e7al\u0131\u015fmalar\u0131n\u0131 s\u00fcrd\u00fcr\u00fcyor. &hellip; <a href=\"https:\/\/akdenizolaygazetesi.com\/?p=8031\" class=\"more-link\">Devam\u0131n\u0131 Oku&#8230;<\/a><\/p>\n","protected":false},"author":1,"featured_media":0,"comment_status":"open","ping_status":"open","sticky":false,"template":"","format":"standard","meta":[],"categories":[],"tags":[],"_links":{"self":[{"href":"https:\/\/akdenizolaygazetesi.com\/index.php?rest_route=\/wp\/v2\/posts\/8031"}],"collection":[{"href":"https:\/\/akdenizolaygazetesi.com\/index.php?rest_route=\/wp\/v2\/posts"}],"about":[{"href":"https:\/\/akdenizolaygazetesi.com\/index.php?rest_route=\/wp\/v2\/types\/post"}],"author":[{"embeddable":true,"href":"https:\/\/akdenizolaygazetesi.com\/index.php?rest_route=\/wp\/v2\/users\/1"}],"replies":[{"embeddable":true,"href":"https:\/\/akdenizolaygazetesi.com\/index.php?rest_route=%2Fwp%2Fv2%2Fcomments&post=8031"}],"version-history":[{"count":0,"href":"https:\/\/akdenizolaygazetesi.com\/index.php?rest_route=\/wp\/v2\/posts\/8031\/revisions"}],"wp:attachment":[{"href":"https:\/\/akdenizolaygazetesi.com\/index.php?rest_route=%2Fwp%2Fv2%2Fmedia&parent=8031"}],"wp:term":[{"taxonomy":"category","embeddable":true,"href":"https:\/\/akdenizolaygazetesi.com\/index.php?rest_route=%2Fwp%2Fv2%2Fcategories&post=8031"},{"taxonomy":"post_tag","embeddable":true,"href":"https:\/\/akdenizolaygazetesi.com\/index.php?rest_route=%2Fwp%2Fv2%2Ftags&post=8031"}],"curies":[{"name":"wp","href":"https:\/\/api.w.org\/{rel}","templated":true}]}}