{"id":8032,"date":"2020-11-04T18:28:29","date_gmt":"2020-11-04T15:28:29","guid":{"rendered":"http:\/\/mersinekonomipolitikagazetesi.com\/?p=8032"},"modified":"2020-11-04T18:28:29","modified_gmt":"2020-11-04T15:28:29","slug":"sanayi-sitesinin-yol-sorunu-cozuluyor","status":"publish","type":"post","link":"https:\/\/akdenizolaygazetesi.com\/?p=8032","title":{"rendered":"Sanayi Sitesi\u2019nin yol sorunu \u00e7\u00f6z\u00fcl\u00fcyor"},"content":{"rendered":"<p>Mersin B\u00fcy\u00fck\u015fehir Belediyesince, merkez Akdeniz il\u00e7esinde bulunan sanayi sitesi i\u00e7erisindeki yollarda s\u0131cak asfalt \u00e7al\u0131\u015fmas\u0131 yap\u0131ld\u0131\u011f\u0131 bildirildi.\u00a0<br \/>\nB\u00fcy\u00fck\u015fehir Belediyesinden yap\u0131lan a\u00e7\u0131klamada, Belediye Ba\u015fkan\u0131 Vahap Se\u00e7er&#8217;in k\u0131sa s\u00fcre \u00f6nce sanayi sitesindeki asfalt \u00e7al\u0131\u015fmalar\u0131n\u0131 yerinde inceleyerek, \u00e7al\u0131\u015fmalarla ilgili de\u011ferlendirmelerde bulundu\u011fu hat\u0131rlat\u0131ld\u0131. Ba\u015fkan Se\u00e7er&#8217;in, \u201cBurada altyap\u0131n\u0131n d\u00fczelmesi \u00e7al\u0131\u015fan esnaf\u0131m\u0131z\u0131n da i\u015fini kolayla\u015ft\u0131racak. Biz bu hizmetleri yapt\u0131k\u00e7a daha mutlu oluyoruz. Kentimiz ad\u0131na, gelece\u011fimiz ad\u0131na daha da umutlan\u0131yoruz\u201d dedi\u011fi an\u0131msat\u0131lan a\u00e7\u0131klamada, sanayi sitesi esnaf\u0131n\u0131n \u00e7al\u0131\u015fmalara ili\u015fkin g\u00f6r\u00fc\u015flerine de yer verildi.\u00a0<\/p>\n<p>Bu kapsamda, sanayi sitesinde yakla\u015f\u0131k 20 y\u0131ld\u0131r esnafl\u0131k yapan Ali Ertan, a\u015f\u0131r\u0131 tozdan dolay\u0131 i\u015flerinin de zarar g\u00f6rd\u00fc\u011f\u00fcn\u00fc ancak bu sorunlar\u0131n\u0131n \u00e7\u00f6z\u00fcme kavu\u015ftu\u011funu belirterek, \u201cA\u015f\u0131r\u0131 tozlanma oluyordu, bir de \u00e7ok yo\u011fun trafik ak\u0131\u015f\u0131 oldu\u011fu i\u00e7in s\u00fcrekli problem ya\u015fan\u0131yordu. Yani d\u00fckkan\u0131n i\u00e7inde toz oran\u0131 art\u0131yordu. Daha \u00f6nceden de iletilmi\u015f, bizden \u00f6nceki esnaflar da iletmi\u015fler. Biz de ge\u00e7enlerde bir talebimizi ilettik. Asfalt d\u00f6k\u00fclmesi iyi oldu\u201d dedi.\u00a0<br \/>\nMustafa Ertu\u011frul ise y\u0131llard\u0131r \u00e7\u00f6z\u00fclemeyen sorunu Ba\u015fkan Vahap Se\u00e7er\u2019in \u00e7\u00f6zd\u00fc\u011f\u00fcn\u00fc vurgulayarak, \u201cK\u0131\u015f\u0131n su birikintisinden dolay\u0131 \u00e7amurla m\u00fccadele ediyorduk. Yaz\u0131n toz toprakla m\u00fccadele ediyorduk. \u00c7ok s\u0131k\u0131nt\u0131 ya\u015fad\u0131k. \u0130n\u015fallah bu sorun \u00e7\u00f6z\u00fclm\u00fc\u015f olacak. \u00c7ok g\u00fczel bir \u00e7al\u0131\u015fma yapt\u0131lar. \u0130stedi\u011fimiz gibi, d\u00fckkan\u0131n \u00f6n\u00fcne kadar da kapatt\u0131lar. \u00c7al\u0131\u015fma gayet g\u00fczel, memnun kald\u0131k\u201d diye konu\u015ftu. \u00a0<\/p>\n","protected":false},"excerpt":{"rendered":"<p>Mersin B\u00fcy\u00fck\u015fehir Belediyesince, merkez Akdeniz il\u00e7esinde bulunan sanayi sitesi i\u00e7erisindeki yollarda s\u0131cak asfalt \u00e7al\u0131\u015fmas\u0131 yap\u0131ld\u0131\u011f\u0131 bildirildi.\u00a0 B\u00fcy\u00fck\u015fehir Belediyesinden yap\u0131lan a\u00e7\u0131klamada, Belediye Ba\u015fkan\u0131 Vahap Se\u00e7er&#8217;in k\u0131sa s\u00fcre \u00f6nce sanayi sitesindeki asfalt &hellip; <a href=\"https:\/\/akdenizolaygazetesi.com\/?p=8032\" class=\"more-link\">Devam\u0131n\u0131 Oku&#8230;<\/a><\/p>\n","protected":false},"author":1,"featured_media":0,"comment_status":"open","ping_status":"open","sticky":false,"template":"","format":"standard","meta":[],"categories":[],"tags":[],"_links":{"self":[{"href":"https:\/\/akdenizolaygazetesi.com\/index.php?rest_route=\/wp\/v2\/posts\/8032"}],"collection":[{"href":"https:\/\/akdenizolaygazetesi.com\/index.php?rest_route=\/wp\/v2\/posts"}],"about":[{"href":"https:\/\/akdenizolaygazetesi.com\/index.php?rest_route=\/wp\/v2\/types\/post"}],"author":[{"embeddable":true,"href":"https:\/\/akdenizolaygazetesi.com\/index.php?rest_route=\/wp\/v2\/users\/1"}],"replies":[{"embeddable":true,"href":"https:\/\/akdenizolaygazetesi.com\/index.php?rest_route=%2Fwp%2Fv2%2Fcomments&post=8032"}],"version-history":[{"count":0,"href":"https:\/\/akdenizolaygazetesi.com\/index.php?rest_route=\/wp\/v2\/posts\/8032\/revisions"}],"wp:attachment":[{"href":"https:\/\/akdenizolaygazetesi.com\/index.php?rest_route=%2Fwp%2Fv2%2Fmedia&parent=8032"}],"wp:term":[{"taxonomy":"category","embeddable":true,"href":"https:\/\/akdenizolaygazetesi.com\/index.php?rest_route=%2Fwp%2Fv2%2Fcategories&post=8032"},{"taxonomy":"post_tag","embeddable":true,"href":"https:\/\/akdenizolaygazetesi.com\/index.php?rest_route=%2Fwp%2Fv2%2Ftags&post=8032"}],"curies":[{"name":"wp","href":"https:\/\/api.w.org\/{rel}","templated":true}]}}