{"id":8033,"date":"2020-11-04T18:28:29","date_gmt":"2020-11-04T15:28:29","guid":{"rendered":"http:\/\/mersinekonomipolitikagazetesi.com\/?p=8033"},"modified":"2020-11-04T18:28:29","modified_gmt":"2020-11-04T15:28:29","slug":"mersinde-de-kisitlama-olmali","status":"publish","type":"post","link":"https:\/\/akdenizolaygazetesi.com\/?p=8033","title":{"rendered":"MERS\u0130N\u2019DE DE  KISITLAMA OLMALI"},"content":{"rendered":"<p>\u201cMersin\u2019de covid-19\u2019lu hasta a\u00e7\u0131klanan\u0131n 10 kat\u0131\u2019\u2019 denmi\u015fti..!<br \/>\n\u0130\u00e7i\u015fleri Bakanl\u0131\u011f\u0131\u2019n\u0131n 14 il i\u00e7in yay\u0131nlad\u0131\u011f\u0131  genelgede Mersin\u2019in yer almamas\u0131 kent sakinlerini \u015fa\u015f\u0131rtt\u0131!<\/p>\n<p>Mersinliler, \u201cBelirli ki\u015fi ve kurulu\u015flar vakalar\u0131n artt\u0131\u011f\u0131na dair bilgilendirme yaparken bu genelge i\u00e7erisinde Mersin\u2019in olmamas\u0131 bizleri \u015fa\u015f\u0131rtt\u0131!\u2019\u2019 dedi.<br \/>\n\u00a0<br \/>\n\u0130\u00e7i\u015fleri Bakanl\u0131\u011f\u0131\u2019n\u0131n yay\u0131nlad\u0131\u011f\u0131 genelgeye g\u00f6re 26 A\u011fustos\u2019tan itibaren Adana, A\u011fr\u0131, Ankara, Bursa, \u00c7orum, Diyarbak\u0131r, Erzurum, Gaziantep, Kayseri, Konya, Mardin, \u015eanl\u0131urfa, Van ve Yozgat olmak \u00fczere toplam 14 ilde s\u00fcnnet d\u00fc\u011f\u00fcn\u00fc, k\u0131na gecesi, ni\u015fan vb. etkinliklere m\u00fcsaade edilmeyecek.<\/p>\n<p>14 ilde d\u00fc\u011f\u00fcn ve nikahlar ise en fazla 1 saat i\u00e7erisinde tamamlanacak, dans ve oyuna izin verilmeyecek. Yine bu illerde d\u00fc\u011f\u00fcn salonlar\u0131nda dans\/oyuna izin verilmeyecek, sandalye, koltuk d\u00fczeni, \u00a0dans, oyun pisti alanlar\u0131n\u0131 kapatacak \u015fekilde olu\u015fturulacak. 14 ilde k\u0131na gecesi ve s\u00fcnnet d\u00fc\u011f\u00fcn\u00fc etkinlikleri yasakland\u0131.\u00a0<\/p>\n<p>Gelin ile damad\u0131n birinci ve ikinci derece yak\u0131n\u0131 olmayan 65 ya\u015f ve \u00fczeri vatanda\u015flar ile 15 ya\u015f alt\u0131 \u00e7ocuklar\u0131n d\u00fc\u011f\u00fcnlere ve nikah merasimlerine kat\u0131lmas\u0131 yasaklanacak. Ayr\u0131ca genelgede, \u00fclke genelinde kamu kurum ve kurulu\u015flar\u0131nda yemekhane hizmeti ve paketli su servisi hari\u00e7 her t\u00fcrl\u00fc yiyecek i\u00e7ecek ikram\u0131 ge\u00e7ici s\u00fcreyle durdurulaca\u011f\u0131 da a\u00e7\u0131klanm\u0131\u015ft\u0131.<\/p>\n<p>\n\u00a0&#8221;Kentimizde de genelgede oldu\u011fu gibi k\u0131s\u0131tlamalar olmal\u0131&#8221;<\/p>\n<p>Yay\u0131nlanan genelge i\u00e7erisinde 14 \u015fehir aras\u0131nda Mersin\u2019in olmamas\u0131 kent sakinlerini vaka say\u0131lar\u0131 hakk\u0131nda sakinle\u015ftirse de bu oran\u0131n artmamas\u0131 i\u00e7in tedbirler al\u0131nmas\u0131 istendi. Mersin Tabip Odas\u0131 a\u00e7\u0131klamas\u0131nda il genelinde bini a\u015fk\u0131n vaka oldu\u011funun belirtildi\u011fini s\u00f6yleyen Mersinliler, \u2018\u2019 G\u00fcnden g\u00fcne vaka say\u0131lar\u0131 ilimizde de art\u0131yor. Fakat insanlar ne maske nede sosyal mesafe konusunda halen vurdum duymaz davran\u0131yorlar. Bu sebepten dolay\u0131 kentimizde de genelgede oldu\u011fu gibi k\u0131s\u0131tlamalar olmal\u0131.\u2019\u2019 dediler.<\/p>\n<p>\u201cMersin\u2019de neden k\u0131s\u0131tlamalar yok?\u201d<br \/>\n\u00a0<br \/>\nCHP Mersin Milletvekili Alpay Antmen\u2019in a\u00e7\u0131klamalar\u0131nda, \u201cMersin\u2019de covid-19\u2019lu hasta a\u00e7\u0131klanan\u0131n 10 kat\u0131\u2019\u2019 demesinden de yola \u00e7\u0131karak konu\u015fan Mersinliler, \u201cVaka say\u0131m\u0131z bu kadar art\u0131\u015f g\u00f6steriyor ise tedbirleri s\u0131kla\u015ft\u0131rmal\u0131. D\u00fc\u011f\u00fcn ve benzeri organizasyonlarda kimse maske takm\u0131yor ve sosyal mesafeyi umursam\u0131yorlar. Sadece maske takmak yetmez sosyal mesafeyi unutmamal\u0131y\u0131z. Kentimizde ya\u015fayan insanlar\u0131m\u0131z i\u00e7in \u00f6nlemler almal\u0131y\u0131z. Mersin\u2019de neden k\u0131s\u0131tlamalar yok?\u201d diye konu\u015ftular.<\/p>\n","protected":false},"excerpt":{"rendered":"<p>\u201cMersin\u2019de covid-19\u2019lu hasta a\u00e7\u0131klanan\u0131n 10 kat\u0131\u2019\u2019 denmi\u015fti..! \u0130\u00e7i\u015fleri Bakanl\u0131\u011f\u0131\u2019n\u0131n 14 il i\u00e7in yay\u0131nlad\u0131\u011f\u0131 genelgede Mersin\u2019in yer almamas\u0131 kent sakinlerini \u015fa\u015f\u0131rtt\u0131! Mersinliler, \u201cBelirli ki\u015fi ve kurulu\u015flar vakalar\u0131n artt\u0131\u011f\u0131na dair bilgilendirme yaparken &hellip; <a href=\"https:\/\/akdenizolaygazetesi.com\/?p=8033\" class=\"more-link\">Devam\u0131n\u0131 Oku&#8230;<\/a><\/p>\n","protected":false},"author":1,"featured_media":0,"comment_status":"open","ping_status":"open","sticky":false,"template":"","format":"standard","meta":[],"categories":[],"tags":[],"_links":{"self":[{"href":"https:\/\/akdenizolaygazetesi.com\/index.php?rest_route=\/wp\/v2\/posts\/8033"}],"collection":[{"href":"https:\/\/akdenizolaygazetesi.com\/index.php?rest_route=\/wp\/v2\/posts"}],"about":[{"href":"https:\/\/akdenizolaygazetesi.com\/index.php?rest_route=\/wp\/v2\/types\/post"}],"author":[{"embeddable":true,"href":"https:\/\/akdenizolaygazetesi.com\/index.php?rest_route=\/wp\/v2\/users\/1"}],"replies":[{"embeddable":true,"href":"https:\/\/akdenizolaygazetesi.com\/index.php?rest_route=%2Fwp%2Fv2%2Fcomments&post=8033"}],"version-history":[{"count":0,"href":"https:\/\/akdenizolaygazetesi.com\/index.php?rest_route=\/wp\/v2\/posts\/8033\/revisions"}],"wp:attachment":[{"href":"https:\/\/akdenizolaygazetesi.com\/index.php?rest_route=%2Fwp%2Fv2%2Fmedia&parent=8033"}],"wp:term":[{"taxonomy":"category","embeddable":true,"href":"https:\/\/akdenizolaygazetesi.com\/index.php?rest_route=%2Fwp%2Fv2%2Fcategories&post=8033"},{"taxonomy":"post_tag","embeddable":true,"href":"https:\/\/akdenizolaygazetesi.com\/index.php?rest_route=%2Fwp%2Fv2%2Ftags&post=8033"}],"curies":[{"name":"wp","href":"https:\/\/api.w.org\/{rel}","templated":true}]}}