{"id":8034,"date":"2020-11-04T18:28:29","date_gmt":"2020-11-04T15:28:29","guid":{"rendered":"http:\/\/mersinekonomipolitikagazetesi.com\/?p=8034"},"modified":"2020-11-04T18:28:29","modified_gmt":"2020-11-04T15:28:29","slug":"sehit-babasini-arkadasi-ile-birlikle-selamlayarak-ugurladi","status":"publish","type":"post","link":"https:\/\/akdenizolaygazetesi.com\/?p=8034","title":{"rendered":"\u015eehit babas\u0131n\u0131 arkada\u015f\u0131 ile birlikle selamlayarak u\u011furlad\u0131"},"content":{"rendered":"<p>Ac\u0131l\u0131 anne de cenaze t\u00f6renine \u015fehit e\u015finin kamuflaj\u0131n\u0131 giyerek kat\u0131ld\u0131.<\/p>\n<p>Mersin\u2019in Mut il\u00e7esinde otob\u00fcs\u00fcn \u015farampole devrilmesi sonucu meydana gelen trafik kazas\u0131nda yaralanan ve kald\u0131r\u0131ld\u0131\u011f\u0131 hastanede bir ay sonra hayat\u0131n\u0131 kaybeden \u015fehit Eski\u015fehirli Cihat \u015eengil, g\u00f6zya\u015flar\u0131 i\u00e7inde son yolculu\u011funa u\u011furland\u0131. Minik Ecrin Nisa babas\u0131n\u0131 arkada\u015f\u0131 ile birlikle selamlayarak u\u011furlarken, ac\u0131l\u0131 anne de cenaze t\u00f6renine \u015fehit e\u015finin kamuflaj\u0131n\u0131 giyerek kat\u0131ld\u0131\u00a0<br \/>\nEvli ve bir k\u0131z \u00e7ocuk babas\u0131 olan Ula\u015ft\u0131rma Er Cihat \u015eengil\u2019in naa\u015f\u0131, d\u00fcn Eski\u015fehir\u2019e getirildi. Muharip Hava Kuvveti Komutanl\u0131\u011f\u0131\u2019nda yap\u0131lan askeri t\u00f6renle kar\u015f\u0131lanan \u015eengil\u2019in naa\u015f\u0131 bug\u00fcn cenaze namaz\u0131 k\u0131l\u0131nmak \u00fczere Re\u015fadiye Camii\u2019ne geldi. Burada \u015fehidin babas\u0131 Adem \u015eengil, annesi Neriman \u015eengil, e\u015fi \u015eeyda \u015eengil taziyeleri kabul etti. \u0130l M\u00fcft\u00fcs\u00fc Bekir Gerek taraf\u0131ndan k\u0131ld\u0131r\u0131lan cenaze namaz\u0131n\u0131n ard\u0131ndan \u015fehit Karaca\u2019n\u0131n cenazesi tekbirlerle top arac\u0131na getirildi. Ard\u0131ndan cenaze arac\u0131na al\u0131nan \u015fehidin naa\u015f\u0131, topra\u011fa verilece\u011fi Hava \u015eehitli\u011fine g\u00f6zya\u015flar\u0131 aras\u0131nda u\u011furland\u0131.\u00a0<\/p>\n<p>\u015eehit k\u0131z\u0131 babas\u0131n\u0131 asker selam\u0131 ile u\u011furlad\u0131<br \/>\n\u00a0<br \/>\nEski\u015fehirli \u015fehidin k\u0131z\u0131 Ecrin Nisa \u015eengil de babas\u0131n\u0131n cenaze namaz\u0131n\u0131n k\u0131l\u0131nd\u0131\u011f\u0131 Re\u015fadiye Camii\u2019ne getirdi. Burada tabutun \u00f6n\u00fcne ge\u00e7en k\u00fc\u00e7\u00fck Nisa, babas\u0131n\u0131n naa\u015f\u0131n\u0131n \u00f6n\u00fcnde bir akrabas\u0131n\u0131n o\u011flu ile birlikte asker selam\u0131 vererek son yolculu\u011funa u\u011furlad\u0131.\u00a0<\/p>\n<p>\u015eehit e\u015finin kamuflaj\u0131 ile t\u00f6ren kat\u0131ld\u0131<br \/>\n\u00a0<br \/>\n\u015eehit e\u015fi \u015eeyda \u015eengil da cenaze t\u00f6renine e\u015finin kamuflaj\u0131n\u0131 giyerek kat\u0131ld\u0131. Cenaze boyunca g\u00f6zya\u015flar\u0131na hakim olamayan \u015eeyda \u015eengil ayakta durmakta g\u00fc\u00e7l\u00fck \u00e7ekerken, e\u015finin tabutuna sar\u0131larak son yolculu\u011funa u\u011furlad\u0131.\u00a0<br \/>\nCenaze t\u00f6renine; Eski\u015fehir Valisi Erol Ayy\u0131ld\u0131z, Eski\u015fehir CHP Milletvekili Utku \u00c7ak\u0131r\u00f6zer, MHP Milletvekili Nurullah Sazak, Odunpazar\u0131 Belediye Ba\u015fkan\u0131 Kaz\u0131m Kurt, Tepeba\u015f\u0131 Belediye Ba\u015fkan\u0131 Ahmet Ata\u00e7, Eski\u015fehir Emniyet M\u00fcd\u00fcr\u00fc Engin Din\u00e7, askeri erkan ve sevenleri kat\u0131ld\u0131. \u00a0<\/p>\n","protected":false},"excerpt":{"rendered":"<p>Ac\u0131l\u0131 anne de cenaze t\u00f6renine \u015fehit e\u015finin kamuflaj\u0131n\u0131 giyerek kat\u0131ld\u0131. Mersin\u2019in Mut il\u00e7esinde otob\u00fcs\u00fcn \u015farampole devrilmesi sonucu meydana gelen trafik kazas\u0131nda yaralanan ve kald\u0131r\u0131ld\u0131\u011f\u0131 hastanede bir ay sonra hayat\u0131n\u0131 kaybeden &hellip; <a href=\"https:\/\/akdenizolaygazetesi.com\/?p=8034\" class=\"more-link\">Devam\u0131n\u0131 Oku&#8230;<\/a><\/p>\n","protected":false},"author":1,"featured_media":0,"comment_status":"open","ping_status":"open","sticky":false,"template":"","format":"standard","meta":[],"categories":[],"tags":[],"_links":{"self":[{"href":"https:\/\/akdenizolaygazetesi.com\/index.php?rest_route=\/wp\/v2\/posts\/8034"}],"collection":[{"href":"https:\/\/akdenizolaygazetesi.com\/index.php?rest_route=\/wp\/v2\/posts"}],"about":[{"href":"https:\/\/akdenizolaygazetesi.com\/index.php?rest_route=\/wp\/v2\/types\/post"}],"author":[{"embeddable":true,"href":"https:\/\/akdenizolaygazetesi.com\/index.php?rest_route=\/wp\/v2\/users\/1"}],"replies":[{"embeddable":true,"href":"https:\/\/akdenizolaygazetesi.com\/index.php?rest_route=%2Fwp%2Fv2%2Fcomments&post=8034"}],"version-history":[{"count":0,"href":"https:\/\/akdenizolaygazetesi.com\/index.php?rest_route=\/wp\/v2\/posts\/8034\/revisions"}],"wp:attachment":[{"href":"https:\/\/akdenizolaygazetesi.com\/index.php?rest_route=%2Fwp%2Fv2%2Fmedia&parent=8034"}],"wp:term":[{"taxonomy":"category","embeddable":true,"href":"https:\/\/akdenizolaygazetesi.com\/index.php?rest_route=%2Fwp%2Fv2%2Fcategories&post=8034"},{"taxonomy":"post_tag","embeddable":true,"href":"https:\/\/akdenizolaygazetesi.com\/index.php?rest_route=%2Fwp%2Fv2%2Ftags&post=8034"}],"curies":[{"name":"wp","href":"https:\/\/api.w.org\/{rel}","templated":true}]}}