{"id":8035,"date":"2020-11-04T18:28:29","date_gmt":"2020-11-04T15:28:29","guid":{"rendered":"http:\/\/mersinekonomipolitikagazetesi.com\/?p=8035"},"modified":"2020-11-04T18:28:29","modified_gmt":"2020-11-04T15:28:29","slug":"mersinli-sehit-son-yolculuguna-ugurlandi","status":"publish","type":"post","link":"https:\/\/akdenizolaygazetesi.com\/?p=8035","title":{"rendered":"Mersinli \u015fehit son  yolculu\u011funa u\u011furland\u0131"},"content":{"rendered":"<p>Hakkari\u2019nin \u015eemdinli il\u00e7esindeki \u00fcs b\u00f6lgesinde, alarm tatbikat\u0131 uygulamas\u0131 esnas\u0131nda dengesini kaybederek kayal\u0131klardan d\u00fc\u015f\u00fcp \u015fehit olan S\u00f6zle\u015fmeli Er Mesut Y\u0131ld\u0131r\u0131m, memleketi Mersin\u2019de son yolculu\u011funa u\u011furland\u0131.<\/p>\n<p>Hakkari\u2019nin \u015eemdinli il\u00e7esindeki \u00fcs b\u00f6lgesinde, alarm tatbikat\u0131 uygulamas\u0131 esnas\u0131nda dengesini kaybederek kayal\u0131klardan d\u00fc\u015f\u00fcp \u015fehit olan S\u00f6zle\u015fmeli Er Mesut Y\u0131ld\u0131r\u0131m (27), memleketi Mersin\u2019de son yolculu\u011funa u\u011furland\u0131.\u00a0<\/p>\n<p>\u015eehit Y\u0131ld\u0131r\u0131m i\u00e7in Mu\u011fdat Camii\u2019nde t\u00f6ren d\u00fczenlendi. Ailesinin ya\u015fad\u0131\u011f\u0131 Toroslar il\u00e7esine ba\u011fl\u0131 Sa\u011fl\u0131k Mahallesi\u2019ndeki evine son kez g\u00f6t\u00fcr\u00fclen \u015fehidin cenazesi, daha sonra t\u00f6ren i\u00e7in Mu\u011fdat Camii\u2019ne getirildi. Burada askerlerin omzunda \u015fehidin T\u00fcrk bayra\u011f\u0131na sar\u0131l\u0131 tabutu cami avlusuna g\u00f6t\u00fcr\u00fcl\u00fcrken, yak\u0131nlar\u0131 g\u00f6zya\u015flar\u0131na bo\u011fuldu. \u015eehidin annesi E\u015fe ile babas\u0131 Duran Y\u0131ld\u0131r\u0131m\u2019\u0131, yak\u0131nlar\u0131 ile g\u00f6revliler teselli etmeye \u00e7al\u0131\u015ft\u0131. Anne ve baba o\u011flunun tabutuna sar\u0131l\u0131p, uzun s\u00fcre g\u00f6zya\u015f\u0131 d\u00f6kt\u00fc. \u015eehit Y\u0131ld\u0131r\u0131m i\u00e7in \u00f6\u011fle namaz\u0131n\u0131n ard\u0131ndan cenaze t\u00f6reni d\u00fczenlendi. T\u00f6rene Mersin Valisi Ali \u0130hsan Su, Akdeniz B\u00f6lge ve Garnizon Komutan\u0131 Tu\u011famiral Ercan Kire\u00e7tepe, 39. Mekanize Piyade Tugay Komutan\u0131 Tu\u011fgeneral Alparslan K\u0131l\u0131n\u00e7, B\u00fcy\u00fck\u015fehir Belediye Ba\u015fkan\u0131 Vahap Se\u00e7er, milletvekilleri, il\u00e7e belediye ba\u015fkanlar\u0131, protokol \u00fcyeleri, askeri erkan ile \u015fehidin ailesi ve yak\u0131nlar\u0131 kat\u0131ld\u0131.<br \/>\n\u00a0<br \/>\nCenaze namaz\u0131n\u0131n k\u0131l\u0131nmas\u0131n\u0131n ard\u0131ndan \u015fehidin yak\u0131nlar\u0131 tabutun ba\u015f\u0131na gelerek g\u00f6zya\u015f\u0131 d\u00f6kt\u00fcler. Y\u0131ld\u0131r\u0131m\u2019\u0131n tabutuna sar\u0131larak \u00f6pen yak\u0131nlar\u0131n\u0131, askeri g\u00f6revliler teselli etmeye \u00e7al\u0131\u015ft\u0131. Korona vir\u00fcs salg\u0131n\u0131 dolay\u0131s\u0131yla kat\u0131l\u0131m\u0131n az oldu\u011fu askeri t\u00f6renin ard\u0131ndan Mersin \u015eehir Mezarl\u0131\u011f\u0131\u2019na g\u00f6t\u00fcr\u00fclen Y\u0131ld\u0131r\u0131m\u2019\u0131n cenazesi, \u015fehitlikte topra\u011fa verildi.\u00a0<br \/>\n\u015eemdinli il\u00e7esindeki \u00fcs b\u00f6lgesinde alarm tatbikat\u0131 uygulamas\u0131 esnas\u0131nda mevzide dengesini kaybederek kayal\u0131klardan d\u00fc\u015fen Y\u0131ld\u0131r\u0131m, a\u011f\u0131r yaralanm\u0131\u015f, b\u00f6lgede yap\u0131lan ilk m\u00fcdahalenin ard\u0131ndan helikopterle kald\u0131r\u0131ld\u0131\u011f\u0131 hastanede t\u00fcm m\u00fcdahalelere ra\u011fmen \u015fehit olmu\u015ftu. \u0130ki karde\u015f olduklar\u0131 \u00f6\u011frenilen Y\u0131ld\u0131r\u0131m\u2019\u0131n, bekar oldu\u011fu belirtildi. \u00a0<\/p>\n","protected":false},"excerpt":{"rendered":"<p>Hakkari\u2019nin \u015eemdinli il\u00e7esindeki \u00fcs b\u00f6lgesinde, alarm tatbikat\u0131 uygulamas\u0131 esnas\u0131nda dengesini kaybederek kayal\u0131klardan d\u00fc\u015f\u00fcp \u015fehit olan S\u00f6zle\u015fmeli Er Mesut Y\u0131ld\u0131r\u0131m, memleketi Mersin\u2019de son yolculu\u011funa u\u011furland\u0131. Hakkari\u2019nin \u015eemdinli il\u00e7esindeki \u00fcs b\u00f6lgesinde, alarm &hellip; <a href=\"https:\/\/akdenizolaygazetesi.com\/?p=8035\" class=\"more-link\">Devam\u0131n\u0131 Oku&#8230;<\/a><\/p>\n","protected":false},"author":1,"featured_media":0,"comment_status":"open","ping_status":"open","sticky":false,"template":"","format":"standard","meta":[],"categories":[],"tags":[],"_links":{"self":[{"href":"https:\/\/akdenizolaygazetesi.com\/index.php?rest_route=\/wp\/v2\/posts\/8035"}],"collection":[{"href":"https:\/\/akdenizolaygazetesi.com\/index.php?rest_route=\/wp\/v2\/posts"}],"about":[{"href":"https:\/\/akdenizolaygazetesi.com\/index.php?rest_route=\/wp\/v2\/types\/post"}],"author":[{"embeddable":true,"href":"https:\/\/akdenizolaygazetesi.com\/index.php?rest_route=\/wp\/v2\/users\/1"}],"replies":[{"embeddable":true,"href":"https:\/\/akdenizolaygazetesi.com\/index.php?rest_route=%2Fwp%2Fv2%2Fcomments&post=8035"}],"version-history":[{"count":0,"href":"https:\/\/akdenizolaygazetesi.com\/index.php?rest_route=\/wp\/v2\/posts\/8035\/revisions"}],"wp:attachment":[{"href":"https:\/\/akdenizolaygazetesi.com\/index.php?rest_route=%2Fwp%2Fv2%2Fmedia&parent=8035"}],"wp:term":[{"taxonomy":"category","embeddable":true,"href":"https:\/\/akdenizolaygazetesi.com\/index.php?rest_route=%2Fwp%2Fv2%2Fcategories&post=8035"},{"taxonomy":"post_tag","embeddable":true,"href":"https:\/\/akdenizolaygazetesi.com\/index.php?rest_route=%2Fwp%2Fv2%2Ftags&post=8035"}],"curies":[{"name":"wp","href":"https:\/\/api.w.org\/{rel}","templated":true}]}}