{"id":8036,"date":"2020-11-04T18:28:29","date_gmt":"2020-11-04T15:28:29","guid":{"rendered":"http:\/\/mersinekonomipolitikagazetesi.com\/?p=8036"},"modified":"2020-11-04T18:28:29","modified_gmt":"2020-11-04T15:28:29","slug":"behiye-gultak-sehit-ailelerini-ve-engelli-vatandaslari-ziyaret-etti","status":"publish","type":"post","link":"https:\/\/akdenizolaygazetesi.com\/?p=8036","title":{"rendered":"BEH\u0130YE G\u00dcLTAK, \u015eEH\u0130T A\u0130LELER\u0130N\u0130 VE  ENGELL\u0130 VATANDA\u015eLARI Z\u0130YARET ETT\u0130"},"content":{"rendered":"<p>Akdeniz Belediye Ba\u015fkan\u0131 M. Mustafa G\u00fcltak&#8217;\u0131n E\u015fi Behiye G\u00fcltak, vatan savunmas\u0131nda topra\u011fa d\u00fc\u015fen \u015eehitlerin aileleri ile engelli vatanda\u015flar\u0131 evlerinde ziyaret etti. Behiye G\u00fcltak, \u201c\u015eehit ailelerimizin her zaman yan\u0131nday\u0131z, elimizden geldi\u011fince destek olmaya \u00e7al\u0131\u015f\u0131yoruz\u201d dedi.<br \/>\nAkdeniz Belediye Ba\u015fkan\u0131 M. Mustafa G\u00fcltak\u2019\u0131n e\u015fi Behiye G\u00fcltak, Kad\u0131n ve Aile Hizmetleri M\u00fcd\u00fcrl\u00fc\u011f\u00fcne ba\u011fl\u0131 psikolog, sosyolog ve manevi rehber ile birlikte \u015eehit Aileleri ile engelli ailelerine ziyaretler ger\u00e7ekle\u015ftirdi. Duygusal anlar\u0131n ya\u015fand\u0131\u011f\u0131 ziyaretlerde Behiye G\u00fcltak, vatan savunmas\u0131nda topra\u011fa d\u00fc\u015fen \u015fehitlerin aileleri ile sohbet etti, bir talep veya sorunlar\u0131 olup olmad\u0131\u011f\u0131n\u0131 sordu.\u00a0<br \/>\n\u201c\u0130stedi\u011finiz zaman hi\u00e7 \u00e7ekinmeden aray\u0131p Akdeniz Belediyesi\u2019nin sahada g\u00f6revli ekiplerine ula\u015fabilirsiniz\u201d diyen Behiye G\u00fcltak; \u201cSiz sayg\u0131de\u011fer \u015eehit ailelerimiz, bu topraklar\u0131 bize vatan yapan \u015eehitlerimizin bizlere emanetisiniz. Her zaman ve her ko\u015fulda sizlerin yan\u0131nday\u0131z, emrinizdeyiz\u201d dedi.<br \/>\nMillet olarak; \u015fehit ve gazi ailelerinin daima yan\u0131nda oldu\u011funu dile getiren Behiye G\u00fcltak, vatan u\u011fruna canlar\u0131n\u0131 hi\u00e7 \u00e7ekinmeden feda eden \u015eehitleri rahmet; Gazileri de minnetle and\u0131\u011f\u0131n\u0131 ifade etti.\u00a0<br \/>\nBehiye G\u00fcltak, g\u00fcn i\u00e7erisinde bir aileye \u2018Ho\u015f Geldin Bebek\u201d ziyareti de ger\u00e7ekle\u015ftirdi; i\u00e7inde anne ve bebe\u011fin bir\u00e7ok ihtiyac\u0131n\u0131 kar\u015f\u0131layan \u00fcr\u00fcnlerin oldu\u011fu \u00e7antay\u0131 aileye hediye etti. \u00a0<br \/>\nZiyaret nedeniyle te\u015fekk\u00fcrlerini dile getiren aileler ise, Akdeniz Belediyesi Kad\u0131n ve Aile Hizmetleri M\u00fcd\u00fcrl\u00fc\u011f\u00fc\u2019n\u00fcn s\u00fcrd\u00fcrd\u00fc\u011f\u00fc \u2018Evde Bak\u0131m ve Temizlik\u2019 hizmetinden memnuniyetini dile getirdiler.\u00a0<br \/>\n\u00d6te yandan, ziyaretler esnas\u0131nda Kad\u0131n ve Aile Hizmetleri M\u00fcd\u00fcrl\u00fc\u011f\u00fc\u2019ne ba\u011fl\u0131 psikolog, sosyolog ve manevi rehber taraf\u0131ndan da ziyaret edilen \u015eehit aileleri, engelli vatanda\u015flar ile ailelerinin talep ve sorunlar\u0131 not edildi.\u00a0<\/p>\n","protected":false},"excerpt":{"rendered":"<p>Akdeniz Belediye Ba\u015fkan\u0131 M. Mustafa G\u00fcltak&#8217;\u0131n E\u015fi Behiye G\u00fcltak, vatan savunmas\u0131nda topra\u011fa d\u00fc\u015fen \u015eehitlerin aileleri ile engelli vatanda\u015flar\u0131 evlerinde ziyaret etti. Behiye G\u00fcltak, \u201c\u015eehit ailelerimizin her zaman yan\u0131nday\u0131z, elimizden geldi\u011fince &hellip; <a href=\"https:\/\/akdenizolaygazetesi.com\/?p=8036\" class=\"more-link\">Devam\u0131n\u0131 Oku&#8230;<\/a><\/p>\n","protected":false},"author":1,"featured_media":0,"comment_status":"open","ping_status":"open","sticky":false,"template":"","format":"standard","meta":[],"categories":[],"tags":[],"_links":{"self":[{"href":"https:\/\/akdenizolaygazetesi.com\/index.php?rest_route=\/wp\/v2\/posts\/8036"}],"collection":[{"href":"https:\/\/akdenizolaygazetesi.com\/index.php?rest_route=\/wp\/v2\/posts"}],"about":[{"href":"https:\/\/akdenizolaygazetesi.com\/index.php?rest_route=\/wp\/v2\/types\/post"}],"author":[{"embeddable":true,"href":"https:\/\/akdenizolaygazetesi.com\/index.php?rest_route=\/wp\/v2\/users\/1"}],"replies":[{"embeddable":true,"href":"https:\/\/akdenizolaygazetesi.com\/index.php?rest_route=%2Fwp%2Fv2%2Fcomments&post=8036"}],"version-history":[{"count":0,"href":"https:\/\/akdenizolaygazetesi.com\/index.php?rest_route=\/wp\/v2\/posts\/8036\/revisions"}],"wp:attachment":[{"href":"https:\/\/akdenizolaygazetesi.com\/index.php?rest_route=%2Fwp%2Fv2%2Fmedia&parent=8036"}],"wp:term":[{"taxonomy":"category","embeddable":true,"href":"https:\/\/akdenizolaygazetesi.com\/index.php?rest_route=%2Fwp%2Fv2%2Fcategories&post=8036"},{"taxonomy":"post_tag","embeddable":true,"href":"https:\/\/akdenizolaygazetesi.com\/index.php?rest_route=%2Fwp%2Fv2%2Ftags&post=8036"}],"curies":[{"name":"wp","href":"https:\/\/api.w.org\/{rel}","templated":true}]}}