{"id":8037,"date":"2020-11-04T18:28:29","date_gmt":"2020-11-04T15:28:29","guid":{"rendered":"http:\/\/mersinekonomipolitikagazetesi.com\/?p=8037"},"modified":"2020-11-04T18:28:29","modified_gmt":"2020-11-04T15:28:29","slug":"baskan-yilmaz-malazgirt-zaferinin-949-yil-kutlamalarina-katildi","status":"publish","type":"post","link":"https:\/\/akdenizolaygazetesi.com\/?p=8037","title":{"rendered":"Ba\u015fkan Y\u0131lmaz, Malazgirt Zaferi&#8217;nin 949. y\u0131l kutlamalar\u0131na kat\u0131ld\u0131"},"content":{"rendered":"<p>Toroslar Belediye Ba\u015fkan\u0131 Ats\u0131z Af\u015f\u0131n Y\u0131lmaz, T\u00fcrklere Anadolu\u2019nun kap\u0131lar\u0131n\u0131 a\u00e7an Malazgirt Zaferi\u2019nin 949. y\u0131l d\u00f6n\u00fcm\u00fcnde, Bitlis\u2019in Ahlat il\u00e7esinde d\u00fczenlenen etkinliklere kat\u0131ld\u0131.\u00a0<br \/>\nCumhurba\u015fkan\u0131 Recep Tayyip Erdo\u011fan, MHP Genel Ba\u015fkan\u0131 Devlet Bah\u00e7eli ile devlet erkan\u0131n\u0131n kat\u0131ld\u0131\u011f\u0131 programda, Malazgirt Ahlat Gen\u00e7lik Merkezi ile Cumhurba\u015fkanl\u0131\u011f\u0131 Ahlat K\u00fclliyesinin a\u00e7\u0131l\u0131\u015f\u0131 pandemi kurallar\u0131 \u00e7er\u00e7evesinde ger\u00e7ekle\u015ftirildi.\u00a0<br \/>\n&#8216;1071 Sultan Alparslan Ahlat Ota\u011f\u0131&#8217;n\u0131n kuruldu\u011fu \u00c7arho mevkisindeki alanda d\u00fczenlenen etkinlikleri takip eden ve Bitlis\u2019te UNESCO D\u00fcnya K\u00fclt\u00fcr Miras\u0131 ge\u00e7ici listesindeki d\u00fcnyan\u0131n en b\u00fcy\u00fck T\u00fcrk \u0130slam Mezarl\u0131\u011f\u0131 olma \u00f6zelli\u011fini ta\u015f\u0131yan Ahlat Sel\u00e7uklu Meydan Mezarl\u0131\u011f\u0131 ve Emir Bay\u0131nd\u0131r K\u00fcmbeti\u2019ni de ziyaret eden Ba\u015fkan Y\u0131lmaz\u2019a, Toroslar Kent Konseyi Ba\u015fkan\u0131 \u00dcmit Er\u015fan ve belediye meclis \u00fcyeleri de e\u015flik etti.\u00a0<br \/>\n\u201c1071 Malazgirt Zaferi, en zor \u015fartlarda milletimizin yeniden dirili\u015finin, yeniden aya\u011fa kalk\u0131\u015f\u0131n\u0131n sembol\u00fc olmu\u015ftur\u201d diyen Y\u0131lmaz, \u201cAnadolu\u2019nun kap\u0131lar\u0131n\u0131n T\u00fcrklere a\u00e7\u0131ld\u0131\u011f\u0131 Malazgirt Zaferi\u2019nin 949\u2019uncu y\u0131l d\u00f6n\u00fcm\u00fcn\u00fc kutlaman\u0131n gururunu ya\u015f\u0131yoruz. Sultan Alparslan \u00f6nc\u00fcl\u00fc\u011f\u00fcnde ger\u00e7ekle\u015ftirilen bu b\u00fcy\u00fck zafer ile milletimizin varl\u0131k bilincinin gelecek ku\u015faklara ta\u015f\u0131nmas\u0131 sa\u011flanm\u0131\u015ft\u0131r. Malazgirt ruhu, aziz milletimize daima ilham kayna\u011f\u0131 olmu\u015ftur. Bu vesileyle bu b\u00fcy\u00fck zaferi bize kazand\u0131ran Sultan Alparslan ve askerleri ba\u015fta olmak \u00fczere t\u00fcm \u015fehitlerimize Allah\u2019tan rahmet diliyorum. Kutlu fetih, \u015fanl\u0131 zafer 1071 Malazgirt Zaferi kutlu olsun\u201d ifadelerini kulland\u0131.\u00a0<br \/>\n\u201cA\u011fustos ay\u0131, kahramanl\u0131k ve zafer ay\u0131d\u0131r&#8221;\u00a0<br \/>\nBa\u015fkan Y\u0131lmaz, B\u00fcy\u00fck Taarruz\u2019un 98\u2019nci y\u0131l d\u00f6n\u00fcm\u00fc dolay\u0131s\u0131yla da bir mesaj yay\u0131nlad\u0131.\u00a0<br \/>\n\u201cT\u00fcrk milleti i\u00e7in a\u011fustos ay\u0131, kahramanl\u0131k ve zafer ay\u0131d\u0131r\u201d diyen Y\u0131lmaz, \u015f\u00f6yle devam etti; &#8220;98 y\u0131l \u00f6nce Ulu \u00d6nderimiz Mustafa Kemal Atat\u00fcrk komutas\u0131ndaki T\u00fcrk ordusunun 26 A\u011fustos\u2019ta ba\u015flay\u0131p, 30 A\u011fustos\u2019ta zaferle sonu\u00e7lanan B\u00fcy\u00fck Taarruz ve Ba\u015fkomutanl\u0131k Meydan Muharebesi, d\u00fcnya tarihinin g\u00f6rd\u00fc\u011f\u00fc en b\u00fcy\u00fck kahramanl\u0131k destanlar\u0131ndan birisi olmu\u015ftur. Milletimiz, kazand\u0131\u011f\u0131 her zaferle milli birlik ve beraberlik i\u00e7erisinde elde etti\u011fi ba\u015far\u0131lar\u0131 ta\u00e7land\u0131rm\u0131\u015ft\u0131r. Bu duygu ve d\u00fc\u015f\u00fcncelerle B\u00fcy\u00fck Taarruz\u2019un 98\u2019inci y\u0131l d\u00f6n\u00fcm\u00fcn\u00fc kutluyor, ba\u015fta Ulu \u00d6nderimiz Gazi Mustafa Kemal Atat\u00fcrk olmak \u00fczere aziz \u015fehitlerimizi rahmet ve minnetle an\u0131yorum.\u201d \u00a0<\/p>\n","protected":false},"excerpt":{"rendered":"<p>Toroslar Belediye Ba\u015fkan\u0131 Ats\u0131z Af\u015f\u0131n Y\u0131lmaz, T\u00fcrklere Anadolu\u2019nun kap\u0131lar\u0131n\u0131 a\u00e7an Malazgirt Zaferi\u2019nin 949. y\u0131l d\u00f6n\u00fcm\u00fcnde, Bitlis\u2019in Ahlat il\u00e7esinde d\u00fczenlenen etkinliklere kat\u0131ld\u0131.\u00a0 Cumhurba\u015fkan\u0131 Recep Tayyip Erdo\u011fan, MHP Genel Ba\u015fkan\u0131 Devlet Bah\u00e7eli &hellip; <a href=\"https:\/\/akdenizolaygazetesi.com\/?p=8037\" class=\"more-link\">Devam\u0131n\u0131 Oku&#8230;<\/a><\/p>\n","protected":false},"author":1,"featured_media":0,"comment_status":"open","ping_status":"open","sticky":false,"template":"","format":"standard","meta":[],"categories":[],"tags":[],"_links":{"self":[{"href":"https:\/\/akdenizolaygazetesi.com\/index.php?rest_route=\/wp\/v2\/posts\/8037"}],"collection":[{"href":"https:\/\/akdenizolaygazetesi.com\/index.php?rest_route=\/wp\/v2\/posts"}],"about":[{"href":"https:\/\/akdenizolaygazetesi.com\/index.php?rest_route=\/wp\/v2\/types\/post"}],"author":[{"embeddable":true,"href":"https:\/\/akdenizolaygazetesi.com\/index.php?rest_route=\/wp\/v2\/users\/1"}],"replies":[{"embeddable":true,"href":"https:\/\/akdenizolaygazetesi.com\/index.php?rest_route=%2Fwp%2Fv2%2Fcomments&post=8037"}],"version-history":[{"count":0,"href":"https:\/\/akdenizolaygazetesi.com\/index.php?rest_route=\/wp\/v2\/posts\/8037\/revisions"}],"wp:attachment":[{"href":"https:\/\/akdenizolaygazetesi.com\/index.php?rest_route=%2Fwp%2Fv2%2Fmedia&parent=8037"}],"wp:term":[{"taxonomy":"category","embeddable":true,"href":"https:\/\/akdenizolaygazetesi.com\/index.php?rest_route=%2Fwp%2Fv2%2Fcategories&post=8037"},{"taxonomy":"post_tag","embeddable":true,"href":"https:\/\/akdenizolaygazetesi.com\/index.php?rest_route=%2Fwp%2Fv2%2Ftags&post=8037"}],"curies":[{"name":"wp","href":"https:\/\/api.w.org\/{rel}","templated":true}]}}