{"id":8038,"date":"2020-11-04T18:28:29","date_gmt":"2020-11-04T15:28:29","guid":{"rendered":"http:\/\/mersinekonomipolitikagazetesi.com\/?p=8038"},"modified":"2020-11-04T18:28:29","modified_gmt":"2020-11-04T15:28:29","slug":"akduman-erdemlideki-faaliyetleri-inceledi","status":"publish","type":"post","link":"https:\/\/akdenizolaygazetesi.com\/?p=8038","title":{"rendered":"Akduman, Erdemli&#8217;deki faaliyetleri inceledi"},"content":{"rendered":"<p>Mersin Orman B\u00f6lge M\u00fcd\u00fcr\u00fc Kenan Akduman, \u00c7\u00f6lle\u015fme ve Erozyonla M\u00fccadele eski genel m\u00fcd\u00fcr\u00fc Mustafa G\u00f6z\u00fckara ile birlikte Erdemli Orman \u0130\u015fletme M\u00fcd\u00fcr\u00fc Murat K\u00f6rl\u00fc, m\u00fcd\u00fcr yard\u0131mc\u0131s\u0131 ve \u015fefler e\u015fli\u011finde orman arazilerinde incelemelerde bulundu.<br \/>\n\u00a0<br \/>\nAkduman\u2019\u0131n uygulamal\u0131 teras e\u011fitimi verdi\u011fi teknik gezide, 2020 y\u0131l\u0131 program\u0131nda bulunan end\u00fcstriyel plantasyon sahalar\u0131nda yap\u0131lmakta olan buror teraslar yerinde incelendi, teraslarda yan kaz\u0131n\u0131n, \u015fev kesiminin ve toprak derinli\u011finin \u00f6nemi vurguland\u0131.\u00a0<br \/>\nG\u00fczeloluk \u015eefli\u011finde 2012-2013 y\u0131llar\u0131nda tesis edilen gelir getirici t\u00fcr \u00e7al\u0131\u015fmalar\u0131 ile yap\u0131lan ceviz a\u011fa\u00e7land\u0131rmalar\u0131 da incelenirken, Harfilli k\u00f6y\u00fc vatanda\u015flar\u0131 memnuniyetlerini ifade ettiler.\u00a0<br \/>\nAyr\u0131ca Toros \u015eefli\u011finde dozer s\u00fcr\u00fcm\u00fc ile yap\u0131lan sedir a\u011fa\u00e7land\u0131rma sahalar\u0131n\u0131n durumunu yerinde inceleyen Akduman, Evdilek k\u00f6y\u00fcnde 2013 y\u0131l\u0131nda yap\u0131lan gelir getirici t\u00fcr ile ceviz a\u011fa\u00e7land\u0131rmalar\u0131 ve ceviz fidanlar\u0131na bak\u0131m \u00e7al\u0131\u015fmalar\u0131n\u0131n devam edilmesi gerekti\u011fini s\u00f6yledi. \u00a0<\/p>\n","protected":false},"excerpt":{"rendered":"<p>Mersin Orman B\u00f6lge M\u00fcd\u00fcr\u00fc Kenan Akduman, \u00c7\u00f6lle\u015fme ve Erozyonla M\u00fccadele eski genel m\u00fcd\u00fcr\u00fc Mustafa G\u00f6z\u00fckara ile birlikte Erdemli Orman \u0130\u015fletme M\u00fcd\u00fcr\u00fc Murat K\u00f6rl\u00fc, m\u00fcd\u00fcr yard\u0131mc\u0131s\u0131 ve \u015fefler e\u015fli\u011finde orman arazilerinde &hellip; <a href=\"https:\/\/akdenizolaygazetesi.com\/?p=8038\" class=\"more-link\">Devam\u0131n\u0131 Oku&#8230;<\/a><\/p>\n","protected":false},"author":1,"featured_media":0,"comment_status":"open","ping_status":"open","sticky":false,"template":"","format":"standard","meta":[],"categories":[],"tags":[],"_links":{"self":[{"href":"https:\/\/akdenizolaygazetesi.com\/index.php?rest_route=\/wp\/v2\/posts\/8038"}],"collection":[{"href":"https:\/\/akdenizolaygazetesi.com\/index.php?rest_route=\/wp\/v2\/posts"}],"about":[{"href":"https:\/\/akdenizolaygazetesi.com\/index.php?rest_route=\/wp\/v2\/types\/post"}],"author":[{"embeddable":true,"href":"https:\/\/akdenizolaygazetesi.com\/index.php?rest_route=\/wp\/v2\/users\/1"}],"replies":[{"embeddable":true,"href":"https:\/\/akdenizolaygazetesi.com\/index.php?rest_route=%2Fwp%2Fv2%2Fcomments&post=8038"}],"version-history":[{"count":0,"href":"https:\/\/akdenizolaygazetesi.com\/index.php?rest_route=\/wp\/v2\/posts\/8038\/revisions"}],"wp:attachment":[{"href":"https:\/\/akdenizolaygazetesi.com\/index.php?rest_route=%2Fwp%2Fv2%2Fmedia&parent=8038"}],"wp:term":[{"taxonomy":"category","embeddable":true,"href":"https:\/\/akdenizolaygazetesi.com\/index.php?rest_route=%2Fwp%2Fv2%2Fcategories&post=8038"},{"taxonomy":"post_tag","embeddable":true,"href":"https:\/\/akdenizolaygazetesi.com\/index.php?rest_route=%2Fwp%2Fv2%2Ftags&post=8038"}],"curies":[{"name":"wp","href":"https:\/\/api.w.org\/{rel}","templated":true}]}}