{"id":8039,"date":"2020-11-04T18:28:29","date_gmt":"2020-11-04T15:28:29","guid":{"rendered":"http:\/\/mersinekonomipolitikagazetesi.com\/?p=8039"},"modified":"2020-11-04T18:28:29","modified_gmt":"2020-11-04T15:28:29","slug":"pul-kadar-deger-verilmiyor","status":"publish","type":"post","link":"https:\/\/akdenizolaygazetesi.com\/?p=8039","title":{"rendered":"PUL KADAR DE\u011eER VER\u0130LM\u0130YOR..!"},"content":{"rendered":"<p>\u201cTARSUS POSTA DA\u011eITIM MERKEZ\u0130<br \/>\nDE\u011e\u0130L KORONA DA\u011eITIM MERKEZ\u0130!&#8221;<\/p>\n<p>Hem \u00e7al\u0131\u015fanlar\u0131n, hem de Mersin halk\u0131n\u0131n can\u0131 riske at\u0131l\u0131yor!<br \/>\nMersin&#8217;de buna benzer ka\u00e7 yer daha var?<\/p>\n<p>CHP Mersin Milletvekili Alpay Antmen\u2019in a\u00e7\u0131klamalar\u0131 Mersin\u2019e bomba gibi d\u00fc\u015ferek tedirginlik yaratt\u0131.<\/p>\n<p>Mersin Tarsus\u2019ta PTT\u2019ye ba\u011fl\u0131 Posta Da\u011f\u0131t\u0131m Merkezi\u2019nde biri \u015fef olmak \u00fczere 4 memurun korona vir\u00fcs testi pozitif \u00e7\u0131kt\u0131. Korona Vir\u00fcse yakalananlar tedavi alt\u0131na al\u0131nd\u0131 ancak, vir\u00fcse yakalananlar ile yak\u0131n temasta olan di\u011fer personelin halen \u00e7al\u0131\u015ft\u0131r\u0131lmaya devam ettirildi\u011fi ve bu ki\u015filere test yap\u0131lmad\u0131\u011f\u0131 belirtildi.<br \/>\n\u00dc\u00e7 memurun koronavir\u00fcse yakalanmalar\u0131na ra\u011fmen onlar ile ayn\u0131 yerde ve yak\u0131n temasta \u00e7al\u0131\u015fan di\u011fer personelin hala \u00e7al\u0131\u015ft\u0131r\u0131ld\u0131\u011f\u0131 bilgisinin kendisine geldi\u011fini belirten Antmen, \u201c\u0130nan\u0131l\u0131r gibi de\u011fil. Korona vir\u00fcse yakalanan 3 posta memuruna yak\u0131n temas halinde \u00e7al\u0131\u015fan di\u011fer personel halen \u00e7al\u0131\u015ft\u0131r\u0131lmaya devam ediyor. Bu insanlar\u0131n hayat\u0131n\u0131n hi\u00e7 \u00f6nemi yok mu? Bu personele test bile yap\u0131lm\u0131yor. Gittikleri evlerdeki, i\u015fyerlerinde, muhtarl\u0131klardaki vatanda\u015f\u0131n can\u0131n\u0131n hi\u00e7 de\u011feri yok mu? Mersin Tarsus&#8217;ta Posta Da\u011f\u0131t\u0131m Merkezi Korona Da\u011f\u0131t\u0131m Merkezine d\u00f6n\u00fc\u015fm\u00fc\u015f durumda!\u201d dedi.\u00a0<\/p>\n<p>&#8220;Personelin \u00e7al\u0131\u015ft\u0131r\u0131lmas\u0131 a\u00e7\u0131k\u00e7a cana kastt\u0131r&#8221;<\/p>\n<p>Antmen, Covid-19 testlerinin pozitif \u00e7\u0131kmas\u0131na ra\u011fmen Merkezin karantinaya al\u0131nmamas\u0131n\u0131n ve personelin \u00a0\u00e7al\u0131\u015ft\u0131r\u0131lmas\u0131n\u0131n a\u00e7\u0131k\u00e7a cana kast oldu\u011funu ifade etti. A\u00e7\u0131klamas\u0131n\u0131n devam\u0131nda posta da\u011f\u0131t\u0131m merkezinde 30 ki\u015fiden fazla insan\u0131n \u00e7al\u0131\u015ft\u0131\u011f\u0131n\u0131 ifade eden Antmen, \u201cTarsus Posta Da\u011f\u0131t\u0131m Merkezi bu duruma ra\u011fmen halen \u00e7al\u0131\u015fmaya devam etmektedir. Acilen karantinaya al\u0131nmal\u0131d\u0131r. Tedavi alt\u0131na al\u0131nan personelin kimlerle temas etti\u011fi bulunmal\u0131 ve o vatanda\u015flara da test yap\u0131lmal\u0131.\u201d ifadelerini kulland\u0131.<br \/>\nAntmen, da\u011f\u0131t\u0131m merkezindeki baz\u0131 ki\u015filerin de Covid-19 semptomlar\u0131 g\u00f6sterdi\u011fi bilgisinin kendisine iletildi\u011fini belirterek \u201cPTT\u2019de korona vir\u00fcs vakalar\u0131n\u0131n artaca\u011f\u0131ndan endi\u015feliyiz. Da\u011f\u0131t\u0131c\u0131 personel i\u015fi gere\u011fi neredeyse her eve her d\u00fckkana, her resmi daireye ve her muhtarl\u0131\u011fa girmek durumunda. O zaman \u00e7ok daha vahim bir tablo kar\u015f\u0131m\u0131za \u00e7\u0131kabilir. Derhal \u00f6nlem al\u0131nmal\u0131. \u00c7al\u0131\u015fanlar\u0131n ve vatanda\u015flar\u0131n can\u0131 bu kadar m\u0131 ucuz? Anla\u015f\u0131lan o ki PTT\u2019de \u00e7al\u0131\u015fan emek\u00e7inin pul kadar de\u011feri yok!\u201d dedi.\u00a0<\/p>\n","protected":false},"excerpt":{"rendered":"<p>\u201cTARSUS POSTA DA\u011eITIM MERKEZ\u0130 DE\u011e\u0130L KORONA DA\u011eITIM MERKEZ\u0130!&#8221; Hem \u00e7al\u0131\u015fanlar\u0131n, hem de Mersin halk\u0131n\u0131n can\u0131 riske at\u0131l\u0131yor! Mersin&#8217;de buna benzer ka\u00e7 yer daha var? CHP Mersin Milletvekili Alpay Antmen\u2019in a\u00e7\u0131klamalar\u0131 &hellip; <a href=\"https:\/\/akdenizolaygazetesi.com\/?p=8039\" class=\"more-link\">Devam\u0131n\u0131 Oku&#8230;<\/a><\/p>\n","protected":false},"author":1,"featured_media":0,"comment_status":"open","ping_status":"open","sticky":false,"template":"","format":"standard","meta":[],"categories":[],"tags":[],"_links":{"self":[{"href":"https:\/\/akdenizolaygazetesi.com\/index.php?rest_route=\/wp\/v2\/posts\/8039"}],"collection":[{"href":"https:\/\/akdenizolaygazetesi.com\/index.php?rest_route=\/wp\/v2\/posts"}],"about":[{"href":"https:\/\/akdenizolaygazetesi.com\/index.php?rest_route=\/wp\/v2\/types\/post"}],"author":[{"embeddable":true,"href":"https:\/\/akdenizolaygazetesi.com\/index.php?rest_route=\/wp\/v2\/users\/1"}],"replies":[{"embeddable":true,"href":"https:\/\/akdenizolaygazetesi.com\/index.php?rest_route=%2Fwp%2Fv2%2Fcomments&post=8039"}],"version-history":[{"count":0,"href":"https:\/\/akdenizolaygazetesi.com\/index.php?rest_route=\/wp\/v2\/posts\/8039\/revisions"}],"wp:attachment":[{"href":"https:\/\/akdenizolaygazetesi.com\/index.php?rest_route=%2Fwp%2Fv2%2Fmedia&parent=8039"}],"wp:term":[{"taxonomy":"category","embeddable":true,"href":"https:\/\/akdenizolaygazetesi.com\/index.php?rest_route=%2Fwp%2Fv2%2Fcategories&post=8039"},{"taxonomy":"post_tag","embeddable":true,"href":"https:\/\/akdenizolaygazetesi.com\/index.php?rest_route=%2Fwp%2Fv2%2Ftags&post=8039"}],"curies":[{"name":"wp","href":"https:\/\/api.w.org\/{rel}","templated":true}]}}