{"id":8040,"date":"2020-11-04T18:28:29","date_gmt":"2020-11-04T15:28:29","guid":{"rendered":"http:\/\/mersinekonomipolitikagazetesi.com\/?p=8040"},"modified":"2020-11-04T18:28:29","modified_gmt":"2020-11-04T15:28:29","slug":"iscilerden-grev-karari","status":"publish","type":"post","link":"https:\/\/akdenizolaygazetesi.com\/?p=8040","title":{"rendered":"\u0130\u015e\u00c7\u0130LERDEN GREV KARARI"},"content":{"rendered":"<p>Hi\u00e7bir ho\u015fg\u00f6r\u00fc ile yakla\u015f\u0131lmad\u0131.<br \/>\nB\u00fcy\u00fck\u015fehir Belediyesi ile Belediye-\u0130\u015f Sendikas\u0131 aras\u0131nda yakla\u015f\u0131k 1080 i\u015f\u00e7iyi kapsayan toplu i\u015f s\u00f6zle\u015fmesi g\u00f6r\u00fc\u015fmelerinde uzla\u015fma sa\u011flanamamas\u0131 \u00fczerine, sendika yetkililerince grev karar\u0131 al\u0131nd\u0131.<\/p>\n<p>Mersin B\u00fcy\u00fck\u015fehir Belediyesi ile Belediye-\u0130\u015f Sendikas\u0131 aras\u0131nda yakla\u015f\u0131k bin 80 i\u015f\u00e7iyi kapsayan toplu i\u015f s\u00f6zle\u015fmesi g\u00f6r\u00fc\u015fmelerinde uzla\u015fma sa\u011flanamamas\u0131 \u00fczerine, sendika yetkililerince grev karar\u0131 al\u0131nd\u0131.\u00a0<br \/>\nBelediye-\u0130\u015f Sendikas\u0131 Mersin \u015eube Ba\u015fkan\u0131 Ali S\u00f6nmez, al\u0131nan grev karar\u0131n\u0131, Makine \u0130kmal Bak\u0131m ve Onar\u0131m Dairesi Ba\u015fkanl\u0131\u011f\u0131nda yapt\u0131\u011f\u0131 a\u00e7\u0131klamayla duyurdu. S\u00f6nmez, bir grup belediye i\u015f\u00e7isi ile birlikte d\u00fczenledi\u011fi toplant\u0131da, Mersin B\u00fcy\u00fck\u015fehir Belediyesi ile Belediye-\u0130\u015f Sendikas\u0131 aras\u0131nda ocak ay\u0131nda ilk oturumu yap\u0131lan toplu s\u00f6zle\u015fme g\u00f6r\u00fc\u015fmelerinden sonu\u00e7 al\u0131namad\u0131\u011f\u0131n\u0131 s\u00f6yledi. 30 y\u0131ldan bu yana toplu s\u00f6zle\u015fmede olu\u015fan maddelere kar\u015f\u0131 \u00e7\u0131k\u0131ld\u0131\u011f\u0131n\u0131 savunan S\u00f6nmez, &#8220;Biz istiyorduk ki, sosyal demokrat bir belediyede toplu s\u00f6zle\u015fmemizi en k\u0131sa zamanda bitirelim ve mart ay\u0131nda zaml\u0131 maa\u015flar\u0131m\u0131z\u0131 alal\u0131m. Ancak Mersin B\u00fcy\u00fck\u015fehir Belediyesi&#8217;nde olu\u015fturulan komisyon ile toplu s\u00f6zle\u015fme g\u00f6r\u00fc\u015fmelerini belirli bir zemine oturtamad\u0131k&#8221; dedi.<br \/>\nToplu s\u00f6zle\u015fme g\u00f6r\u00fc\u015fmelerinin anla\u015fmayla sonu\u00e7lanmas\u0131 i\u00e7in sendika olarak \u00e7ok u\u011fra\u015f verdiklerini belirten S\u00f6nmez, &#8220;Masada bitsin, g\u00fcle oynaya bir t\u00f6ren yapal\u0131m, te\u015fekk\u00fcrlerimizi iletelim ve Mersin halk\u0131na hizmet vermeye devam edelim istedik. Ama maalesef bu konuda ne kadar ad\u0131m att\u0131ysak, bize kar\u015f\u0131 hi\u00e7bir ho\u015fg\u00f6r\u00fc ile yakla\u015f\u0131lmad\u0131. \u0130\u015f\u00e7ilerin sanki toplu s\u00f6zle\u015fmede \u00e7ok y\u00fcksek rakamlar istiyormu\u015f gibi bir alg\u0131 olu\u015fturuldu. Bu \u00f6yle de\u011fil, biz \u00e7oluk \u00e7ocuklar\u0131m\u0131za g\u00f6t\u00fcrece\u011fimiz ekme\u011fi b\u00fcy\u00fctmek istiyoruz&#8221; diye konu\u015ftu. \u00a0<\/p>\n<p>11 A\u011fustos tarihinde Mersin \u00dcniversitesi&#8217;nde g\u00f6revli Do\u00e7.Dr. Hasan Ejder Temiz arabuluculu\u011funda son toplant\u0131y\u0131 yapt\u0131klar\u0131n\u0131, ancak o toplant\u0131da da \u00fccretleri de kapsayan 22 madde \u00fczerinde anla\u015fma sa\u011flanamad\u0131\u011f\u0131n\u0131 s\u00f6yleyen S\u00f6nmez, bu maddelerin b\u00fcy\u00fck b\u00f6l\u00fcm\u00fcn\u00fcn para, di\u011ferlerinin de \u00e7al\u0131\u015fma sistemiyle ilgili maddeler oldu\u011funu belirtti.\u00a0<br \/>\nGrev karar\u0131 ald\u0131klar\u0131n\u0131, ancak bu karar\u0131n her \u015feyin bitti\u011fi anlam\u0131na gelmedi\u011fini vurgulayan S\u00f6nmez, \u015f\u00f6yle devam etti; &#8220;Ben belediye ba\u015fkan\u0131ndan rica ediyorum. Biz toplu s\u00f6zle\u015fme g\u00f6r\u00fc\u015fmelerini masada bitirmek istiyoruz. L\u00fctfen bizim sorunlar\u0131m\u0131za, haklar\u0131m\u0131za hassasiyet g\u00f6sterirseniz, bizim toplu s\u00f6zle\u015fmeyi bitirmeme gibi bir d\u00fc\u015f\u00fcncemiz yok. Mersin halk\u0131na rahat, huzurlu bir \u015fekilde hizmet edelim istiyoruz. Bizim talebimiz bu. Biz Mersin halk\u0131na hizmet i\u00e7in buraday\u0131z.&#8221;\u00a0<br \/>\nS\u00f6nmez, a\u00e7\u0131klamas\u0131n\u0131n ard\u0131ndan ald\u0131klar\u0131 grev karar\u0131n\u0131 i\u015f yerine ast\u0131. Ali S\u00f6nmez, karar\u0131n yasal olarak 60 g\u00fcn i\u00e7erisinde uygulanmas\u0131 gerekti\u011fini de s\u00f6zlerine ekledi. \u00a0<\/p>\n","protected":false},"excerpt":{"rendered":"<p>Hi\u00e7bir ho\u015fg\u00f6r\u00fc ile yakla\u015f\u0131lmad\u0131. B\u00fcy\u00fck\u015fehir Belediyesi ile Belediye-\u0130\u015f Sendikas\u0131 aras\u0131nda yakla\u015f\u0131k 1080 i\u015f\u00e7iyi kapsayan toplu i\u015f s\u00f6zle\u015fmesi g\u00f6r\u00fc\u015fmelerinde uzla\u015fma sa\u011flanamamas\u0131 \u00fczerine, sendika yetkililerince grev karar\u0131 al\u0131nd\u0131. Mersin B\u00fcy\u00fck\u015fehir Belediyesi ile &hellip; <a href=\"https:\/\/akdenizolaygazetesi.com\/?p=8040\" class=\"more-link\">Devam\u0131n\u0131 Oku&#8230;<\/a><\/p>\n","protected":false},"author":1,"featured_media":0,"comment_status":"open","ping_status":"open","sticky":false,"template":"","format":"standard","meta":[],"categories":[],"tags":[],"_links":{"self":[{"href":"https:\/\/akdenizolaygazetesi.com\/index.php?rest_route=\/wp\/v2\/posts\/8040"}],"collection":[{"href":"https:\/\/akdenizolaygazetesi.com\/index.php?rest_route=\/wp\/v2\/posts"}],"about":[{"href":"https:\/\/akdenizolaygazetesi.com\/index.php?rest_route=\/wp\/v2\/types\/post"}],"author":[{"embeddable":true,"href":"https:\/\/akdenizolaygazetesi.com\/index.php?rest_route=\/wp\/v2\/users\/1"}],"replies":[{"embeddable":true,"href":"https:\/\/akdenizolaygazetesi.com\/index.php?rest_route=%2Fwp%2Fv2%2Fcomments&post=8040"}],"version-history":[{"count":0,"href":"https:\/\/akdenizolaygazetesi.com\/index.php?rest_route=\/wp\/v2\/posts\/8040\/revisions"}],"wp:attachment":[{"href":"https:\/\/akdenizolaygazetesi.com\/index.php?rest_route=%2Fwp%2Fv2%2Fmedia&parent=8040"}],"wp:term":[{"taxonomy":"category","embeddable":true,"href":"https:\/\/akdenizolaygazetesi.com\/index.php?rest_route=%2Fwp%2Fv2%2Fcategories&post=8040"},{"taxonomy":"post_tag","embeddable":true,"href":"https:\/\/akdenizolaygazetesi.com\/index.php?rest_route=%2Fwp%2Fv2%2Ftags&post=8040"}],"curies":[{"name":"wp","href":"https:\/\/api.w.org\/{rel}","templated":true}]}}