{"id":8041,"date":"2020-11-04T18:28:29","date_gmt":"2020-11-04T15:28:29","guid":{"rendered":"http:\/\/mersinekonomipolitikagazetesi.com\/?p=8041"},"modified":"2020-11-04T18:28:29","modified_gmt":"2020-11-04T15:28:29","slug":"babasini-sokak-ortasinda-bicaklayarak-oldurdu","status":"publish","type":"post","link":"https:\/\/akdenizolaygazetesi.com\/?p=8041","title":{"rendered":"Babas\u0131n\u0131 sokak ortas\u0131nda b\u0131\u00e7aklayarak \u00f6ld\u00fcrd\u00fc"},"content":{"rendered":"<p>Mersin\u2019in Tarsus il\u00e7esinde bir devlet kurumunda g\u00fcvenlik g\u00f6revlisi olarak \u00e7al\u0131\u015fan ki\u015fi, babas\u0131n\u0131 sokak ortas\u0131nda b\u0131\u00e7aklad\u0131. A\u011f\u0131r yaralanan baba, hastanede yap\u0131lan t\u00fcm m\u00fcdahalelere ra\u011fmen hayat\u0131n\u0131 kaybederken, olay an\u0131 g\u00fcvenlik kameras\u0131 taraf\u0131ndan g\u00f6r\u00fcnt\u00fclendi.\u00a0<br \/>\n\u00a0 Al\u0131nan bilgiye, olay, 24 A\u011fustos \u00f6\u011flen saatlerinde meydana geldi. \u0130l\u00e7eye ba\u011fl\u0131 Yenice Mahallesi, U\u011fur Mumcu Caddesi&#8217;nde ikamet eden Nevrez T\u00fcrkmen (63) ile o\u011flu Hayretin T\u00fcrkmen (33) aras\u0131nda g\u00fcnd\u00fcz saatlerinde hen\u00fcz bilinmeyen bir nedenden dolay\u0131 tart\u0131\u015fma \u00e7\u0131kt\u0131.\u00a0<br \/>\n\u00a0 Evde \u00e7\u0131kan tart\u0131\u015fma esnas\u0131nda iddiaya g\u00f6re Hayrettin T\u00fcrkmen, b\u0131\u00e7akla babas\u0131n\u0131 \u00e7e\u015fitli yerlerinden b\u0131\u00e7aklamaya ba\u015flad\u0131.\u00a0<br \/>\n\u00a0 Baba Nevrez T\u00fcrkmen, can havliyle caddeye do\u011fru ko\u015fmaya ba\u015flad\u0131. Hayrettin T\u00fcrkmen ise kanlar i\u00e7inde ko\u015fan babas\u0131n\u0131 takip ederek, cadde ortas\u0131nda da b\u0131\u00e7aklamaya ba\u015flad\u0131. Bu esnada \u00e7evrede bulunan vatanda\u015flar ve esnaf, Hayrettin T\u00fcrkmen\u2019i durdurmaya \u00e7al\u0131\u015f\u0131rken, baba Nevrez T\u00fcrkmen ise kanlar i\u00e7inde yere y\u0131\u011f\u0131ld\u0131.\u00a0<br \/>\n\u00a0 Olay yerinden ge\u00e7en jandarma ekiplerinin de m\u00fcdahalesi ile Hayrettin T\u00fcrkmen uzakla\u015ft\u0131r\u0131l\u0131p, daha sonra g\u00f6zalt\u0131na al\u0131nd\u0131.\u00a0<br \/>\n\u00a0 Olayda a\u011f\u0131r yaralanan Nevrez T\u00fcrkmen 2 g\u00fcn s\u00fcren ya\u015fam m\u00fccadelesini kaybetti. G\u00f6zalt\u0131na al\u0131nan Hayrettin T\u00fcrkmen ise tutuklanarak cezaevine g\u00f6nderildi.\u00a0<\/p>\n","protected":false},"excerpt":{"rendered":"<p>Mersin\u2019in Tarsus il\u00e7esinde bir devlet kurumunda g\u00fcvenlik g\u00f6revlisi olarak \u00e7al\u0131\u015fan ki\u015fi, babas\u0131n\u0131 sokak ortas\u0131nda b\u0131\u00e7aklad\u0131. A\u011f\u0131r yaralanan baba, hastanede yap\u0131lan t\u00fcm m\u00fcdahalelere ra\u011fmen hayat\u0131n\u0131 kaybederken, olay an\u0131 g\u00fcvenlik kameras\u0131 taraf\u0131ndan &hellip; <a href=\"https:\/\/akdenizolaygazetesi.com\/?p=8041\" class=\"more-link\">Devam\u0131n\u0131 Oku&#8230;<\/a><\/p>\n","protected":false},"author":1,"featured_media":0,"comment_status":"open","ping_status":"open","sticky":false,"template":"","format":"standard","meta":[],"categories":[],"tags":[],"_links":{"self":[{"href":"https:\/\/akdenizolaygazetesi.com\/index.php?rest_route=\/wp\/v2\/posts\/8041"}],"collection":[{"href":"https:\/\/akdenizolaygazetesi.com\/index.php?rest_route=\/wp\/v2\/posts"}],"about":[{"href":"https:\/\/akdenizolaygazetesi.com\/index.php?rest_route=\/wp\/v2\/types\/post"}],"author":[{"embeddable":true,"href":"https:\/\/akdenizolaygazetesi.com\/index.php?rest_route=\/wp\/v2\/users\/1"}],"replies":[{"embeddable":true,"href":"https:\/\/akdenizolaygazetesi.com\/index.php?rest_route=%2Fwp%2Fv2%2Fcomments&post=8041"}],"version-history":[{"count":0,"href":"https:\/\/akdenizolaygazetesi.com\/index.php?rest_route=\/wp\/v2\/posts\/8041\/revisions"}],"wp:attachment":[{"href":"https:\/\/akdenizolaygazetesi.com\/index.php?rest_route=%2Fwp%2Fv2%2Fmedia&parent=8041"}],"wp:term":[{"taxonomy":"category","embeddable":true,"href":"https:\/\/akdenizolaygazetesi.com\/index.php?rest_route=%2Fwp%2Fv2%2Fcategories&post=8041"},{"taxonomy":"post_tag","embeddable":true,"href":"https:\/\/akdenizolaygazetesi.com\/index.php?rest_route=%2Fwp%2Fv2%2Ftags&post=8041"}],"curies":[{"name":"wp","href":"https:\/\/api.w.org\/{rel}","templated":true}]}}