{"id":8042,"date":"2020-11-04T18:28:29","date_gmt":"2020-11-04T15:28:29","guid":{"rendered":"http:\/\/mersinekonomipolitikagazetesi.com\/?p=8042"},"modified":"2020-11-04T18:28:29","modified_gmt":"2020-11-04T15:28:29","slug":"hazir-giyim-ve-konfeksiyon-sektoru-abd-pazarina-yogunlasiyor","status":"publish","type":"post","link":"https:\/\/akdenizolaygazetesi.com\/?p=8042","title":{"rendered":"Haz\u0131r giyim ve konfeksiyon sekt\u00f6r\u00fc ABD pazar\u0131na yo\u011funla\u015f\u0131yor"},"content":{"rendered":"<p>Akdeniz Haz\u0131r Giyim ve Konfeksiyon \u0130hracat\u00e7\u0131lar\u0131 Birli\u011fi (AHK\u0130B) Ba\u015fkan\u0131 G\u00fcrkan Tekin, sekt\u00f6r\u00fcn hedef \u00fclkelerinden ABD\u2019ye vergisiz ve kotas\u0131z ihracat yapabilmek i\u00e7in Nitelikli Sanayi B\u00f6lgesi Anla\u015fmas\u0131\u2019n\u0131n (QIZ) hayata ge\u00e7irilmesi konusunda lobi \u00e7al\u0131\u015fmalar\u0131n\u0131n yo\u011funla\u015fmas\u0131 gerekti\u011fini belirtti.\u00a0\u00a0<br \/>\n\u00a0 ABD\u2019nin 1996 y\u0131l\u0131ndan beri \u0130srail, M\u0131s\u0131r ve \u00dcrd\u00fcn\u2019le bu \u00e7er\u00e7evede d\u0131\u015f ticaretini geli\u015ftirdi\u011fini kaydeden Ba\u015fkan G\u00fcrkan Tekin, \u201cHam madde, kuma\u015f veya aksesuar\u0131n y\u00fczde 10\u2019u M\u0131s\u0131r, \u00dcrd\u00fcn ve \u0130srail men\u015feli oldu\u011funda ABD\u2019ye s\u0131f\u0131r vergi ile ihracat yapabiliyor. Bunu T\u00fcrkiye olarak bizler neden ger\u00e7ekle\u015ftirmeyelim?\u201d dedi.\u00a0 \u00a0<br \/>\n\u00a0<br \/>\n\u00a0 &#8220;ABD\u2019de ihracat \u00e7\u0131tas\u0131n\u0131 y\u00fckseltiyoruz&#8221;\u00a0<br \/>\n\u00a0 Ge\u00e7en y\u0131l ABD\u2019ye 647,3 milyon dolar ihracat ger\u00e7ekle\u015ftiren T\u00fcrk haz\u0131r giyim ve konfeksiyon sekt\u00f6r\u00fcn\u00fcn bu \u00fclkeye 2020\u2019nin ilk 7 ay\u0131nda y\u00fczde 17,64 art\u0131\u015fla 435,3 milyon dolarl\u0131k d\u0131\u015f sat\u0131m yapt\u0131\u011f\u0131n\u0131 ifade eden AHK\u0130B Ba\u015fkan\u0131 G\u00fcrkan Tekin, \u201cPazar \u00e7e\u015fitlili\u011fini art\u0131rmaya y\u00f6nelik y\u00fcr\u00fctt\u00fc\u011f\u00fcm\u00fcz \u00e7al\u0131\u015fmalarda ABD en \u00f6n s\u0131rada geliyor. Bilindi\u011fi \u00fczere T\u00fcrkiye ile ABD aras\u0131ndaki ticaret hacminin 100 milyar dolara \u00e7\u0131kart\u0131lmas\u0131 hedefi var. ABD, medikal giysiler, maske, tulum ve \u00f6nl\u00fck gibi \u00fcr\u00fcnlerde ithalat vergisini s\u0131f\u0131r uyguluyor. Di\u011fer giysilerde ithalat vergi oran\u0131 y\u00fczde 29\u2019lar d\u00fczeyinde al\u0131n\u0131yor. ABD\u2019ye g\u00fcmr\u00fcks\u00fcz mal satabilmek bizim i\u00e7in \u00e7ok \u00f6nemli. Bunun i\u00e7in ABD, M\u0131s\u0131r ve \u0130srail aras\u0131ndaki Nitelikli Sanayi B\u00f6lgesi Anla\u015fmas\u0131 gibi bir sistemin T\u00fcrkiye\u2019de de uygulanabilirli\u011finin ara\u015ft\u0131r\u0131lmas\u0131nda fayda var\u201d diye konu\u015ftu.\u00a0<br \/>\n\u00a0<br \/>\n\u00a0 &#8220;Chicago\u2019da T\u00fcrkiye Ticaret Merkezi\u2019nin a\u00e7\u0131lacak olmas\u0131 \u00f6nemli ad\u0131m&#8221;\u00a0<br \/>\n\u00a0 Ba\u015fkan Tekin, T\u00fcrkiye\u2019nin ABD\u2019ye ihracat\u0131n\u0131 art\u0131rmaya y\u00f6nelik \u00e7al\u0131\u015fmalar kapsam\u0131nda Chicago kentinde faaliyete ge\u00e7irilmesi planlanan T\u00fcrkiye Ticaret Merkezi\u2019nin de b\u00fcy\u00fck f\u0131rsatlar sunaca\u011f\u0131n\u0131 kaydetti. T\u00fcrkiye\u2019nin ge\u00e7en y\u0131l ABD\u2019ye y\u00f6nelik genel ihracat\u0131n\u0131n 7,9 milyar dolar d\u00fczeyinde ger\u00e7ekle\u015fti\u011fini, 2020 y\u0131l\u0131n\u0131n ilk 7 ay\u0131nda ise 4,6 milyar dolarl\u0131k d\u0131\u015f sat\u0131ma ula\u015f\u0131ld\u0131\u011f\u0131n\u0131 ifade eden Ba\u015fkan Tekin, \u015fu de\u011ferlendirmeyi yapt\u0131:\u00a0<br \/>\n\u00a0 \u201cTicaret Bakanl\u0131\u011f\u0131\u2019n\u0131n deste\u011fiyle T\u00fcrkiye Odalar Birli\u011fi\u2019nin i\u015fbirli\u011finde projelendirilen T\u00fcrkiye Ticaret Merkezi i\u00e7inde haz\u0131r giyim ve konfeksiyonun da bulundu\u011fu 13 sekt\u00f6re hizmet verecek. Merkez, T\u00fcrk firmalar\u0131n ABD\u2019de \u015firket kurmas\u0131, dan\u0131\u015fmanl\u0131k, ortak giri\u015fim olu\u015fturma ve toplumsal tan\u0131t\u0131m konular\u0131nda faaliyetler y\u00fcr\u00fctecek. ABD\u2019nin imalat \u00fcss\u00fc olarak bilinen Illinois eyaletinin en geli\u015fmi\u015f kenti olan Chicago\u2019da kurulan T\u00fcrkiye Ticaret Merkezi, d\u00fcnyan\u0131n en yo\u011fun \u00fc\u00e7\u00fcnc\u00fc hava kargo ta\u015f\u0131mac\u0131l\u0131\u011f\u0131n\u0131n yap\u0131ld\u0131\u011f\u0131 O\u2019hare Havaliman\u0131 yak\u0131n\u0131nda konumland\u0131r\u0131lm\u0131\u015f durumda. ABD\u2019nin T\u00fcrkiye\u2019den en \u00e7ok ithal etti\u011fi \u00fcr\u00fcnlerin ilk kez tek \u00e7at\u0131 alt\u0131nda sunulmas\u0131n\u0131 sa\u011flayacak bu merkezden haz\u0131r giyim ve konfeksiyon ihracat\u00e7\u0131lar\u0131 olarak bizler de maksimum d\u00fczeyde faydalanmaya \u00e7al\u0131\u015faca\u011f\u0131z.\u201d\u00a0<br \/>\n\u00a0<br \/>\n\u00a0 \u2018AHK\u0130B temmuz ay\u0131 ihracat\u0131nda y\u00fczde 94 art\u0131\u015f yakalad\u0131\u2019\u00a0<br \/>\n\u00a0 T\u00fcrkiye\u2019nin temmuz ay\u0131nda ger\u00e7ekle\u015ftirdi\u011fi haz\u0131r giyim ve konfeksiyon ihracat\u0131n\u0131 da de\u011ferlendiren Ba\u015fkan Tekin, \u201c150\u2019den fazla \u00fclke ve b\u00f6lgeye ihracat ger\u00e7ekle\u015ftiren sekt\u00f6r\u00fcm\u00fcz, otomotiv end\u00fcstrisinin ard\u0131ndan T\u00fcrkiye\u2019nin ihracat\u0131na en fazla katk\u0131y\u0131 veren sekt\u00f6r oldu. \u00dclkemiz temmuz ay\u0131nda ge\u00e7en y\u0131l\u0131n ayn\u0131 d\u00f6nemine k\u0131yasla y\u00fczde 8,44 art\u0131\u015fla 1,81 milyar dolarl\u0131k haz\u0131r giyim ve konfeksiyon ihracat\u0131 ger\u00e7ekle\u015ftirdi\u201d dedi.\u00a0<br \/>\n\u00a0 Tekin, ayn\u0131 d\u00f6nemde AHK\u0130B\u2019in y\u00fczde 94 oran\u0131nda rekor bir art\u0131\u015fa imza atarak 58,8 milyon dolarl\u0131k d\u0131\u015f sat\u0131mla sekt\u00f6r ihracat\u0131ndan y\u00fczde 7 pay ald\u0131\u011f\u0131n\u0131 a\u00e7\u0131klad\u0131.\u00a0<br \/>\n\u00a0<br \/>\n\u00a0 &#8220;Hollanda, Almanya ve \u0130spanya ana pazarlar\u0131m\u0131z&#8221;\u00a0<br \/>\n\u00a0 D\u00fcnya moda devlerinin T\u00fcrkiye\u2019den yapt\u0131klar\u0131 al\u0131mlar\u0131 her ge\u00e7en g\u00fcn art\u0131rd\u0131\u011f\u0131na dikkat \u00e7eken Ba\u015fkan Tekin, \u201cAHK\u0130B olarak temmuz ay\u0131nda en fazla ihracat yapt\u0131\u011f\u0131m\u0131z \u00fclkelerin ba\u015f\u0131nda Hollanda yer ald\u0131. Ge\u00e7en y\u0131l\u0131n ayn\u0131 d\u00f6nemine g\u00f6re y\u00fczde 2 bin 543 oran\u0131nda art\u0131\u015f sa\u011flad\u0131\u011f\u0131m\u0131z Hollanda\u2019ya 21,4 milyon dolar ihracat ger\u00e7ekle\u015ftirdik. Y\u00fczde 300 art\u0131\u015f ve 15,2 milyon dolar de\u011fer ile Almanya ikinci, 8,9 milyon dolar de\u011fer ile \u0130spanya \u00fc\u00e7\u00fcnc\u00fc oldu. Bu \u00fc\u00e7 \u00fclkenin temmuz ay\u0131 ihracat\u0131m\u0131zdaki toplam pay\u0131 y\u00fczde 78 oldu\u201d dedi.\u00a0<br \/>\n\u00a0<br \/>\n\u00a0 &#8220;En fazla konfeksiyon ve d\u0131\u015f giyim ihra\u00e7 ettik&#8221;\u00a0<br \/>\n\u00a0 AHK\u0130B\u2019in temmuz ay\u0131ndaki ihracat performans\u0131n\u0131 \u00fcr\u00fcn gruplar\u0131na g\u00f6re ele alan Ba\u015fkan Tekin, koruyucu sa\u011fl\u0131k \u00fcr\u00fcnlerinin ihracat\u0131n\u0131n her ge\u00e7en artt\u0131\u011f\u0131n\u0131 belirterek \u015funlar\u0131 s\u00f6yledi:\u00a0<br \/>\n\u00a0 \u201cBirli\u011fimiz en fazla konfeksiyon, bayan d\u0131\u015f giyim ve bay d\u0131\u015f giyim ihra\u00e7 etti. Konfeksiyon ihracat\u0131m\u0131z y\u00fczde 100 art\u0131\u015fla ve 24 milyon dolar de\u011fer ile birinci, bayan d\u0131\u015f giyim 28 art\u0131\u015f ve 17,6 milyon dolar de\u011fer ile ikinci, bay d\u0131\u015f giyim y\u00fczde 25 art\u0131\u015f ve 7,9 milyon dolar de\u011fer ile \u00fc\u00e7\u00fcnc\u00fc s\u0131rada yer ald\u0131. En fazla ihracat art\u0131\u015f\u0131 sa\u011flad\u0131\u011f\u0131m\u0131z \u00fcr\u00fcn gruplar\u0131 spor ve y\u00fczme k\u0131yafetleri, y\u00fcnl\u00fc ev tekstili, y\u00fcnl\u00fc yatak k\u0131yafetleri oldu.\u201d\u00a0<\/p>\n","protected":false},"excerpt":{"rendered":"<p>Akdeniz Haz\u0131r Giyim ve Konfeksiyon \u0130hracat\u00e7\u0131lar\u0131 Birli\u011fi (AHK\u0130B) Ba\u015fkan\u0131 G\u00fcrkan Tekin, sekt\u00f6r\u00fcn hedef \u00fclkelerinden ABD\u2019ye vergisiz ve kotas\u0131z ihracat yapabilmek i\u00e7in Nitelikli Sanayi B\u00f6lgesi Anla\u015fmas\u0131\u2019n\u0131n (QIZ) hayata ge\u00e7irilmesi konusunda lobi &hellip; <a href=\"https:\/\/akdenizolaygazetesi.com\/?p=8042\" class=\"more-link\">Devam\u0131n\u0131 Oku&#8230;<\/a><\/p>\n","protected":false},"author":1,"featured_media":0,"comment_status":"open","ping_status":"open","sticky":false,"template":"","format":"standard","meta":[],"categories":[],"tags":[],"_links":{"self":[{"href":"https:\/\/akdenizolaygazetesi.com\/index.php?rest_route=\/wp\/v2\/posts\/8042"}],"collection":[{"href":"https:\/\/akdenizolaygazetesi.com\/index.php?rest_route=\/wp\/v2\/posts"}],"about":[{"href":"https:\/\/akdenizolaygazetesi.com\/index.php?rest_route=\/wp\/v2\/types\/post"}],"author":[{"embeddable":true,"href":"https:\/\/akdenizolaygazetesi.com\/index.php?rest_route=\/wp\/v2\/users\/1"}],"replies":[{"embeddable":true,"href":"https:\/\/akdenizolaygazetesi.com\/index.php?rest_route=%2Fwp%2Fv2%2Fcomments&post=8042"}],"version-history":[{"count":0,"href":"https:\/\/akdenizolaygazetesi.com\/index.php?rest_route=\/wp\/v2\/posts\/8042\/revisions"}],"wp:attachment":[{"href":"https:\/\/akdenizolaygazetesi.com\/index.php?rest_route=%2Fwp%2Fv2%2Fmedia&parent=8042"}],"wp:term":[{"taxonomy":"category","embeddable":true,"href":"https:\/\/akdenizolaygazetesi.com\/index.php?rest_route=%2Fwp%2Fv2%2Fcategories&post=8042"},{"taxonomy":"post_tag","embeddable":true,"href":"https:\/\/akdenizolaygazetesi.com\/index.php?rest_route=%2Fwp%2Fv2%2Ftags&post=8042"}],"curies":[{"name":"wp","href":"https:\/\/api.w.org\/{rel}","templated":true}]}}