{"id":8044,"date":"2020-11-04T18:28:29","date_gmt":"2020-11-04T15:28:29","guid":{"rendered":"http:\/\/mersinekonomipolitikagazetesi.com\/?p=8044"},"modified":"2020-11-04T18:28:29","modified_gmt":"2020-11-04T15:28:29","slug":"genc-yasta-butun-rekorlari-kirdilar","status":"publish","type":"post","link":"https:\/\/akdenizolaygazetesi.com\/?p=8044","title":{"rendered":"Gen\u00e7 ya\u015fta b\u00fct\u00fcn rekorlar\u0131 k\u0131rd\u0131lar"},"content":{"rendered":"<p>S\u0131r\u0131kla atlamada b\u00fcy\u00fckler d\u0131\u015f\u0131nda b\u00fct\u00fcn T\u00fcrkiye rekorlar\u0131na sahip olan milli sporcular Mesure Tutku Y\u0131lmaz ile Ersu \u015ea\u015fma, yeni rekorlar pe\u015finde. B\u00fcy\u00fckler rekorunu da k\u0131rmak isteyen milli sporcular, olimpiyatlarda da madalya pe\u015finde.\u00a0\u00a0<br \/>\n\u00a0 S\u0131r\u0131kla atlamaya ba\u015flad\u0131klar\u0131 g\u00fcnden beri T\u00fcrkiye&#8217;de bulunduklar\u0131 her kategoride rekor k\u0131ran ve halen k\u0131rd\u0131klar\u0131 rekorlar\u0131n sahibi olan Mesure Tutku Y\u0131lmaz ile Ersu \u015ea\u015fma, b\u00fcy\u00fcklerde de rekoru k\u0131r\u0131p, t\u00fcm kategorilerde rekorlar\u0131n sahibi olmak istiyor. Mersin&#8217;de Nevin Yan\u0131t Atletizm Kompleksi\u2019nde g\u00fcnde \u00e7ift idman yaparak Tokyo Olimpiyatlar\u0131&#8217;na haz\u0131rlanan rekortmen sporcular, T\u00fcrkiye&#8217;de de \u015fampiyonalara kat\u0131lmaya devam ediyor. Hedeflerini olimpiyatlarda madalya olarak belirleyen Y\u0131lmaz ve \u015ea\u015fma, \u00f6n\u00fcm\u00fczdeki y\u0131llarda da yeni rekorlar k\u0131rmak istiyor.\u00a0<br \/>\n\u00a0<br \/>\n\u00a0 \u015ea\u015fma: &#8220;Bir tek b\u00fcy\u00fckler rekoru kald\u0131&#8221;\u00a0<br \/>\n\u00a0 \u00c7al\u0131\u015fmalar\u0131yla ilgili \u0130hlas Haber Ajans\u0131&#8217;na konu\u015fan Ersu \u015ea\u015fma, 6 y\u0131ld\u0131r bu sporu yapt\u0131\u011f\u0131n\u0131 s\u00f6yledi. 2014 y\u0131l\u0131nda beden e\u011fitimi \u00f6\u011fretmeni taraf\u0131ndan fark edildi\u011fini kaydeden \u015ea\u015fma, &#8220;Bug\u00fcne kadar \u00e7ok say\u0131da T\u00fcrkiye \u015fampiyonlu\u011fum oldu. U-20, U-23 a\u00e7\u0131k, salon T\u00fcrkiye rekorlar\u0131n\u0131n hepsi bende. Bir tek b\u00fcy\u00fckler rekoru kald\u0131. Avrupa kul\u00fcplerde birincili\u011fim, Avrupa&#8217;da milli tak\u0131mda 3.&#8217;l\u00fc\u011f\u00fcm, liseleraras\u0131 d\u00fcnya \u015fampiyonlu\u011fum var. Son olarak ge\u00e7en hafta U-23 rekoru 5.50 idi, 5.51 yapt\u0131m. Zaten bu rekor bendeydi. \u00d6n\u00fcm\u00fczdeki y\u0131l olimpiyatlar var. Bunun d\u0131\u015f\u0131nda bir\u00e7ok yar\u0131\u015f var. Ancak ilk olarak olimpiyat baraj\u0131n\u0131 ge\u00e7mek, ondan sonra madalyaya gitmek istiyorum. Bir tek b\u00fcy\u00fckler rekoru kald\u0131. Onu da zaten olimpiyat baraj\u0131n\u0131 atlad\u0131\u011f\u0131mda direk b\u00fcy\u00fckler rekorunu da k\u0131rm\u0131\u015f olaca\u011f\u0131m. Ben bunu ba\u015faraca\u011f\u0131ma inan\u0131yorum. \u00c7ok iyi \u00e7al\u0131\u015f\u0131yoruz, haz\u0131rlan\u0131yoruz. Bunu yapaca\u011f\u0131m\u0131z\u0131 d\u00fc\u015f\u00fcn\u00fcyorum&#8221; dedi.\u00a0<br \/>\n\u00a0<br \/>\n\u00a0 Y\u0131lmaz: &#8220;En b\u00fcy\u00fck hedef olimpiyatlar&#8221;\u00a0<br \/>\n\u00a0 Mesure Tutku Y\u0131lmaz ise spora 7 ya\u015f\u0131nda cimnastikle ba\u015flad\u0131\u011f\u0131n\u0131 dile getirdi. 4 y\u0131l bu sporla ilgilendi\u011fini s\u00f6zlerine ekleyen Y\u0131lmaz, &#8220;Bu arada antren\u00f6r\u00fcm\u00fcz \u0130brahim Halil \u00c7\u00f6mlek\u00e7i beni fark etti. Bana; &#8216;gel s\u0131r\u0131kla atlama yap&#8217; dedi. Bu sayede s\u0131r\u0131kla atlamaya ba\u015flad\u0131m ve \u00e7ok sevdim. 10 y\u0131ld\u0131r da s\u0131r\u0131kla atl\u0131yorum. \u015eu anda U-18, U-20, U-23 rekorlar\u0131n\u0131n sahibiyim. Bir tek b\u00fcy\u00fckler rekoru kald\u0131, 4.40 rekor. Ben bunu y\u00fckseltmek istiyorum. \u015eu anda en b\u00fcy\u00fck hedefim tabii olimpiyatlar. Olimpiyatlara haz\u0131rlan\u0131yorum. Orada \u00fclkemi en iyi \u015fekilde temsil etmek istiyorum. Bir \u015feyi ba\u015farmak i\u00e7in kendine \u00e7ok fazla inanman gerekiyor. Ben kendime inan\u0131yorum ve yapabilece\u011fimi d\u00fc\u015f\u00fcn\u00fcyorum. E\u011fer herkes yap\u0131yorsa, ben de yapabilirim. O y\u00fczden rekoru k\u0131rmay\u0131 bekliyorum&#8221; diye konu\u015ftu.\u00a0\u00a0<br \/>\n\u00a0\u00a0<br \/>\n\u00a0 \u00c7\u00f6mlek\u00e7i: &#8220;Her 2 sporcunun da b\u00fcy\u00fckler rekoru k\u0131raca\u011f\u0131na inan\u0131yorum&#8221;\u00a0<br \/>\n\u00a0 \u0130brahim Halil \u00c7\u00f6mlek\u00e7i de her 2 sporcunun ba\u015far\u0131l\u0131 bir \u015fekilde \u00e7al\u0131\u015fmalar\u0131n\u0131 s\u00fcrd\u00fcrd\u00fc\u011f\u00fcn\u00fc belirtti. \u015eu anda b\u00fcy\u00fckler hari\u00e7 b\u00fct\u00fcn rekorlar\u0131n sporcular\u0131nda oldu\u011funu vurgulayan \u00c7\u00f6mlek\u00e7i, &#8220;\u015eimdi art\u0131k b\u00fcy\u00fckler rekorunu k\u0131rmay\u0131 hedefliyoruz. Her 2 sporcunun da b\u00fcy\u00fckler rekoru k\u0131raca\u011f\u0131na inan\u0131yorum. Zaten o hedefi de yapt\u0131ktan sonra olimpiyatlar\u0131n kap\u0131s\u0131 bize a\u00e7\u0131l\u0131yor. Bizim ilk hedefimiz de bu zaten. Olimpiyat baraj\u0131n\u0131 ge\u00e7ip, oraya gitmek. Yani hedef 2021 olimpiyatlar\u0131na kat\u0131lmak, 2024\u2019te de madalya kazanmak. Ben onlara inan\u0131yorum. Onlar istedikleri zaman her t\u00fcrl\u00fc rekoru k\u0131rarlar ve madalya kazan\u0131rlar&#8221; ifadelerini kulland\u0131.\u00a0<\/p>\n","protected":false},"excerpt":{"rendered":"<p>S\u0131r\u0131kla atlamada b\u00fcy\u00fckler d\u0131\u015f\u0131nda b\u00fct\u00fcn T\u00fcrkiye rekorlar\u0131na sahip olan milli sporcular Mesure Tutku Y\u0131lmaz ile Ersu \u015ea\u015fma, yeni rekorlar pe\u015finde. B\u00fcy\u00fckler rekorunu da k\u0131rmak isteyen milli sporcular, olimpiyatlarda da madalya &hellip; <a href=\"https:\/\/akdenizolaygazetesi.com\/?p=8044\" class=\"more-link\">Devam\u0131n\u0131 Oku&#8230;<\/a><\/p>\n","protected":false},"author":1,"featured_media":0,"comment_status":"open","ping_status":"open","sticky":false,"template":"","format":"standard","meta":[],"categories":[],"tags":[],"_links":{"self":[{"href":"https:\/\/akdenizolaygazetesi.com\/index.php?rest_route=\/wp\/v2\/posts\/8044"}],"collection":[{"href":"https:\/\/akdenizolaygazetesi.com\/index.php?rest_route=\/wp\/v2\/posts"}],"about":[{"href":"https:\/\/akdenizolaygazetesi.com\/index.php?rest_route=\/wp\/v2\/types\/post"}],"author":[{"embeddable":true,"href":"https:\/\/akdenizolaygazetesi.com\/index.php?rest_route=\/wp\/v2\/users\/1"}],"replies":[{"embeddable":true,"href":"https:\/\/akdenizolaygazetesi.com\/index.php?rest_route=%2Fwp%2Fv2%2Fcomments&post=8044"}],"version-history":[{"count":0,"href":"https:\/\/akdenizolaygazetesi.com\/index.php?rest_route=\/wp\/v2\/posts\/8044\/revisions"}],"wp:attachment":[{"href":"https:\/\/akdenizolaygazetesi.com\/index.php?rest_route=%2Fwp%2Fv2%2Fmedia&parent=8044"}],"wp:term":[{"taxonomy":"category","embeddable":true,"href":"https:\/\/akdenizolaygazetesi.com\/index.php?rest_route=%2Fwp%2Fv2%2Fcategories&post=8044"},{"taxonomy":"post_tag","embeddable":true,"href":"https:\/\/akdenizolaygazetesi.com\/index.php?rest_route=%2Fwp%2Fv2%2Ftags&post=8044"}],"curies":[{"name":"wp","href":"https:\/\/api.w.org\/{rel}","templated":true}]}}