{"id":8045,"date":"2020-11-04T18:28:31","date_gmt":"2020-11-04T15:28:31","guid":{"rendered":"http:\/\/mersinekonomipolitikagazetesi.com\/?p=8045"},"modified":"2020-11-04T18:28:31","modified_gmt":"2020-11-04T15:28:31","slug":"zafer-carsisinda-duzenli-dezenfeksiyon-calismasi-yapiliyor","status":"publish","type":"post","link":"https:\/\/akdenizolaygazetesi.com\/?p=8045","title":{"rendered":"Zafer \u00c7ar\u015f\u0131s\u0131nda d\u00fczenli dezenfeksiyon \u00e7al\u0131\u015fmas\u0131 yap\u0131l\u0131yor"},"content":{"rendered":"<p>Mersin B\u00fcy\u00fck\u015fehir Belediyesi \u00c7evre Koruma ve Kontrol Daire Ba\u015fkanl\u0131\u011f\u0131\u2019na ba\u011fl\u0131 ekipler, korona vir\u00fcs riskine kar\u015f\u0131 yo\u011fun temizlik ve dezenfeksiyon \u00e7al\u0131\u015fmalar\u0131n\u0131 s\u00fcrd\u00fcr\u00fcyor.\u00a0\u00a0<br \/>\n\u00a0 B\u00fcy\u00fck\u015fehir Belediyesi\u2019nin ila\u00e7lama ekibi, her g\u00fcn y\u00fczlerce insan\u0131n al\u0131\u015fveri\u015f yapmak veya gezmek amac\u0131yla ziyaret etti\u011fi \u201cbit pazar\u0131\u201d olarak bilinen \u00c7ankaya Mahallesi\u2019nde bulunan tarihi Zafer \u00c7ar\u015f\u0131s\u0131\u2019nda kapsaml\u0131 bir dezenfeksiyon \u00e7al\u0131\u015fmas\u0131 ger\u00e7ekle\u015ftirdi.\u00a0\u00a0<br \/>\n\u00a0 Salg\u0131n riskine kar\u015f\u0131 ald\u0131\u011f\u0131 \u00f6nlemler kapsam\u0131nda \u00e7al\u0131\u015fmalar\u0131na devam eden B\u00fcy\u00fck\u015fehir ekipleri, \u00f6zellikle insan sirk\u00fclasyonunun yo\u011fun oldu\u011fu yerlerde 7\/24 temizlik mesaisini s\u00fcrd\u00fcr\u00fcyor. Mersin\u2019in en eski \u00e7ar\u015f\u0131lar\u0131ndan tarihi Zafer \u00c7ar\u015f\u0131s\u0131\u2019nda 35 y\u0131ld\u0131r ayakkab\u0131 tamircisi olarak hizmet veren Ayhan Ku\u015f, \u201c\u00c7al\u0131\u015fmalar\u0131ndan dolay\u0131 B\u00fcy\u00fck\u015fehir Belediyesi\u2019ne te\u015fekk\u00fcr ediyoruz. Buras\u0131 kapal\u0131 bir mekan oldu\u011fu i\u00e7in \u00e7ok insan girip \u00e7\u0131k\u0131yor. O y\u00fczden B\u00fcy\u00fck\u015fehir Belediyesi bu \u00e7al\u0131\u015fmay\u0131 uygun g\u00f6rd\u00fc. Zafer \u00c7ar\u015f\u0131m\u0131z dezenfekte edildi, d\u0131\u015far\u0131daki d\u00fckkanlar\u0131 da yap\u0131yorlar, memnunuz\u201d dedi.\u00a0<br \/>\n\u00a0 55 senedir kundurac\u0131l\u0131k yapan Hac\u0131 Ali Tutu\u015f ise \u201cMersin B\u00fcy\u00fck\u015fehir Belediyesi olarak \u00e7ar\u015f\u0131m\u0131za yapt\u0131klar\u0131 ila\u00e7lamadan dolay\u0131 Vahap Ba\u015fkan\u2019a \u00e7ok te\u015fekk\u00fcr ederiz\u201d diye konu\u015ftu.\u00a0<\/p>\n","protected":false},"excerpt":{"rendered":"<p>Mersin B\u00fcy\u00fck\u015fehir Belediyesi \u00c7evre Koruma ve Kontrol Daire Ba\u015fkanl\u0131\u011f\u0131\u2019na ba\u011fl\u0131 ekipler, korona vir\u00fcs riskine kar\u015f\u0131 yo\u011fun temizlik ve dezenfeksiyon \u00e7al\u0131\u015fmalar\u0131n\u0131 s\u00fcrd\u00fcr\u00fcyor.\u00a0\u00a0 \u00a0 B\u00fcy\u00fck\u015fehir Belediyesi\u2019nin ila\u00e7lama ekibi, her g\u00fcn y\u00fczlerce insan\u0131n &hellip; <a href=\"https:\/\/akdenizolaygazetesi.com\/?p=8045\" class=\"more-link\">Devam\u0131n\u0131 Oku&#8230;<\/a><\/p>\n","protected":false},"author":1,"featured_media":0,"comment_status":"open","ping_status":"open","sticky":false,"template":"","format":"standard","meta":[],"categories":[],"tags":[],"_links":{"self":[{"href":"https:\/\/akdenizolaygazetesi.com\/index.php?rest_route=\/wp\/v2\/posts\/8045"}],"collection":[{"href":"https:\/\/akdenizolaygazetesi.com\/index.php?rest_route=\/wp\/v2\/posts"}],"about":[{"href":"https:\/\/akdenizolaygazetesi.com\/index.php?rest_route=\/wp\/v2\/types\/post"}],"author":[{"embeddable":true,"href":"https:\/\/akdenizolaygazetesi.com\/index.php?rest_route=\/wp\/v2\/users\/1"}],"replies":[{"embeddable":true,"href":"https:\/\/akdenizolaygazetesi.com\/index.php?rest_route=%2Fwp%2Fv2%2Fcomments&post=8045"}],"version-history":[{"count":0,"href":"https:\/\/akdenizolaygazetesi.com\/index.php?rest_route=\/wp\/v2\/posts\/8045\/revisions"}],"wp:attachment":[{"href":"https:\/\/akdenizolaygazetesi.com\/index.php?rest_route=%2Fwp%2Fv2%2Fmedia&parent=8045"}],"wp:term":[{"taxonomy":"category","embeddable":true,"href":"https:\/\/akdenizolaygazetesi.com\/index.php?rest_route=%2Fwp%2Fv2%2Fcategories&post=8045"},{"taxonomy":"post_tag","embeddable":true,"href":"https:\/\/akdenizolaygazetesi.com\/index.php?rest_route=%2Fwp%2Fv2%2Ftags&post=8045"}],"curies":[{"name":"wp","href":"https:\/\/api.w.org\/{rel}","templated":true}]}}