{"id":8049,"date":"2020-11-04T18:28:31","date_gmt":"2020-11-04T15:28:31","guid":{"rendered":"http:\/\/mersinekonomipolitikagazetesi.com\/?p=8049"},"modified":"2020-11-04T18:28:31","modified_gmt":"2020-11-04T15:28:31","slug":"vali-su-heyelan-bolgesinde-incelemelerde-bulundu","status":"publish","type":"post","link":"https:\/\/akdenizolaygazetesi.com\/?p=8049","title":{"rendered":"Vali Su, heyelan b\u00f6lgesinde incelemelerde bulundu"},"content":{"rendered":"<p>Mersin Valisi Ali \u0130hsan Su, Silifke-Mut Karayolu 12. kilometresinde meydana gelen heyelan b\u00f6lgesinde incelemelerde bulundu.\u00a0 \u00a0<br \/>\n\u00a0 Vali Su, 8 A\u011fustos Cumartesi g\u00fcn\u00fc gece saatlerinde Akdeniz ve \u0130\u00e7 Anadolu&#8217;yu birbirine ba\u011flayan Mersin-Silifke-Mut Karayolu 12. kilometresi Keben mevkinde meydana gelen heyelan b\u00f6lgesinde incelemelerde bulunarak yetkililerden bilgi ald\u0131. \u0130ncelemeleri s\u0131ras\u0131nda Vali Su\u2019ya, Karayollar\u0131 5. B\u00f6lge M\u00fcd\u00fcr\u00fc Mehmet Fidan\u2019\u0131n yan\u0131 s\u0131ra il ve il\u00e7e protokol \u00fcyeleri de e\u015flik etti.\u00a0<br \/>\n\u00a0 B\u00f6lgede ger\u00e7ekle\u015ftirdi\u011fi incelemelerin ard\u0131ndan Keben K\u00f6y\u00fc De\u011firmendere Mahallesi\u2019ne ge\u00e7erek burada vatanda\u015flarla bir araya gelen Vali Su, heyelan b\u00f6lgesinde y\u00fcr\u00fct\u00fclen \u00e7al\u0131\u015fmalar hakk\u0131nda bilgi verdi. Heyelan nedeniyle can kayb\u0131n\u0131n ya da herhangi bir yaralanman\u0131n ya\u015fanmamas\u0131n\u0131n sevindirici oldu\u011funu dile getiren Su, TBMM Plan ve B\u00fct\u00e7e Komisyon Ba\u015fkan\u0131 eski Kalk\u0131nma Bakan\u0131 L\u00fctf\u00fc Elvan\u0131n da konu ile yak\u0131ndan ilgilendi\u011fini ifade ederek, kapanan ve tehlike olu\u015fturan yolda gerekli \u00f6nlemlerin al\u0131nd\u0131\u011f\u0131n\u0131, ula\u015f\u0131ma kapanan yolun bir an \u00f6nce a\u00e7\u0131lmas\u0131 i\u00e7in Karayollar\u0131 B\u00f6lge M\u00fcd\u00fcrl\u00fc\u011f\u00fc ekiplerinin \u00e7al\u0131\u015fmalara ba\u015flad\u0131\u011f\u0131n\u0131, bu s\u00fcre i\u00e7erisinde vatanda\u015flar\u0131n ma\u011fdur olmamalar\u0131 i\u00e7in ula\u015f\u0131m\u0131n alternatif yollar \u00fczerinden sa\u011fland\u0131\u011f\u0131n\u0131 dile getirdi.\u00a0<br \/>\n\u00a0 B\u00f6lgedeki temaslar\u0131n\u0131 Karg\u0131cak ve Evkaf mahalleleri ziyareti ile devam ettiren Vali Su, burada da vatanda\u015flarla bir araya gelerek heyelan b\u00f6lgesinde y\u00fcr\u00fct\u00fclen \u00e7al\u0131\u015fmalar hakk\u0131nda bilgi verdi. Son derece s\u0131cak bir atmosferde ger\u00e7ekle\u015fen ziyarette Vali Su, vatanda\u015flarla sohbet ederek sorun ve taleplerini dinledi.\u00a0<br \/>\n\u00a0 Vali Ali \u0130hsan Su\u2019nun bir sonraki dura\u011f\u0131 Silifke il\u00e7esi Ta\u015fucu beldesinde bulunan SEKA Liman \u0130\u015fletmesi oldu. KKTC&#8217;ye i\u00e7me suyu sevkinin sa\u011fland\u0131\u011f\u0131 borular\u0131n yap\u0131ld\u0131\u011f\u0131 at\u00f6lyeyi gezerek incelemelerde bulunan Vali Su, burada y\u00fcr\u00fct\u00fclen faaliyetler hakk\u0131nda yetkililerden bilgi alarak b\u00f6lgeden ayr\u0131ld\u0131.\u00a0<\/p>\n","protected":false},"excerpt":{"rendered":"<p>Mersin Valisi Ali \u0130hsan Su, Silifke-Mut Karayolu 12. kilometresinde meydana gelen heyelan b\u00f6lgesinde incelemelerde bulundu.\u00a0 \u00a0 \u00a0 Vali Su, 8 A\u011fustos Cumartesi g\u00fcn\u00fc gece saatlerinde Akdeniz ve \u0130\u00e7 Anadolu&#8217;yu birbirine &hellip; <a href=\"https:\/\/akdenizolaygazetesi.com\/?p=8049\" class=\"more-link\">Devam\u0131n\u0131 Oku&#8230;<\/a><\/p>\n","protected":false},"author":1,"featured_media":0,"comment_status":"open","ping_status":"open","sticky":false,"template":"","format":"standard","meta":[],"categories":[],"tags":[],"_links":{"self":[{"href":"https:\/\/akdenizolaygazetesi.com\/index.php?rest_route=\/wp\/v2\/posts\/8049"}],"collection":[{"href":"https:\/\/akdenizolaygazetesi.com\/index.php?rest_route=\/wp\/v2\/posts"}],"about":[{"href":"https:\/\/akdenizolaygazetesi.com\/index.php?rest_route=\/wp\/v2\/types\/post"}],"author":[{"embeddable":true,"href":"https:\/\/akdenizolaygazetesi.com\/index.php?rest_route=\/wp\/v2\/users\/1"}],"replies":[{"embeddable":true,"href":"https:\/\/akdenizolaygazetesi.com\/index.php?rest_route=%2Fwp%2Fv2%2Fcomments&post=8049"}],"version-history":[{"count":0,"href":"https:\/\/akdenizolaygazetesi.com\/index.php?rest_route=\/wp\/v2\/posts\/8049\/revisions"}],"wp:attachment":[{"href":"https:\/\/akdenizolaygazetesi.com\/index.php?rest_route=%2Fwp%2Fv2%2Fmedia&parent=8049"}],"wp:term":[{"taxonomy":"category","embeddable":true,"href":"https:\/\/akdenizolaygazetesi.com\/index.php?rest_route=%2Fwp%2Fv2%2Fcategories&post=8049"},{"taxonomy":"post_tag","embeddable":true,"href":"https:\/\/akdenizolaygazetesi.com\/index.php?rest_route=%2Fwp%2Fv2%2Ftags&post=8049"}],"curies":[{"name":"wp","href":"https:\/\/api.w.org\/{rel}","templated":true}]}}