{"id":8050,"date":"2020-11-04T18:28:31","date_gmt":"2020-11-04T15:28:31","guid":{"rendered":"http:\/\/mersinekonomipolitikagazetesi.com\/?p=8050"},"modified":"2020-11-04T18:28:31","modified_gmt":"2020-11-04T15:28:31","slug":"mehmet-turkmen-trafik-kazasi-gecirdi","status":"publish","type":"post","link":"https:\/\/akdenizolaygazetesi.com\/?p=8050","title":{"rendered":"Mehmet T\u00fcrkmen trafik kazas\u0131 ge\u00e7irdi"},"content":{"rendered":"<p><span style=\"line-height: 1.6em;\">\u0130\u015f insan\u0131, Milliyet\u00e7i Hareket Partisi Akdeniz Belediyesi Meclis \u00dcyesi Mehmet T\u00fcrkmen trafik kazas\u0131 ge\u00e7irdi. Kaza sonras\u0131 Mersin&#8217;de bir hastanede bir s\u00fcre tedavi g\u00f6ren T\u00fcrkmen daha sonra ba\u015far\u0131l\u0131 bir ameliyat ge\u00e7irdi. T\u00fcrkmen&#8217;in durumunun iyi oldu\u011fu \u00f6\u011frenildi.<\/span><\/p>\n<p>Toroslar Belediyesi Eski Ba\u015fkan\u0131 Hamit Tuna T\u00fcrkmen&#8217;i hastanede ziyaret etti. Tuna, &#8220;Mehmet T\u00fcrkmen karde\u015fimi ziyaret ettim. Ba\u015far\u0131l\u0131 bir ameliyat ge\u00e7irmi\u015f ve \u00e7ok \u015f\u00fck\u00fcr \u00e7ok iyi. Rabbim acil \u015fifalar versin. \u00c7ok yak\u0131nda aya\u011fa kalkar in\u015fallah&#8221; dedi.<\/p>\n<p>Mehmet T\u00fcrkmen sosyal medyada da yaln\u0131z b\u0131rak\u0131lmayarak \u00e7ok say\u0131da ge\u00e7mi\u015f olsun mesaj\u0131 ald\u0131 ve acil \u015fifalar dilendi.<\/p>\n","protected":false},"excerpt":{"rendered":"<p>\u0130\u015f insan\u0131, Milliyet\u00e7i Hareket Partisi Akdeniz Belediyesi Meclis \u00dcyesi Mehmet T\u00fcrkmen trafik kazas\u0131 ge\u00e7irdi. Kaza sonras\u0131 Mersin&#8217;de bir hastanede bir s\u00fcre tedavi g\u00f6ren T\u00fcrkmen daha sonra ba\u015far\u0131l\u0131 bir ameliyat ge\u00e7irdi. &hellip; <a href=\"https:\/\/akdenizolaygazetesi.com\/?p=8050\" class=\"more-link\">Devam\u0131n\u0131 Oku&#8230;<\/a><\/p>\n","protected":false},"author":1,"featured_media":0,"comment_status":"open","ping_status":"open","sticky":false,"template":"","format":"standard","meta":[],"categories":[],"tags":[],"_links":{"self":[{"href":"https:\/\/akdenizolaygazetesi.com\/index.php?rest_route=\/wp\/v2\/posts\/8050"}],"collection":[{"href":"https:\/\/akdenizolaygazetesi.com\/index.php?rest_route=\/wp\/v2\/posts"}],"about":[{"href":"https:\/\/akdenizolaygazetesi.com\/index.php?rest_route=\/wp\/v2\/types\/post"}],"author":[{"embeddable":true,"href":"https:\/\/akdenizolaygazetesi.com\/index.php?rest_route=\/wp\/v2\/users\/1"}],"replies":[{"embeddable":true,"href":"https:\/\/akdenizolaygazetesi.com\/index.php?rest_route=%2Fwp%2Fv2%2Fcomments&post=8050"}],"version-history":[{"count":0,"href":"https:\/\/akdenizolaygazetesi.com\/index.php?rest_route=\/wp\/v2\/posts\/8050\/revisions"}],"wp:attachment":[{"href":"https:\/\/akdenizolaygazetesi.com\/index.php?rest_route=%2Fwp%2Fv2%2Fmedia&parent=8050"}],"wp:term":[{"taxonomy":"category","embeddable":true,"href":"https:\/\/akdenizolaygazetesi.com\/index.php?rest_route=%2Fwp%2Fv2%2Fcategories&post=8050"},{"taxonomy":"post_tag","embeddable":true,"href":"https:\/\/akdenizolaygazetesi.com\/index.php?rest_route=%2Fwp%2Fv2%2Ftags&post=8050"}],"curies":[{"name":"wp","href":"https:\/\/api.w.org\/{rel}","templated":true}]}}