{"id":8051,"date":"2020-11-04T18:28:31","date_gmt":"2020-11-04T15:28:31","guid":{"rendered":"http:\/\/mersinekonomipolitikagazetesi.com\/?p=8051"},"modified":"2020-11-04T18:28:31","modified_gmt":"2020-11-04T15:28:31","slug":"kamelia-dunavska-asil-hedef-2024-olimpiyatlari","status":"publish","type":"post","link":"https:\/\/akdenizolaygazetesi.com\/?p=8051","title":{"rendered":"Kamelia Dunavska: &#8220;As\u0131l hedef 2024 Olimpiyatlar\u0131&#8221;"},"content":{"rendered":"<p>Ritmik Cimnastik Milli Tak\u0131m\u0131 Antren\u00f6r\u00fc Kamelia Dunavska, tak\u0131m\u0131n \u00e7ok gen\u00e7 oldu\u011funu belirterek, &#8220;As\u0131l hedefimiz 2021 de\u011fil de 2024 Olimpiyatlar\u0131. Orada derece elde etmek istiyoruz&#8221; dedi.\u00a0<br \/>\nMersin&#8217;de kampa giren Ritmik Cimnastik B\u00fcy\u00fckler Milli Tak\u0131m\u0131, Avrupa \u015eampiyonas\u0131 haz\u0131rl\u0131klar\u0131n\u0131 s\u00fcrd\u00fcr\u00fcyor. Mersin Cimnastik Salonu&#8217;nda \u00e7al\u0131\u015fmalara ba\u015flayan sporcular, 26-28 Kas\u0131m tarihleri aras\u0131nda Ukrayna&#8217;da yap\u0131lacak Avrupa \u015eampiyonas\u0131&#8217;nda olimpiyat kotas\u0131 alma hedefinde. Antren\u00f6r Kamelia Dunavska \u00f6nderli\u011finde g\u00fcnde \u00e7ift idman yapan olan sporcular, gelecek i\u00e7in umut veriyor.\u00a0<\/p>\n<p>Kamelia Dunavska: &#8220;Avrupa \u015eampiyonas\u0131&#8217;nda iyi bir sonu\u00e7 elde etmek istiyoruz&#8221;<br \/>\n\u00a0<br \/>\nTak\u0131m ve \u00e7al\u0131\u015fmalarla ilgili bas\u0131n mensuplar\u0131na a\u00e7\u0131klamalarda bulunan Kamelia Dunavska, Mersin&#8217;deki salonun \u00e7ok g\u00fczel oldu\u011funu ve sporcular\u0131n \u00f6zellikle buray\u0131 istedi\u011fini s\u00f6yledi. Kamp\u0131n ilk g\u00fcn\u00fc oldu\u011funu kaydeden Dunavska, &#8220;Korona vir\u00fcs salg\u0131n\u0131 dolay\u0131s\u0131yla \u015fu anda t\u00fcm d\u00fcnyada s\u0131k\u0131nt\u0131lar var. Bu bizi de etkiledi ve etkiliyor. Vir\u00fcsten dolay\u0131 \u00e7al\u0131\u015fmakta biraz zorluk \u00e7ekiyoruz. \u00d6n\u00fcm\u00fczde Avrupa \u015eampiyonas\u0131 var. Tabi ondan \u00f6nce bir tane online yar\u0131\u015fmam\u0131z olacak. \u015eu anda haz\u0131rl\u0131klar\u0131m\u0131z\u0131 bunlara y\u00f6nelik yap\u0131yoruz. \u015eu anda bir tane sporcumuzun s\u0131rt\u0131nda problem var. O da yava\u015f yava\u015f iyile\u015fiyor. \u0130n\u015fallah Avrupa \u015eampiyonas\u0131&#8217;na kadar tak\u0131m tam olarak haz\u0131r olaca\u011f\u0131z. Hedefimiz Avrupa \u015eampiyonas\u0131&#8217;nda iyi bir sonu\u00e7 elde etmek&#8221; dedi.\u00a0<\/p>\n<p>&#8220;As\u0131l hedef 2024 Olimpiyatlar\u0131&#8221;<br \/>\n\u00a0<br \/>\nSporcular\u0131n \u00e7al\u0131\u015fmas\u0131ndan memnun oldu\u011funu vurgulayan Dunavska, &#8220;Bir sene \u00f6nce iyi bir \u00e7al\u0131\u015fma sonucunda kat\u0131ld\u0131\u011f\u0131m\u0131z yar\u0131\u015fmada 3&#8217;\u00fcnc\u00fc olduk. Bu yar\u0131\u015fmadan bug\u00fcne kadar sporcular\u0131 \u00fcst\u00fcne \u00e7ok koydu. Avrupa \u015eampiyonas\u0131&#8217;ndan kota al\u0131p, olimpiyatlara gitmek istiyoruz. O y\u00fczden zaten burada \u00e7al\u0131\u015fmalar\u0131m\u0131z\u0131 s\u00fcrd\u00fcr\u00fcyoruz. Korona vir\u00fcs salg\u0131n\u0131 dolay\u0131s\u0131yla olimpiyatlar 2021&#8217;e ertelendi. Bu asl\u0131nda bizim i\u00e7in \u015fans olduk. \u00c7\u00fcnk\u00fc haz\u0131rl\u0131k i\u00e7in 1 sene daha \u015fans\u0131m\u0131z oldu. Tak\u0131m\u0131m\u0131z \u00e7ok gen\u00e7. O y\u00fczden bizim as\u0131l hedefimiz 2021 de\u011fil de 2024 Olimpiyatlar\u0131. As\u0131l orada derece elde etmek istiyoruz&#8221; diye konu\u015ftu.\u00a0<\/p>\n<p>Duygu Do\u011fan: &#8220;Avrupa \u015eampiyonas\u0131&#8217;nda olimpiyatlar i\u00e7in kota almak istiyoruz&#8221;<br \/>\n\u00a0<br \/>\nTak\u0131m kaptan\u0131 Duygu Do\u011fan ise \u00e7al\u0131\u015fmalar\u0131n g\u00fczel gitti\u011fini ve \u015fampiyonalara haz\u0131rlanmaya devam ettiklerini s\u00f6yledi. Mersin&#8217;de kampa girdiklerini belirten Do\u011fan, &#8220;\u00d6n\u00fcm\u00fczdeki yar\u0131\u015fmalara odaklanarak haz\u0131rlan\u0131yoruz. Hedefimiz \u00f6ncelikle Avrupa \u015eampiyonas\u0131&#8217;nda olimpiyatlar i\u00e7in kota almak, devam\u0131nda da \u00fclkemizi ba\u015far\u0131yla temsil etmek. E\u011fer kota alabilirsek olimpiyatlara giden ilk T\u00fcrk Ritmik Cimnastik Tak\u0131m\u0131 olaca\u011f\u0131z. Buda bizim i\u00e7in \u00e7ok b\u00fcy\u00fck gurur olacak. Biz ger\u00e7ekten \u00e7ok gen\u00e7 bir tak\u0131m\u0131z. D\u00fcnyada di\u011fer tak\u0131mlara bakt\u0131\u011f\u0131n\u0131zda ya\u015flar\u0131 bizden \u00e7ok b\u00fcy\u00fck. Bizim tak\u0131m\u0131m\u0131z 17-18 ya\u015f\u0131ndaki sporculardan olu\u015fuyor. Biz bunu avantaja \u00e7evirip, hedeflerimizi yapabiliriz&#8221; \u015feklinde konu\u015ftu.\u00a0<\/p>\n","protected":false},"excerpt":{"rendered":"<p>Ritmik Cimnastik Milli Tak\u0131m\u0131 Antren\u00f6r\u00fc Kamelia Dunavska, tak\u0131m\u0131n \u00e7ok gen\u00e7 oldu\u011funu belirterek, &#8220;As\u0131l hedefimiz 2021 de\u011fil de 2024 Olimpiyatlar\u0131. Orada derece elde etmek istiyoruz&#8221; dedi.\u00a0 Mersin&#8217;de kampa giren Ritmik Cimnastik &hellip; <a href=\"https:\/\/akdenizolaygazetesi.com\/?p=8051\" class=\"more-link\">Devam\u0131n\u0131 Oku&#8230;<\/a><\/p>\n","protected":false},"author":1,"featured_media":0,"comment_status":"open","ping_status":"open","sticky":false,"template":"","format":"standard","meta":[],"categories":[],"tags":[],"_links":{"self":[{"href":"https:\/\/akdenizolaygazetesi.com\/index.php?rest_route=\/wp\/v2\/posts\/8051"}],"collection":[{"href":"https:\/\/akdenizolaygazetesi.com\/index.php?rest_route=\/wp\/v2\/posts"}],"about":[{"href":"https:\/\/akdenizolaygazetesi.com\/index.php?rest_route=\/wp\/v2\/types\/post"}],"author":[{"embeddable":true,"href":"https:\/\/akdenizolaygazetesi.com\/index.php?rest_route=\/wp\/v2\/users\/1"}],"replies":[{"embeddable":true,"href":"https:\/\/akdenizolaygazetesi.com\/index.php?rest_route=%2Fwp%2Fv2%2Fcomments&post=8051"}],"version-history":[{"count":0,"href":"https:\/\/akdenizolaygazetesi.com\/index.php?rest_route=\/wp\/v2\/posts\/8051\/revisions"}],"wp:attachment":[{"href":"https:\/\/akdenizolaygazetesi.com\/index.php?rest_route=%2Fwp%2Fv2%2Fmedia&parent=8051"}],"wp:term":[{"taxonomy":"category","embeddable":true,"href":"https:\/\/akdenizolaygazetesi.com\/index.php?rest_route=%2Fwp%2Fv2%2Fcategories&post=8051"},{"taxonomy":"post_tag","embeddable":true,"href":"https:\/\/akdenizolaygazetesi.com\/index.php?rest_route=%2Fwp%2Fv2%2Ftags&post=8051"}],"curies":[{"name":"wp","href":"https:\/\/api.w.org\/{rel}","templated":true}]}}