{"id":8056,"date":"2020-11-04T18:28:31","date_gmt":"2020-11-04T15:28:31","guid":{"rendered":"http:\/\/mersinekonomipolitikagazetesi.com\/?p=8056"},"modified":"2020-11-04T18:28:31","modified_gmt":"2020-11-04T15:28:31","slug":"aricilar-yuksek-kaliteli-bal-icin-hasadi-20-gun-geciktirdi","status":"publish","type":"post","link":"https:\/\/akdenizolaygazetesi.com\/?p=8056","title":{"rendered":"Ar\u0131c\u0131lar y\u00fcksek kaliteli bal i\u00e7in hasad\u0131 20 g\u00fcn geciktirdi"},"content":{"rendered":"<p><span style=\"line-height: 1.6em;\">\u00a0Mersin&#8217;de Toros Da\u011flar\u0131&#8217;n\u0131n zengin floras\u0131nda organik bal \u00fcreten ar\u0131c\u0131lar bal\u0131n kalitesini y\u00fckseltmek i\u00e7in y\u00f6rede hasad\u0131 olmas\u0131 gerekenden 20 g\u00fcn daha ge\u00e7 ger\u00e7ekle\u015ftirdi. B\u00f6ylelikle i\u00e7erisindeki su oran\u0131n\u0131 daha da d\u00fc\u015f\u00fcrd\u00fckleri bal\u0131n olgunla\u015fma ve aromas\u0131n\u0131 artt\u0131rmay\u0131 ama\u00e7layan ar\u0131c\u0131lar en saf \u00fcretimi yakalamaya \u00e7al\u0131\u015ft\u0131.\u00a0<\/span><\/p>\n<p>Bu y\u0131l y\u00f6rede mevsimsel ge\u00e7i\u015flerin aniden ger\u00e7ekle\u015fmesi rekolteyi d\u00fc\u015f\u00fcrse de, pandemi dolay\u0131s\u0131yla olu\u015fan ar\u0131 \u00fcr\u00fcnleri talebi \u00fcreticileri memnun etti.\u00a0<br \/>\nToros Da\u011flar\u0131&#8217;nda Erdemli il\u00e7esinin y\u00fcksek rak\u0131mlar\u0131 ile Karaman il s\u0131n\u0131rlar\u0131na yak\u0131n b\u00f6lgelerde gezgin ar\u0131c\u0131lar\u0131n kaliteli bal \u00fcretimi i\u00e7in yapt\u0131klar\u0131 mesainin sonuna gelindi.\u00a0<br \/>\nGezgin arac\u0131lardan ve ayn\u0131 zamanda Erdemli Halk E\u011fitim Merkezi Usta \u00f6\u011freticisi Y\u0131ld\u0131z Zeynep Mavi&#8217;de organik bal \u00fcretimi yaparken, y\u00f6rede kaliteli bal \u00fcretimiyle ilgili \u00e7al\u0131\u015fmalar y\u00fcr\u00fct\u00fcyor.\u00a0<\/p>\n<p>&#8220;Kalite i\u00e7in sa\u011f\u0131m\u0131 20 g\u00fcn geciktirdik&#8221;\u00a0<br \/>\nNisan ay\u0131 ba\u015flar\u0131ndan bu yana Toros Da\u011flar\u0131&#8217;n\u0131n zirvesinde mesai yapt\u0131klar\u0131n\u0131 belirten Y\u0131ld\u0131z Zeynep Mavi, &#8220;\u00dcretim sezonunun art\u0131k finaline geldik. \u00dcretim s\u00fcrecinde \u00fcst\u00fcn vas\u0131flara sahip \u00e7i\u00e7ek \u00e7e\u015fitlili\u011fi olan y\u00f6relerimizde sa\u011f\u0131m haftam\u0131za girdik. 2 bin rak\u0131m\u0131n \u00fcst\u00fcnde zaman zaman 3 bin rak\u0131ma yakla\u015fan sahalarda ar\u0131lar\u0131m\u0131z\u0131 \u00e7i\u00e7eklerle bulu\u015fturduk. Bu s\u00fcre\u00e7te insanl\u0131\u011fa \u00f6zel, ar\u0131lar\u0131n insanlar i\u00e7in yapabilece\u011fi en u\u00e7 \u00fcretimi, en yal\u0131n ve en saf \u00fcretimi yakalamaya \u00e7al\u0131\u015ft\u0131k. Ve sezon finali yapmaktay\u0131z. 20 g\u00fcn \u00f6nce yap\u0131lmas\u0131 gereken sa\u011f\u0131m\u0131 geciktirdik ki kovan\u0131n i\u00e7eresinde kalan, daha uzun s\u00fcreli kalan bal\u0131n olgunla\u015fma s\u00fcresi artacak, su seviyesi d\u00fc\u015fecek orijinal ortam da uzun s\u00fcre bekleyen bal\u0131n aromas\u0131 ve kalite de\u011fer olarak da artacakt\u0131r&#8221; dedi.\u00a0<\/p>\n<p>&#8220;Y\u00f6rede zengin bir \u00e7i\u00e7ek \u00e7e\u015fitlili\u011fi var&#8221;\u00a0<br \/>\nY\u00f6renin zengin bir \u00e7i\u00e7ek \u00e7e\u015fitlili\u011fine sahip oldu\u011funu ifade eden Mavi, &#8220;Yap\u0131lan b\u00fct\u00fcn \u00e7al\u0131\u015fmalarda Akdeniz B\u00f6lgesi&#8217;ndeki \u00e7i\u00e7ek \u00e7e\u015fitlili\u011fi \u00fclkemizin, d\u00fcnyan\u0131n hi\u00e7bir noktas\u0131nda bulunmamakta. Bal verimi kaliteli olan bitkilerde bu sahalar\u0131m\u0131zda kendili\u011finden yeti\u015fmekte ve organik \u00fcretim sahas\u0131 olmaktad\u0131r. O y\u00fczden bu sahalar\u0131m\u0131z\u0131, y\u00f6remizi \u00fcretim sahas\u0131 olarak se\u00e7tik&#8221; diye konu\u015ftu.\u00a0<\/p>\n<p>&#8220;Ar\u0131 \u00fcr\u00fcnleri \u015fifa kayna\u011f\u0131 oldu&#8221;\u00a0<br \/>\nPandemi d\u00f6neminde ar\u0131 \u00fcr\u00fcnlerinin insanlara \u015fifa oldu\u011funu aktaran Mavi, &#8220;Ar\u0131 \u00fcr\u00fcnlerinin Kovid-19&#8217;a kar\u015f\u0131 v\u00fccut direncini artt\u0131rd\u0131\u011f\u0131, v\u00fccutta iyi bir dezenfektan etkisi olu\u015fturdu\u011fu, ar\u0131 \u00fcr\u00fcnlerinin t\u00fcketimiyle birlikte v\u00fccut direncinin artt\u0131\u011f\u0131, solunum yollar\u0131 ve akci\u011fer, karaci\u011fer defermasyonlar\u0131na, mide ve ba\u011f\u0131rsak enfeksiyonlar\u0131na kar\u015f\u0131 da \u00e7ok iyi geldi\u011fi g\u00f6zlemlenmekte. Adeta bu d\u00f6nemde ar\u0131lar insanl\u0131\u011fa bir \u015fifa kayna\u011f\u0131 oldu&#8221; \u015feklinde konu\u015ftu.\u00a0<br \/>\nBu y\u0131l arac\u0131l\u0131\u011fa ba\u015flayan Rukiye Ayd\u0131n&#8217;da, &#8220;Toroslar\u0131n en g\u00fczel yerlerinde \u00fcretim yapmaya \u00e7al\u0131\u015ft\u0131k. \u015euan pandemi d\u00f6neminden dolay\u0131 polen, ar\u0131 s\u00fct\u00fc, propolis \u00fcretiyoruz. Ve bunu organik olarak en g\u00fczel \u015fekilde \u00fcretmeye \u00e7al\u0131\u015f\u0131yoruz. Y\u00f6remizde bu y\u0131l \u00fcretim d\u00fc\u015f\u00fck. Bu y\u0131l mevsimsel ge\u00e7i\u015fler biraz ani oldu. Bir so\u011fuk, bir s\u0131cak. Organik \u00fcretim yapt\u0131\u011f\u0131n\u0131z i\u00e7in zaten \u00fcretim d\u00fc\u015f\u00fck oluyor. Herkesin s\u00f6z\u00fcne g\u00fcvenilmez, insanlar bal al\u0131rken mutlaka ara\u015ft\u0131r\u0131p als\u0131nlar&#8221; dedi.\u00a0<br \/>\nAr\u0131c\u0131lardan Ahmet Ero\u011flu ise, &#8220;Toros Da\u011flar\u0131 Arpaalan\u0131 B\u00f6lgesi&#8217;nde hasad\u0131m\u0131za ba\u015flad\u0131k. Bu y\u0131l ge\u00e7en y\u0131la g\u00f6re \u00fcretimimiz d\u00fc\u015f\u00fck ama pandemiden dolay\u0131 istek \u00e7ok fazla. Fiyatlar iyi. Rekolte d\u00fc\u015f\u00fck olsa da \u00fcreticilerimiz memnun&#8221; diye konu\u015ftu.\u00a0<br \/>\nY\u00f6rede \u00fcretilen bal\u0131n kilosu 70 lira ile 200 lira aras\u0131nda fiyatlarla sat\u0131\u015fa sunuluyor.\u00a0<\/p>\n","protected":false},"excerpt":{"rendered":"<p>\u00a0Mersin&#8217;de Toros Da\u011flar\u0131&#8217;n\u0131n zengin floras\u0131nda organik bal \u00fcreten ar\u0131c\u0131lar bal\u0131n kalitesini y\u00fckseltmek i\u00e7in y\u00f6rede hasad\u0131 olmas\u0131 gerekenden 20 g\u00fcn daha ge\u00e7 ger\u00e7ekle\u015ftirdi. B\u00f6ylelikle i\u00e7erisindeki su oran\u0131n\u0131 daha da d\u00fc\u015f\u00fcrd\u00fckleri bal\u0131n &hellip; <a href=\"https:\/\/akdenizolaygazetesi.com\/?p=8056\" class=\"more-link\">Devam\u0131n\u0131 Oku&#8230;<\/a><\/p>\n","protected":false},"author":1,"featured_media":0,"comment_status":"open","ping_status":"open","sticky":false,"template":"","format":"standard","meta":[],"categories":[],"tags":[],"_links":{"self":[{"href":"https:\/\/akdenizolaygazetesi.com\/index.php?rest_route=\/wp\/v2\/posts\/8056"}],"collection":[{"href":"https:\/\/akdenizolaygazetesi.com\/index.php?rest_route=\/wp\/v2\/posts"}],"about":[{"href":"https:\/\/akdenizolaygazetesi.com\/index.php?rest_route=\/wp\/v2\/types\/post"}],"author":[{"embeddable":true,"href":"https:\/\/akdenizolaygazetesi.com\/index.php?rest_route=\/wp\/v2\/users\/1"}],"replies":[{"embeddable":true,"href":"https:\/\/akdenizolaygazetesi.com\/index.php?rest_route=%2Fwp%2Fv2%2Fcomments&post=8056"}],"version-history":[{"count":0,"href":"https:\/\/akdenizolaygazetesi.com\/index.php?rest_route=\/wp\/v2\/posts\/8056\/revisions"}],"wp:attachment":[{"href":"https:\/\/akdenizolaygazetesi.com\/index.php?rest_route=%2Fwp%2Fv2%2Fmedia&parent=8056"}],"wp:term":[{"taxonomy":"category","embeddable":true,"href":"https:\/\/akdenizolaygazetesi.com\/index.php?rest_route=%2Fwp%2Fv2%2Fcategories&post=8056"},{"taxonomy":"post_tag","embeddable":true,"href":"https:\/\/akdenizolaygazetesi.com\/index.php?rest_route=%2Fwp%2Fv2%2Ftags&post=8056"}],"curies":[{"name":"wp","href":"https:\/\/api.w.org\/{rel}","templated":true}]}}