{"id":8059,"date":"2020-11-04T18:28:31","date_gmt":"2020-11-04T15:28:31","guid":{"rendered":"http:\/\/mersinekonomipolitikagazetesi.com\/?p=8059"},"modified":"2020-11-04T18:28:31","modified_gmt":"2020-11-04T15:28:31","slug":"tataristan-heyeti-mersinde","status":"publish","type":"post","link":"https:\/\/akdenizolaygazetesi.com\/?p=8059","title":{"rendered":"Tataristan heyeti Mersin&#8217;de"},"content":{"rendered":"<p>&#8220;Mersin\u2019e fayda sa\u011flayacak \u00e7al\u0131\u015fmalar\u0131 h\u0131zland\u0131raca\u011f\u0131z&#8221;<\/p>\n<p><span style=\"line-height: 1.6em;\">\u00a0Mersin B\u00fcy\u00fck\u015fehir Belediye Ba\u015fkan\u0131 Vahap Se\u00e7er, hayat\u0131n normalle\u015fmesiyle kurulacak iyi ili\u015fkiler sayesinde Mersin\u2019e fayda sa\u011flayacak \u00e7al\u0131\u015fmalar\u0131 h\u0131zland\u0131racaklar\u0131n\u0131 s\u00f6yledi.\u00a0<\/span><\/p>\n<p>Ba\u015fkan Se\u00e7er, Tataristan Cumhuriyeti\u2019nin T\u00fcrkiye Cumhuriyeti yetkili temsilcisi Ayrat Gataullin ve beraberindeki heyeti makam\u0131nda a\u011f\u0131rlad\u0131.\u00a0<br \/>\nTataristan heyetinin ziyaretinde yetkili temsilci yard\u0131mc\u0131s\u0131 Albert Lalyshev, yetkili temsilci ba\u015fdan\u0131\u015fman\u0131 Hakan Co\u015fkun ve Kazan KMEZ \u015eirketi D\u0131\u015f Ticaretten Sorumlu Genel M\u00fcd\u00fcr Yard\u0131mc\u0131s\u0131 Ayrat \u0130smagilovda yer ald\u0131. Salg\u0131n s\u00fcrecinin \u00fclkeler aras\u0131ndaki ekonomik, sportif ve k\u00fclt\u00fcrel faaliyetlere de etki etti\u011fini vurgulayan Ba\u015fkan Se\u00e7er, \u201c\u0130nsanlar\u0131n bir araya geldi\u011fi b\u00fct\u00fcn \u00e7al\u0131\u015fmalar \u015fu anda korona vir\u00fcsten dolay\u0131 beklemede. Kar\u015f\u0131l\u0131kl\u0131 ziyaretler de bu sebeple \u015fu anda yap\u0131lam\u0131yor. Biz burada k\u00fclt\u00fcrel etkinlikler de yapam\u0131yoruz. Tabi di\u011fer \u00fclkelerde, d\u00fcnyan\u0131n di\u011fer yerlerinde de durum ayn\u0131. Umut ediyorum k\u0131sa s\u00fcre i\u00e7erisinde normalle\u015firiz\u201d dedi.\u00a0<br \/>\nSe\u00e7er, \u00fclkeler ve belediyeler aras\u0131ndaki i\u015fbirli\u011fini \u00f6nemsediklerini s\u00f6yledi. Hayat\u0131n normalle\u015fmesiyle kurulacak iyi ili\u015fkiler sayesinde Mersin\u2019e fayda sa\u011flayacak \u00e7al\u0131\u015fmalar\u0131 h\u0131zland\u0131racaklar\u0131n\u0131 belirten Se\u00e7er, \u201c\u0130nsanlar\u0131n diyalog kurmas\u0131, toplumlar\u0131n diyalog kurmas\u0131, birbirlerine yard\u0131mc\u0131 olmas\u0131, birbirlerinin eksi\u011fini tamamlamas\u0131 geride olan toplumlar i\u00e7in \u00f6nemlidir. On birimde alaca\u011f\u0131n\u0131z mesafeyi e\u011fer iyi ili\u015fkiler i\u00e7erisinde olursan\u0131z, size yard\u0131mc\u0131 olanlar olursa bunu \u00fc\u00e7 birime d\u00fc\u015f\u00fcr\u00fcrs\u00fcn\u00fcz. Zamandan kazan\u0131rs\u0131n\u0131z. Bunun i\u00e7in hayat\u0131n normalle\u015fmesinden sonra belediyemiz kentimizle ilgili fayda sa\u011flayabilece\u011fimiz her t\u00fcrl\u00fc \u00e7al\u0131\u015fmalar\u0131 yine hemen s\u00fcratle ba\u015flataca\u011f\u0131z\u201d diye konu\u015ftu.\u00a0<br \/>\nSe\u00e7er, Tataristan\u2019\u0131n geni\u015f tar\u0131m topraklar\u0131na sahip oldu\u011funu, \u00f6zellikle hububat \u00fcr\u00fcnleri alan\u0131nda Mersin\u2019le kar\u015f\u0131l\u0131kl\u0131 al\u0131\u015fveri\u015fin sa\u011flanabilece\u011fini vurgulayarak, \u201cTurizm, tar\u0131m, sanayi, lojistik ki liman kenti Mersin. Bir\u00e7ok alanda bu kent istikbal vaat eden bir kent. Onun i\u00e7in her b\u00f6lgeden her \u00fclkeden i\u015f insanlar\u0131n\u0131n gelip buray\u0131 g\u00f6rmesini istiyorum. Mersin\u2019in gelecekte umut vaat eden bir kent olarak dikkatle izlenmesi gerekti\u011fini vurguluyorum bir\u00e7ok alanda. Her alanda burada yat\u0131r\u0131m m\u00fcmk\u00fcn. Bizim burada belki sizin kadar geni\u015f arazilerimiz yok ama \u00e7ok daha verimli, daha katma de\u011feri y\u00fcksek \u00fcr\u00fcnler alabilece\u011finiz bir mikroklima iklimi var Mersin\u2019in. Burada meyvecilik, daha \u00e7ok sebzecilik i\u015fte \u00f6rt\u00fc alt\u0131 sera o b\u00f6lgelerde pek tabi bunlar olmuyor. Daha \u00e7ok tarla bitkileri dedi\u011fimiz ya\u011fl\u0131 tohumlar, hububat, bu tarzda \u00fcr\u00fcnler yeti\u015fiyor. Burada o \u00fcr\u00fcnler ekonomik olmaz. \u00c7\u00fcnk\u00fc bizim topraklar verimli, birim alan\u0131ndan \u00e7ok daha y\u00fcksek alabiliyoruz burada. Ama i\u015fbirli\u011fi olmaz anlam\u0131na gelmez. Siz \u00e7ok \u00f6nemli ya\u011fl\u0131 tohumlar, hububat \u00fcreticisi bir \u00fclkesiniz. Bizlerin de buna ihtiyac\u0131 var. Biz bu\u011fday \u00fcreten bir \u00fclkeyiz ama bizim yine bu\u011fday a\u00e7\u0131\u011f\u0131m\u0131z olur. Neden? Kaliteli bu\u011fday s\u0131k\u0131nt\u0131s\u0131 d\u00f6nemsel olarak ya\u015fanabiliyor&#8221; \u015feklinde konu\u015ftu.\u00a0<br \/>\nBu \u00fcr\u00fcnlerin tonaj olarak yetti\u011fini ancak ya\u011fl\u0131 tohumlara ihtiya\u00e7 duyuldu\u011funu belirten Se\u00e7er, \u201cYine ya\u011fl\u0131 tohumlar, bizim buran\u0131n ay\u00e7i\u00e7e\u011fi \u00fcretimi \u00e7ekirdek olarak bizim ihtiyac\u0131m\u0131z olan ya\u011f\u0131 kar\u015f\u0131lam\u0131yor. Mutlaka T\u00fcrkiye\u2019nin d\u0131\u015far\u0131dan ya\u011fl\u0131 tohumlar ithal etmesi laz\u0131m. Ba\u015fta ay\u00e7i\u00e7e\u011fi, soya fasulyesi, kanola bunlar bizim i\u00e7in \u00f6nemli ithalat kalemleri. Dolay\u0131s\u0131yla i\u015fbirli\u011fine a\u00e7\u0131k bir \u00fclke T\u00fcrkiye ve b\u00f6lge. \u00c7ok istikbal vaat eden bir b\u00f6lge. Umut ediyorum bu \u00e7al\u0131\u015fmalar\u0131n\u0131z, ziyaretleriniz faydal\u0131 olacak. Benim de sunaca\u011f\u0131m katk\u0131 varsa sunmaya haz\u0131r\u0131m\u201d ifadelerini kulland\u0131.\u00a0<br \/>\nYetkili temsilci Ayrat Gataullin ise Ba\u015fkan Se\u00e7er\u2019e Tataristan ve T\u00fcrkiye aras\u0131nda \u00f6zellikle belediyeler aras\u0131 ili\u015fkiler ve destekleri i\u00e7in te\u015fekk\u00fcr etti. \u0130lerleyen s\u00fcre\u00e7te de i\u015fbirli\u011fine haz\u0131r olduklar\u0131n\u0131 vurgulayan Gataullin, \u201cHem k\u00fclt\u00fcrel etkinlikleri hem ekonomik ili\u015fkileri her zaman daha da geli\u015ftirmeye haz\u0131r\u0131z ve \u00e7ok isteriz\u201d dedi.\u00a0<\/p>\n","protected":false},"excerpt":{"rendered":"<p>&#8220;Mersin\u2019e fayda sa\u011flayacak \u00e7al\u0131\u015fmalar\u0131 h\u0131zland\u0131raca\u011f\u0131z&#8221; \u00a0Mersin B\u00fcy\u00fck\u015fehir Belediye Ba\u015fkan\u0131 Vahap Se\u00e7er, hayat\u0131n normalle\u015fmesiyle kurulacak iyi ili\u015fkiler sayesinde Mersin\u2019e fayda sa\u011flayacak \u00e7al\u0131\u015fmalar\u0131 h\u0131zland\u0131racaklar\u0131n\u0131 s\u00f6yledi.\u00a0 Ba\u015fkan Se\u00e7er, Tataristan Cumhuriyeti\u2019nin T\u00fcrkiye Cumhuriyeti yetkili &hellip; <a href=\"https:\/\/akdenizolaygazetesi.com\/?p=8059\" class=\"more-link\">Devam\u0131n\u0131 Oku&#8230;<\/a><\/p>\n","protected":false},"author":1,"featured_media":0,"comment_status":"open","ping_status":"open","sticky":false,"template":"","format":"standard","meta":[],"categories":[],"tags":[],"_links":{"self":[{"href":"https:\/\/akdenizolaygazetesi.com\/index.php?rest_route=\/wp\/v2\/posts\/8059"}],"collection":[{"href":"https:\/\/akdenizolaygazetesi.com\/index.php?rest_route=\/wp\/v2\/posts"}],"about":[{"href":"https:\/\/akdenizolaygazetesi.com\/index.php?rest_route=\/wp\/v2\/types\/post"}],"author":[{"embeddable":true,"href":"https:\/\/akdenizolaygazetesi.com\/index.php?rest_route=\/wp\/v2\/users\/1"}],"replies":[{"embeddable":true,"href":"https:\/\/akdenizolaygazetesi.com\/index.php?rest_route=%2Fwp%2Fv2%2Fcomments&post=8059"}],"version-history":[{"count":0,"href":"https:\/\/akdenizolaygazetesi.com\/index.php?rest_route=\/wp\/v2\/posts\/8059\/revisions"}],"wp:attachment":[{"href":"https:\/\/akdenizolaygazetesi.com\/index.php?rest_route=%2Fwp%2Fv2%2Fmedia&parent=8059"}],"wp:term":[{"taxonomy":"category","embeddable":true,"href":"https:\/\/akdenizolaygazetesi.com\/index.php?rest_route=%2Fwp%2Fv2%2Fcategories&post=8059"},{"taxonomy":"post_tag","embeddable":true,"href":"https:\/\/akdenizolaygazetesi.com\/index.php?rest_route=%2Fwp%2Fv2%2Ftags&post=8059"}],"curies":[{"name":"wp","href":"https:\/\/api.w.org\/{rel}","templated":true}]}}