{"id":8060,"date":"2020-11-04T18:28:31","date_gmt":"2020-11-04T15:28:31","guid":{"rendered":"http:\/\/mersinekonomipolitikagazetesi.com\/?p=8060"},"modified":"2020-11-04T18:28:31","modified_gmt":"2020-11-04T15:28:31","slug":"karaduvar-sahiline-duslar-yerlestirildi","status":"publish","type":"post","link":"https:\/\/akdenizolaygazetesi.com\/?p=8060","title":{"rendered":"Karaduvar sahiline du\u015flar yerle\u015ftirildi"},"content":{"rendered":"<p><span style=\"line-height: 1.6em;\">Akdeniz Belediyesince daha \u00f6nce yeni istinat duvar\u0131 \u00f6r\u00fclen, toprak seriminin ard\u0131ndan peyzaj d\u00fczenlemesi yap\u0131larak a\u011fa\u00e7land\u0131r\u0131lan Karaduvar sahiline, vatanda\u015flar\u0131n kullan\u0131m\u0131 i\u00e7in du\u015f yerle\u015ftirildi\u011fi bildirildi.\u00a0<\/span><\/p>\n<p>Belediyeden yap\u0131lan a\u00e7\u0131klamaya g\u00f6re, Mersin ve Akdeniz\u2019de bal\u0131k\u00e7\u0131l\u0131\u011f\u0131n ve tar\u0131m\u0131n en \u00f6nemli merkezlerinden biri olan Karaduvar Mahallesi\u2019ne y\u00f6nelik, yenileme ve d\u00fczenleme \u00e7al\u0131\u015fmalar\u0131 devam ediyor. Y\u00fczmek veya piknik yapmak amac\u0131yla Karaduvar sahiline gelen vatanda\u015flar\u0131n talebi, Akdeniz Belediye Ba\u015fkan\u0131 Mustafa G\u00fcltak\u2019\u0131n da talimat\u0131 \u00fczerine, Park ve Bah\u00e7eler M\u00fcd\u00fcrl\u00fc\u011f\u00fc ekiplerince sahile du\u015flar yerle\u015ftirildi.\u00a0<br \/>\nSunulan hizmet, y\u00fczmeye gelen her ya\u015ftan vatanda\u015f ile mahalle sakinlerinin be\u011fenisini toplarken, \u00e7al\u0131\u015fmalar\u0131n s\u00fcrd\u00fc\u011f\u00fc sahile, \u00f6n\u00fcm\u00fczdeki g\u00fcnlerde soyunma kabinleri de yerle\u015ftirilecek.\u00a0<br \/>\n\u201cKaraduvar Mahallemizi de\u011fi\u015ftiren hizmetlerimiz devam edecek\u201d\u00a0<br \/>\nKaraduvar Mahallesi\u2019ni, Akdeniz\u2019in cazibe merkezlerinden birine d\u00f6n\u00fc\u015ft\u00fcrmek i\u00e7in hizmetlerin s\u00fcrece\u011fini kaydeden Ba\u015fkan G\u00fcltak, \u201cKaraduvar sahilimize; vatanda\u015flar\u0131m\u0131z\u0131n daha sa\u011fl\u0131kl\u0131 ve mutlu \u015fekilde kullanabilmesi amac\u0131yla du\u015flar yerle\u015ftirdik. Sahile, \u00f6n\u00fcm\u00fczdeki g\u00fcnlerde soyunma kabinleri de kuraca\u011f\u0131z. Ge\u00e7en y\u0131lsonuna do\u011fru Mersin ve Akdeniz\u2019de ilk kez d\u00fczenledi\u011fimiz bal\u0131k festivali ile g\u00fcndeme gelen, kent ve \u00fclke \u00e7ap\u0131nda tan\u0131nan Karaduvar Mahallemizi d\u00f6n\u00fc\u015ft\u00fcrmeye ve hak etti\u011fi hizmet ve \u00e7al\u0131\u015fmalar\u0131 sunmaya devam edece\u011fiz\u201d dedi.\u00a0<\/p>\n","protected":false},"excerpt":{"rendered":"<p>Akdeniz Belediyesince daha \u00f6nce yeni istinat duvar\u0131 \u00f6r\u00fclen, toprak seriminin ard\u0131ndan peyzaj d\u00fczenlemesi yap\u0131larak a\u011fa\u00e7land\u0131r\u0131lan Karaduvar sahiline, vatanda\u015flar\u0131n kullan\u0131m\u0131 i\u00e7in du\u015f yerle\u015ftirildi\u011fi bildirildi.\u00a0 Belediyeden yap\u0131lan a\u00e7\u0131klamaya g\u00f6re, Mersin ve Akdeniz\u2019de &hellip; <a href=\"https:\/\/akdenizolaygazetesi.com\/?p=8060\" class=\"more-link\">Devam\u0131n\u0131 Oku&#8230;<\/a><\/p>\n","protected":false},"author":1,"featured_media":0,"comment_status":"open","ping_status":"open","sticky":false,"template":"","format":"standard","meta":[],"categories":[],"tags":[],"_links":{"self":[{"href":"https:\/\/akdenizolaygazetesi.com\/index.php?rest_route=\/wp\/v2\/posts\/8060"}],"collection":[{"href":"https:\/\/akdenizolaygazetesi.com\/index.php?rest_route=\/wp\/v2\/posts"}],"about":[{"href":"https:\/\/akdenizolaygazetesi.com\/index.php?rest_route=\/wp\/v2\/types\/post"}],"author":[{"embeddable":true,"href":"https:\/\/akdenizolaygazetesi.com\/index.php?rest_route=\/wp\/v2\/users\/1"}],"replies":[{"embeddable":true,"href":"https:\/\/akdenizolaygazetesi.com\/index.php?rest_route=%2Fwp%2Fv2%2Fcomments&post=8060"}],"version-history":[{"count":0,"href":"https:\/\/akdenizolaygazetesi.com\/index.php?rest_route=\/wp\/v2\/posts\/8060\/revisions"}],"wp:attachment":[{"href":"https:\/\/akdenizolaygazetesi.com\/index.php?rest_route=%2Fwp%2Fv2%2Fmedia&parent=8060"}],"wp:term":[{"taxonomy":"category","embeddable":true,"href":"https:\/\/akdenizolaygazetesi.com\/index.php?rest_route=%2Fwp%2Fv2%2Fcategories&post=8060"},{"taxonomy":"post_tag","embeddable":true,"href":"https:\/\/akdenizolaygazetesi.com\/index.php?rest_route=%2Fwp%2Fv2%2Ftags&post=8060"}],"curies":[{"name":"wp","href":"https:\/\/api.w.org\/{rel}","templated":true}]}}