{"id":8062,"date":"2020-11-04T18:28:31","date_gmt":"2020-11-04T15:28:31","guid":{"rendered":"http:\/\/mersinekonomipolitikagazetesi.com\/?p=8062"},"modified":"2020-11-04T18:28:31","modified_gmt":"2020-11-04T15:28:31","slug":"hadi-gel-koyumuze-destek-verelim-projesi-hayata-geciyor","status":"publish","type":"post","link":"https:\/\/akdenizolaygazetesi.com\/?p=8062","title":{"rendered":"Hadi Gel K\u00f6y\u00fcm\u00fcze Destek Verelim Projesi&#8221; hayata ge\u00e7iyor"},"content":{"rendered":"<p>Mersin B\u00fcy\u00fck\u015fehir Belediyesi taraf\u0131ndan haz\u0131rlanan ve 3 kurumun destek verdi\u011fi projenin protokol\u00fc imzaland\u0131<\/p>\n<p><span style=\"line-height: 1.6em;\">Mersin B\u00fcy\u00fck\u015fehir Belediyesi taraf\u0131ndan haz\u0131rlanan ve 3 kurumun destek verdi\u011fi &#8216;Hadi Gel K\u00f6y\u00fcm\u00fcze Destek Verelim Projesi&#8217;nin protokol\u00fc imzaland\u0131. Proje ile k\u0131rsalda ya\u015fayan ve maddi durumu iyi olmayan 60 aileye, 25&#8217;er adet k\u00fc\u00e7\u00fck ba\u015f hayvan deste\u011fi verilecek. Ayr\u0131ca ailelerin yem, a\u015f\u0131 ve di\u011fer ihtiya\u00e7lar\u0131 da kar\u015f\u0131lanacak. 5 y\u0131ll\u0131k olarak haz\u0131rlanan proje, 10 milyon 638 bin liraya mal olacak.\u00a0<\/span><\/p>\n<p>B\u00fcy\u00fck\u015fehir Belediyesi taraf\u0131ndan haz\u0131rlanan, \u0130l Tar\u0131m ve Orman M\u00fcd\u00fcrl\u00fc\u011f\u00fc, Mersin \u0130li Dam\u0131zl\u0131k Koyun Ke\u00e7i Yeti\u015ftiricileri Birli\u011fi ve Mersin Veteriner Hekimler Odas\u0131&#8217;n\u0131n destek verdi\u011fi projenin protokol\u00fc imzaland\u0131. B\u00fcy\u00fck\u015fehir Belediyesinde ger\u00e7ekle\u015ftirilen imza t\u00f6reni \u00f6ncesi konu\u015fan Belediye Ba\u015fkan\u0131 Vahap Se\u00e7er, tar\u0131m\u0131n hem T\u00fcrkiye hem de Mersin i\u00e7in \u00e7ok \u00f6nemli bir alan oldu\u011funu s\u00f6yledi. Mersin\u2019in 4\u2019de 1\u2019lik b\u00f6l\u00fcm\u00fcnde tar\u0131m ve hayvanc\u0131l\u0131k yap\u0131ld\u0131\u011f\u0131n\u0131 kaydeden Se\u00e7er, \u201cBu alanlar belki de d\u00fcnyada e\u015fi benzeri olmayan, verim, iklim \u00f6zellikleri, \u00fczerinde yeti\u015fen bitkiler a\u00e7\u0131s\u0131ndan son derece \u00f6nemli b\u00f6lgeler. Bizde Mersin B\u00fcy\u00fck\u015fehir Belediyesi olarak bu bilin\u00e7le, tar\u0131m\u0131n Mersin\u2019deki hem ekonomik hemde toplumsal \u00f6neminden yola \u00e7\u0131karak, bu alana \u00f6nemli destekler vermek istiyoruz. G\u00f6reve geldi\u011fimiz g\u00fcnden bug\u00fcne kadar farkl\u0131 alanlarda, farkl\u0131 \u00e7al\u0131\u015fmalarla \u00fcreticilerimizle i\u00e7 i\u00e7e olmaya \u00e7al\u0131\u015f\u0131yoruz\u201d dedi.\u00a0<\/p>\n<p>&#8220;Do\u011fduklar\u0131 yerde doymalar\u0131n\u0131 sa\u011flamak istiyoruz&#8221;\u00a0<br \/>\nT\u00fcrkiye\u2019de bir ilk olan yeni bir projeyi hayata ge\u00e7irdiklerini vurgulayan Se\u00e7er, \u201cHayvanc\u0131l\u0131k sekt\u00f6r\u00fcne \u00f6nemli katk\u0131 sa\u011flayaca\u011f\u0131n\u0131 d\u00fc\u015f\u00fcnd\u00fc\u011f\u00fcm\u00fcz bir projemiz i\u00e7in protokol imzalayaca\u011f\u0131z. Projemizin ad\u0131 \u2018Hadi gel k\u00f6y\u00fcm\u00fcze destek verelim.\u2019 Burada temel ama\u00e7 k\u0131rsalda ya\u015fayan d\u00fc\u015f\u00fck gelirli ailelere istihdam olu\u015fturmak, ekonomilerinin d\u00fczelmesine katk\u0131 sunmak. \u00d6zellikle son d\u00f6nemlerde sadece Mersin\u2019de de\u011fil T\u00fcrkiye\u2019nin her yerinde do\u011fdu\u011fu yerde doymayan ve kentte g\u00f6\u00e7 etmek zorunda olan k\u00f6yl\u00fc vatanda\u015flar\u0131m\u0131z\u0131n do\u011fdu\u011fu yerde doymalar\u0131n\u0131 sa\u011flamak, orada istihdam, gelir edinmelerini sa\u011flama amac\u0131 g\u00fcd\u00fcyoruz. Bir\u00e7ok vatanda\u015f\u0131m\u0131z hayvanc\u0131l\u0131kla u\u011fra\u015f\u0131yor ama ya bir yerde bedel kar\u015f\u0131l\u0131\u011f\u0131 \u00e7al\u0131\u015f\u0131yor yada \u00e7ok k\u00fc\u00e7\u00fck hayvan adetleriyle bu \u00e7al\u0131\u015fmalar\u0131 s\u00fcrd\u00fcrmek zorunda kal\u0131yor. Buradaki temel amac\u0131m\u0131z zaten yoksul, k\u00fc\u00e7\u00fck aile i\u015fletmelerini tespit edip, bunlara yard\u0131m edip, projemizi s\u00fcrd\u00fcrmek istiyoruz\u201d diye konu\u015ftu.\u00a0<\/p>\n<p>&#8220;Proje bedeli 10 milyon 638 bin TL olarak hesapland\u0131&#8221;\u00a0<br \/>\nMersin\u2019de 10 il\u00e7ede projenin uygulanaca\u011f\u0131n\u0131n alt\u0131n\u0131 \u00e7izen Se\u00e7er, \u201c60 yeni yeti\u015ftiriciye 24 di\u015fi 1 erkek k\u00fc\u00e7\u00fckba\u015f hayvan verece\u011fiz. Eyl\u00fcl ay\u0131nda yeti\u015ftiricilerimize yemle birlikte k\u00fc\u00e7\u00fckba\u015f hayvanlar\u0131n\u0131 teslim edece\u011fiz. Bu projede giderler B\u00fcy\u00fck\u015fehir Belediyesi taraf\u0131ndan kar\u015f\u0131lanacak. Bu proje 5 y\u0131ll\u0131k olacak. \u0130lk 2 y\u0131l hayvanlar B\u00fcy\u00fck\u015fehir Belediyesi taraf\u0131ndan verilecek. 3. Y\u0131lla birlikte birinci y\u0131l bizden hayvan alan ailelerin \u00fcrettikleri hayvanlar\u0131 da\u011f\u0131tmaya ba\u015flayaca\u011f\u0131z. Toplamda 5 y\u0131ll\u0131k s\u00fcre\u00e7 i\u00e7erisinde bizim belediyemize bug\u00fcn ki fiyatlarla maliyeti 10 milyon 638 bin lira olarak hesapland\u0131. 5 y\u0131l i\u00e7inde 300 ailemiz bu proje kapsam\u0131nda bizden hayvan, yem al\u0131m\u0131 ve di\u011fer katk\u0131lardan faydalanabilecekler. Bu s\u00fcre\u00e7 sonunda s\u00fcr\u00fc say\u0131m\u0131z 7 bin 500 ba\u015fa ula\u015facak. Projenin Mersin\u2019imize hay\u0131rl\u0131 ve u\u011furlu olmas\u0131n\u0131 diliyorum\u201d \u015feklinde konu\u015ftu.\u00a0<br \/>\nMersin \u0130l Tar\u0131m Ve Orman M\u00fcd\u00fcrl\u00fc\u011f\u00fc \u0130l M\u00fcd\u00fcr\u00fc Vekili Mustafa Nevzat Zayim ise m\u00fcd\u00fcrl\u00fck olarak hayvan hastal\u0131klar\u0131 ve zararlar\u0131 ile m\u00fccadelenin yan\u0131nda yeti\u015ftiricilik faaliyetlerini de desteklediklerini s\u00f6yledi. Bunlardan bir tanesinin k\u0131rsal kalk\u0131nma yat\u0131r\u0131mlar\u0131n\u0131 destekle program\u0131 oldu\u011funu kaydeden Zayim, \u201cBu program\u0131m\u0131zda gerek a\u011f\u0131r i\u015fi teknoloji ve tesisatlar\u0131n\u0131n desteklenmesi, gerek \u00fcr\u00fcnlerin de\u011ferlendirilmesi noktas\u0131nda desteklerimiz mevcut. Bu projede \u00e7ok g\u00fczel bir proje oldu. Projenin hay\u0131rl\u0131 ve u\u011furlu olmas\u0131n\u0131 diyorum\u201d ifadelerini kulland\u0131.\u00a0<br \/>\nMersin Veteriner Hekimler Odas\u0131 Ba\u015fkan\u0131 Bekta\u015f \u015eenay ise oda olarak bu t\u00fcr projelere her t\u00fcrl\u00fc deste\u011fi vereceklerini vurgulayarak, \u201cBiliyoruz ki bu \u00fclke tar\u0131m ve hayvanc\u0131l\u0131kla ayakta kalacak. Sanayile\u015fmeye ge\u00e7meden \u00f6nceki d\u00f6nemlere bakacak olursak, bu \u00fclkenin enflasyon denen bir sorunu yokken, sanayile\u015fmeden sonra enflasyonla tan\u0131\u015ft\u0131k. O y\u00fczden bacas\u0131z fabrikay\u0131 her zaman desteklemek ve aya\u011fa kald\u0131rmak gerekir. Projenin haz\u0131rlanmas\u0131nda eme\u011fi ge\u00e7en herkese te\u015fekk\u00fcr ediyorum\u201d dedi.\u00a0<br \/>\nMersin \u0130li Dam\u0131zl\u0131k Koyun Ke\u00e7i Yeti\u015ftiricileri Birli\u011fi Ba\u015fkan\u0131 Mehmet Akdo\u011fan da projenin hay\u0131rl\u0131 ve u\u011furlu olmas\u0131n\u0131 diledi. Mersin\u2019in tar\u0131m ve hayvanc\u0131l\u0131k anlam\u0131nda \u00f6nemli bir \u015fehir oldu\u011funa dikkat \u00e7eken Akdo\u011fan, \u201c12 ay boyunca tar\u0131msal \u00fcretimin yap\u0131ld\u0131\u011f\u0131 \u015fehrimizde k\u00fc\u00e7\u00fckba\u015f hayvanc\u0131l\u0131kta yo\u011fun olarak yap\u0131lmaktad\u0131r. \u00dclke genelinde ilimiz ilk 5\u2019in aras\u0131nda bulunmaktad\u0131r. Co\u011frafi yap\u0131 a\u00e7\u0131s\u0131ndan Mersin, koyun ve ke\u00e7i yeti\u015ftiricili\u011fine uygun meralara sahip bir co\u011frafyadad\u0131r. N\u00fcfus olarak da b\u00f6lgemizde Y\u00f6r\u00fckler bulunmas\u0131ndan dolay\u0131 k\u00fc\u00e7\u00fck ba\u015f hayvanc\u0131l\u0131k yayg\u0131n bir \u015fekilde yap\u0131lmaktad\u0131r. Projenin ger\u00e7ekle\u015fmesinde eme\u011fi ge\u00e7enlere te\u015fekk\u00fcr ediyorum\u201d diye konu\u015ftu.\u00a0<br \/>\nKonu\u015fmalar\u0131n ard\u0131ndan Se\u00e7er, Zayim, \u015eenay ve Akdo\u011fan taraf\u0131ndan protokol imzaland\u0131.\u00a0<br \/>\n\u00a0<\/p>\n","protected":false},"excerpt":{"rendered":"<p>Mersin B\u00fcy\u00fck\u015fehir Belediyesi taraf\u0131ndan haz\u0131rlanan ve 3 kurumun destek verdi\u011fi projenin protokol\u00fc imzaland\u0131 Mersin B\u00fcy\u00fck\u015fehir Belediyesi taraf\u0131ndan haz\u0131rlanan ve 3 kurumun destek verdi\u011fi &#8216;Hadi Gel K\u00f6y\u00fcm\u00fcze Destek Verelim Projesi&#8217;nin protokol\u00fc &hellip; <a href=\"https:\/\/akdenizolaygazetesi.com\/?p=8062\" class=\"more-link\">Devam\u0131n\u0131 Oku&#8230;<\/a><\/p>\n","protected":false},"author":1,"featured_media":0,"comment_status":"open","ping_status":"open","sticky":false,"template":"","format":"standard","meta":[],"categories":[],"tags":[],"_links":{"self":[{"href":"https:\/\/akdenizolaygazetesi.com\/index.php?rest_route=\/wp\/v2\/posts\/8062"}],"collection":[{"href":"https:\/\/akdenizolaygazetesi.com\/index.php?rest_route=\/wp\/v2\/posts"}],"about":[{"href":"https:\/\/akdenizolaygazetesi.com\/index.php?rest_route=\/wp\/v2\/types\/post"}],"author":[{"embeddable":true,"href":"https:\/\/akdenizolaygazetesi.com\/index.php?rest_route=\/wp\/v2\/users\/1"}],"replies":[{"embeddable":true,"href":"https:\/\/akdenizolaygazetesi.com\/index.php?rest_route=%2Fwp%2Fv2%2Fcomments&post=8062"}],"version-history":[{"count":0,"href":"https:\/\/akdenizolaygazetesi.com\/index.php?rest_route=\/wp\/v2\/posts\/8062\/revisions"}],"wp:attachment":[{"href":"https:\/\/akdenizolaygazetesi.com\/index.php?rest_route=%2Fwp%2Fv2%2Fmedia&parent=8062"}],"wp:term":[{"taxonomy":"category","embeddable":true,"href":"https:\/\/akdenizolaygazetesi.com\/index.php?rest_route=%2Fwp%2Fv2%2Fcategories&post=8062"},{"taxonomy":"post_tag","embeddable":true,"href":"https:\/\/akdenizolaygazetesi.com\/index.php?rest_route=%2Fwp%2Fv2%2Ftags&post=8062"}],"curies":[{"name":"wp","href":"https:\/\/api.w.org\/{rel}","templated":true}]}}