{"id":8063,"date":"2020-11-04T18:28:31","date_gmt":"2020-11-04T15:28:31","guid":{"rendered":"http:\/\/mersinekonomipolitikagazetesi.com\/?p=8063"},"modified":"2020-11-04T18:28:31","modified_gmt":"2020-11-04T15:28:31","slug":"toplu-is-sozlesmesi-uzlasmayla-sonuclandi","status":"publish","type":"post","link":"https:\/\/akdenizolaygazetesi.com\/?p=8063","title":{"rendered":"Toplu i\u015f s\u00f6zle\u015fmesi uzla\u015fmayla sonu\u00e7land\u0131"},"content":{"rendered":"<p>Mersin B\u00fcy\u00fck\u015fehir Belediyesi\u2019nin i\u015ftiraklerinden \u0130mar \u0130n\u015faat A.\u015e. ile D\u0130SK\u2019e ba\u011fl\u0131 Genel-\u0130\u015f Sendikas\u0131 aras\u0131nda s\u00fcrd\u00fcr\u00fclen toplu i\u015f s\u00f6zle\u015fmesi uzla\u015fmayla sonu\u00e7land\u0131. 1187 i\u015f\u00e7iyi kapsayan toplu i\u015f s\u00f6zle\u015fmesi \u0130mar \u0130n\u015faat A.\u015e. Y\u00f6netim Kurulu Ba\u015fkan\u0131 Ali Uyan ile Genel-\u0130\u015f Mersin \u015eube Ba\u015fkan\u0131 Kemal G\u00f6ksoy taraf\u0131ndan imzaland\u0131. T\u0130S imza t\u00f6renine Mersin B\u00fcy\u00fck\u015fehir Belediyesi Genel Sekreter Vekili Olcay Tok ile \u00e7ok say\u0131da i\u015f\u00e7i de kat\u0131ld\u0131.<br \/>\n\u00a0<br \/>\n\u201cBa\u015fkan Se\u00e7er s\u00f6z\u00fcn\u00fc tuttu\u201d<br \/>\n\u00a0<br \/>\nGenel-\u0130\u015f Mersin \u015eube Ba\u015fkan\u0131 Kemal G\u00f6ksoy, T\u0130S s\u00fcrecinin gecikti\u011fini ancak ortaya do\u011fru zemine oturan, i\u015f\u00e7inin lehine olan bir toplu i\u015f s\u00f6zle\u015fmesinin \u00e7\u0131kt\u0131\u011f\u0131n\u0131 s\u00f6yledi.<br \/>\n2019 y\u0131l\u0131n\u0131n Ocak ay\u0131nda, se\u00e7imlerden \u00f6nce bir eylem yapt\u0131klar\u0131n\u0131, a\u00e7\u0131klamaya Ba\u015fkan Vahap Se\u00e7er\u2019in de kat\u0131ld\u0131\u011f\u0131n\u0131 hat\u0131rlatan Kemal G\u00f6ksoy, \u201cO zaman bir ricada bulunduk. \u2018Ba\u015fkan olursan\u0131z emekten yana tavr\u0131n\u0131z\u0131 g\u00f6rmek istiyoruz\u2019 dedik. Ba\u015fkan Vahap Se\u00e7er o zaman \u2018Ku\u015fkunuz olmas\u0131n, demokratik, e\u015fitlik\u00e7i bir \u015fekilde i\u015f\u00e7inin, emek\u00e7inin hakk\u0131n\u0131n adresi Vahap Se\u00e7er\u2019dir\u2019 dedi. Geldi\u011fimiz noktada her t\u00fcrl\u00fc zorlu\u011fa ra\u011fmen Say\u0131n Vahap Se\u00e7er, e\u015fitlik\u00e7i, demokratik bir yakla\u015f\u0131mla toplu i\u015f s\u00f6zle\u015fmemize katk\u0131 sunmu\u015ftur ve elinden geleni yapm\u0131\u015ft\u0131r. Say\u0131n Belediye Ba\u015fkan\u0131m\u0131z\u2019a verdi\u011fi s\u00f6z\u00fc tuttu\u011fu i\u00e7in te\u015fekk\u00fcr ediyorum\u201d dedi.<br \/>\nKemal G\u00f6ksoy, imzalanan s\u00f6zle\u015fme uyar\u0131nca \u0130mar \u0130n\u015faat A.\u015e. b\u00fcnyesinde \u00e7al\u0131\u015fan Mersin B\u00fcy\u00fck\u015fehir Belediyesi i\u015f\u00e7ilerinin en d\u00fc\u015f\u00fck maa\u015f\u0131n\u0131n 3 bin 300 lira olaca\u011f\u0131n\u0131 kaydetti.<br \/>\n\u00a0<br \/>\n\u201c\u0130\u015f\u00e7i ad\u0131na do\u011fru olan\u0131 yapt\u0131k\u201d<br \/>\n\u00a0<br \/>\n\u0130mar \u0130n\u015faat A.\u015e. Y\u00f6netim Kurulu Ba\u015fkan\u0131 Ali Uyan da, \u201cMersin B\u00fcy\u00fck\u015fehir Belediye Ba\u015fkan\u0131m\u0131z, eme\u011fin ve emek\u00e7inin dostu Say\u0131n Vahap Se\u00e7er\u2019in bizlere bir talimat\u0131 vard\u0131. \u2018L\u00fctfen emek\u00e7ilerin hakk\u0131n\u0131, hukukunu koruyacak \u015fekilde masada olunuz\u2019 demi\u015fti. \u00a0Belki biraz ge\u00e7 oldu ama do\u011frusu oldu. Sizlerin ad\u0131na do\u011fru, hakl\u0131 ne kadar karar varsa bunlar\u0131 birlikte konu\u015ftuk ve metin haline getirdik. Bu s\u00fcrece katk\u0131 sunan Say\u0131n Ba\u015fkan\u2019a ve y\u00f6neticilere te\u015fekk\u00fcr ediyorum. Bunun sonunda kazanan emek\u00e7i karde\u015flerimiz oldu\u201d dedi.<br \/>\n\u00a0<br \/>\n\u00c7ocu\u011fu \u00fcniversite kazanan i\u015f\u00e7iye ek \u00f6deme<br \/>\n\u00a0<br \/>\nS\u00f6zle\u015fmeyle i\u015f\u00e7ilerin \u00fccretlerinde ve sosyal haklar\u0131nda iyile\u015ftirmeler yap\u0131ld\u0131\u011f\u0131n\u0131 belirten Ali Uyan, haftal\u0131k \u00e7al\u0131\u015fma saatinin 40 saate d\u00fc\u015f\u00fcr\u00fcld\u00fc\u011f\u00fcn\u00fc, i\u015f\u00e7ilere ayl\u0131k 400 lira g\u0131da yard\u0131m\u0131 yap\u0131lmas\u0131n\u0131n, y\u0131l\u0131n belirli g\u00fcnlerinde ikramiye verilmesinin s\u00f6zle\u015fmede yer ald\u0131\u011f\u0131n\u0131 kaydetti. Uyan, \u201c\u00dcniversite kazanan \u00e7ocu\u011fu olan i\u015f\u00e7iye, her \u00e7ocuk i\u00e7in ilk y\u0131l 275 lira, ikinci y\u0131l i\u00e7in de 300 lira \u00f6deme yap\u0131lacak\u201d dedi.<br \/>\n\u00a0<br \/>\n\u201c\u00c7al\u0131\u015fma bar\u0131\u015f\u0131n\u0131 sa\u011flad\u0131k\u201d<br \/>\n\u00a0<br \/>\nUyan, \u201cMersin B\u00fcy\u00fck\u015fehir Belediyesi \u0130mar \u0130n\u015faat A.\u015e.\u2019yi al\u0131n teriyle, eme\u011fiyle \u00e7al\u0131\u015fan i\u015f\u00e7inin hakk\u0131n\u0131n, hukukunun korundu\u011fu, \u00e7al\u0131\u015fma bar\u0131\u015f\u0131n\u0131n oldu\u011fu, i\u015f\u00e7inin \u00f6rg\u00fctlenme ve kendini geli\u015ftirme hakk\u0131n\u0131n garanti alt\u0131na al\u0131nd\u0131\u011f\u0131, i\u015f\u00e7inin yasalardan gelen t\u00fcm haklar\u0131n\u0131 istisnas\u0131z kullanabildi\u011fi bir kurum haline getirdik. Bu s\u00f6zle\u015fme ile bunu resmile\u015ftirdik\u201d ifadelerini kulland\u0131.<br \/>\nKonu\u015fmalar\u0131n ard\u0131ndan toplu i\u015f s\u00f6zle\u015fmesi imza alt\u0131na al\u0131nd\u0131. Genel-\u0130\u015f \u00fcyesi i\u015f\u00e7iler yeni T\u0130S ile elde ettikleri haklar\u0131 davul \u00e7ald\u0131rarak, me\u015faleler yakarak kutlad\u0131.<\/p>\n","protected":false},"excerpt":{"rendered":"<p>Mersin B\u00fcy\u00fck\u015fehir Belediyesi\u2019nin i\u015ftiraklerinden \u0130mar \u0130n\u015faat A.\u015e. ile D\u0130SK\u2019e ba\u011fl\u0131 Genel-\u0130\u015f Sendikas\u0131 aras\u0131nda s\u00fcrd\u00fcr\u00fclen toplu i\u015f s\u00f6zle\u015fmesi uzla\u015fmayla sonu\u00e7land\u0131. 1187 i\u015f\u00e7iyi kapsayan toplu i\u015f s\u00f6zle\u015fmesi \u0130mar \u0130n\u015faat A.\u015e. Y\u00f6netim Kurulu &hellip; <a href=\"https:\/\/akdenizolaygazetesi.com\/?p=8063\" class=\"more-link\">Devam\u0131n\u0131 Oku&#8230;<\/a><\/p>\n","protected":false},"author":1,"featured_media":0,"comment_status":"open","ping_status":"open","sticky":false,"template":"","format":"standard","meta":[],"categories":[],"tags":[],"_links":{"self":[{"href":"https:\/\/akdenizolaygazetesi.com\/index.php?rest_route=\/wp\/v2\/posts\/8063"}],"collection":[{"href":"https:\/\/akdenizolaygazetesi.com\/index.php?rest_route=\/wp\/v2\/posts"}],"about":[{"href":"https:\/\/akdenizolaygazetesi.com\/index.php?rest_route=\/wp\/v2\/types\/post"}],"author":[{"embeddable":true,"href":"https:\/\/akdenizolaygazetesi.com\/index.php?rest_route=\/wp\/v2\/users\/1"}],"replies":[{"embeddable":true,"href":"https:\/\/akdenizolaygazetesi.com\/index.php?rest_route=%2Fwp%2Fv2%2Fcomments&post=8063"}],"version-history":[{"count":0,"href":"https:\/\/akdenizolaygazetesi.com\/index.php?rest_route=\/wp\/v2\/posts\/8063\/revisions"}],"wp:attachment":[{"href":"https:\/\/akdenizolaygazetesi.com\/index.php?rest_route=%2Fwp%2Fv2%2Fmedia&parent=8063"}],"wp:term":[{"taxonomy":"category","embeddable":true,"href":"https:\/\/akdenizolaygazetesi.com\/index.php?rest_route=%2Fwp%2Fv2%2Fcategories&post=8063"},{"taxonomy":"post_tag","embeddable":true,"href":"https:\/\/akdenizolaygazetesi.com\/index.php?rest_route=%2Fwp%2Fv2%2Ftags&post=8063"}],"curies":[{"name":"wp","href":"https:\/\/api.w.org\/{rel}","templated":true}]}}